{"id":289332,"date":"2024-08-15T19:48:58","date_gmt":"2024-08-15T22:48:58","guid":{"rendered":"https:\/\/www.caririemacao.com\/1\/?p=289332"},"modified":"2024-08-15T19:48:58","modified_gmt":"2024-08-15T22:48:58","slug":"jovem-de-21-anos-e-presa-em-flagrante-por-trafico-de-drogas-no-cariri","status":"publish","type":"post","link":"https:\/\/www.caririemacao.com\/1\/2024\/08\/15\/jovem-de-21-anos-e-presa-em-flagrante-por-trafico-de-drogas-no-cariri\/","title":{"rendered":"Jovem de 21 anos \u00e9 presa em flagrante por tr\u00e1fico de drogas no Cariri"},"content":{"rendered":"<p>Na manh\u00e3 desta \u00faltima quarta feira, 14, a cidade de Monteiro foi palco de uma opera\u00e7\u00e3o significativa contra o tr\u00e1fico de drogas. O Grupo T\u00e1tico Especial de Monteiro, com o apoio das Delegacias de Monteiro e Sum\u00e9, cumpriu quatro mandados de busca e apreens\u00e3o visando alvos envolvidos no tr\u00e1fico de entorpecentes.<\/p>\n<p>Durante as buscas, a 14\u00aa Seccional de Monteiro obteve sucesso ao realizar uma pris\u00e3o em flagrante. A autuada, uma jovem de 21 anos, foi encontrada em sua resid\u00eancia localizada atr\u00e1s da Churrascaria Cariri. No local, os policiais apreenderam 28 pinos contendo coca\u00edna, al\u00e9m de uma quantidade de maconha.<\/p>\n<p>Al\u00e9m disso, foram recolhidos um caderno de anota\u00e7\u00f5es que detalhava a venda de drogas, uma balan\u00e7a de precis\u00e3o, centenas de pinos vazios para acondicionamento e quase um quilo de um p\u00f3 branco, usado para misturar com a droga.<\/p>\n<p>As evid\u00eancias confirmam o envolvimento da jovem com o tr\u00e1fico de drogas, fortalecendo a a\u00e7\u00e3o policial e intensificando a luta contra o crime organizado na regi\u00e3o. A opera\u00e7\u00e3o demonstra a efic\u00e1cia das for\u00e7as de seguran\u00e7a de Monteiro em monitorar e desmantelar atividades il\u00edcitas na cidade.<\/p>\n<p>A Pol\u00edcia Civil de Monteiro permanece vigilante e ativa na sua miss\u00e3o de combater o tr\u00e1fico de drogas. A institui\u00e7\u00e3o tamb\u00e9m refor\u00e7a a import\u00e2ncia da colabora\u00e7\u00e3o da popula\u00e7\u00e3o, incentivando os cidad\u00e3os a fazerem den\u00fancias atrav\u00e9s do telefone 197.<\/p>\n<p>A coopera\u00e7\u00e3o comunit\u00e1ria \u00e9 vital para garantir a seguran\u00e7a p\u00fablica e o bem-estar dos moradores.<\/p>\n<p>&nbsp;<\/p>\n<p><strong>CARIRI EM A\u00c7\u00c3O<\/strong><\/p>\n<p><em>Com O Pipoco<\/em><\/p>\n","protected":false},"excerpt":{"rendered":"<p>Na manh\u00e3 desta \u00faltima quarta feira, 14, a cidade de Monteiro foi palco de uma opera\u00e7\u00e3o significativa contra o tr\u00e1fico de drogas. O Grupo T\u00e1tico Especial de Monteiro, com o apoio das Delegacias de Monteiro e Sum\u00e9, cumpriu quatro mandados de busca e apreens\u00e3o visando alvos envolvidos no tr\u00e1fico de entorpecentes. Durante as buscas, a 14\u00aa Seccional de Monteiro obteve sucesso ao realizar uma pris\u00e3o em flagrante. A autuada, uma jovem de 21 anos, foi encontrada em sua resid\u00eancia localizada atr\u00e1s da Churrascaria Cariri. No local, os policiais apreenderam 28 pinos contendo coca\u00edna, al\u00e9m de uma quantidade de maconha. Al\u00e9m disso, foram recolhidos um caderno de anota\u00e7\u00f5es que detalhava a venda de drogas, uma balan\u00e7a de precis\u00e3o, centenas de pinos vazios para acondicionamento e quase um quilo de um p\u00f3 branco, usado para misturar com a droga. As evid\u00eancias confirmam o envolvimento da jovem com o tr\u00e1fico de drogas, fortalecendo a a\u00e7\u00e3o policial e intensificando a luta contra o crime organizado na regi\u00e3o. A opera\u00e7\u00e3o demonstra a efic\u00e1cia das for\u00e7as de seguran\u00e7a de Monteiro em monitorar e desmantelar atividades il\u00edcitas na cidade. A Pol\u00edcia Civil de Monteiro permanece vigilante e ativa na sua miss\u00e3o de combater o tr\u00e1fico de drogas. A institui\u00e7\u00e3o tamb\u00e9m refor\u00e7a a import\u00e2ncia da colabora\u00e7\u00e3o da popula\u00e7\u00e3o, incentivando os cidad\u00e3os a fazerem den\u00fancias atrav\u00e9s do telefone 197. A coopera\u00e7\u00e3o comunit\u00e1ria \u00e9 vital para garantir a seguran\u00e7a p\u00fablica e o bem-estar dos moradores. &nbsp; CARIRI EM A\u00c7\u00c3O Com O Pipoco<\/p>\n","protected":false},"author":6,"featured_media":289333,"comment_status":"closed","ping_status":"closed","sticky":false,"template":"","format":"standard","meta":{"sfsi_plus_gutenberg_text_before_share":"","sfsi_plus_gutenberg_show_text_before_share":"","sfsi_plus_gutenberg_icon_type":"","sfsi_plus_gutenberg_icon_alignemt":"","sfsi_plus_gutenburg_max_per_row":"","footnotes":""},"categories":[106,50],"tags":[],"class_list":["post-289332","post","type-post","status-publish","format-standard","has-post-thumbnail","hentry","category-cariri","category-destaque"],"_links":{"self":[{"href":"https:\/\/www.caririemacao.com\/1\/wp-json\/wp\/v2\/posts\/289332","targetHints":{"allow":["GET"]}}],"collection":[{"href":"https:\/\/www.caririemacao.com\/1\/wp-json\/wp\/v2\/posts"}],"about":[{"href":"https:\/\/www.caririemacao.com\/1\/wp-json\/wp\/v2\/types\/post"}],"author":[{"embeddable":true,"href":"https:\/\/www.caririemacao.com\/1\/wp-json\/wp\/v2\/users\/6"}],"replies":[{"embeddable":true,"href":"https:\/\/www.caririemacao.com\/1\/wp-json\/wp\/v2\/comments?post=289332"}],"version-history":[{"count":1,"href":"https:\/\/www.caririemacao.com\/1\/wp-json\/wp\/v2\/posts\/289332\/revisions"}],"predecessor-version":[{"id":289334,"href":"https:\/\/www.caririemacao.com\/1\/wp-json\/wp\/v2\/posts\/289332\/revisions\/289334"}],"wp:featuredmedia":[{"embeddable":true,"href":"https:\/\/www.caririemacao.com\/1\/wp-json\/wp\/v2\/media\/289333"}],"wp:attachment":[{"href":"https:\/\/www.caririemacao.com\/1\/wp-json\/wp\/v2\/media?parent=289332"}],"wp:term":[{"taxonomy":"category","embeddable":true,"href":"https:\/\/www.caririemacao.com\/1\/wp-json\/wp\/v2\/categories?post=289332"},{"taxonomy":"post_tag","embeddable":true,"href":"https:\/\/www.caririemacao.com\/1\/wp-json\/wp\/v2\/tags?post=289332"}],"curies":[{"name":"wp","href":"https:\/\/api.w.org\/{rel}","templated":true}]}}