{"id":289558,"date":"2024-08-23T15:20:51","date_gmt":"2024-08-23T18:20:51","guid":{"rendered":"https:\/\/www.caririemacao.com\/1\/?p=289558"},"modified":"2024-08-23T15:20:51","modified_gmt":"2024-08-23T18:20:51","slug":"candidato-a-reeleicao-bira-mariano-realiza-adesivaco-em-camalau-neste-sabado","status":"publish","type":"post","link":"https:\/\/www.caririemacao.com\/1\/2024\/08\/23\/candidato-a-reeleicao-bira-mariano-realiza-adesivaco-em-camalau-neste-sabado\/","title":{"rendered":"Candidato \u00e0 reelei\u00e7\u00e3o, Bira Mariano, realiza adesiva\u00e7o em Camala\u00fa neste s\u00e1bado"},"content":{"rendered":"<p>Neste s\u00e1bado, dia 24 de agosto, o candidato \u00e0 reelei\u00e7\u00e3o para prefeito de Camala\u00fa, Bira Mariano, juntamente com seu vice, Gilberto do Posto, promover\u00e1 um grande adesiva\u00e7o na cidade.<\/p>\n<p>A concentra\u00e7\u00e3o est\u00e1 marcada para as 16 horas na entrada da cidade, em frente \u00e0 casa de Tot\u00f3. O adesiva\u00e7o ter\u00e1 in\u00edcio na avenida S\u00e3o Jos\u00e9, em frente ao comit\u00ea de campanha, que fica localizado em frente \u00e0 pra\u00e7a de Eventos.<\/p>\n<p>Bira Mariano fez quest\u00e3o de convidar os correligion\u00e1rios para participar do evento e ressaltou a import\u00e2ncia da milit\u00e2ncia no ato pol\u00edtico.<\/p>\n<p>\u201cEstamos contando com a presen\u00e7a de todos os nossos apoiadores neste s\u00e1bado. Tragam sua energia e entusiasmo para que possamos juntos fortalecer nossa campanha. A participa\u00e7\u00e3o de cada um de voc\u00eas \u00e9 essencial para mostrarmos a for\u00e7a do nosso grupo. Vamos juntos fazer deste adesiva\u00e7o um grande sucesso,\u201d ressaltou.<\/p>\n","protected":false},"excerpt":{"rendered":"<p>Neste s\u00e1bado, dia 24 de agosto, o candidato \u00e0 reelei\u00e7\u00e3o para prefeito de Camala\u00fa, Bira Mariano, juntamente com seu vice, Gilberto do Posto, promover\u00e1 um grande adesiva\u00e7o na cidade. A concentra\u00e7\u00e3o est\u00e1 marcada para as 16 horas na entrada da cidade, em frente \u00e0 casa de Tot\u00f3. O adesiva\u00e7o ter\u00e1 in\u00edcio na avenida S\u00e3o Jos\u00e9, em frente ao comit\u00ea de campanha, que fica localizado em frente \u00e0 pra\u00e7a de Eventos. Bira Mariano fez quest\u00e3o de convidar os correligion\u00e1rios para participar do evento e ressaltou a import\u00e2ncia da milit\u00e2ncia no ato pol\u00edtico. \u201cEstamos contando com a presen\u00e7a de todos os nossos apoiadores neste s\u00e1bado. Tragam sua energia e entusiasmo para que possamos juntos fortalecer nossa campanha. A participa\u00e7\u00e3o de cada um de voc\u00eas \u00e9 essencial para mostrarmos a for\u00e7a do nosso grupo. Vamos juntos fazer deste adesiva\u00e7o um grande sucesso,\u201d ressaltou.<\/p>\n","protected":false},"author":6,"featured_media":289559,"comment_status":"closed","ping_status":"closed","sticky":false,"template":"","format":"standard","meta":{"sfsi_plus_gutenberg_text_before_share":"","sfsi_plus_gutenberg_show_text_before_share":"","sfsi_plus_gutenberg_icon_type":"","sfsi_plus_gutenberg_icon_alignemt":"","sfsi_plus_gutenburg_max_per_row":"","footnotes":""},"categories":[71,50],"tags":[],"class_list":["post-289558","post","type-post","status-publish","format-standard","has-post-thumbnail","hentry","category-camalau","category-destaque"],"_links":{"self":[{"href":"https:\/\/www.caririemacao.com\/1\/wp-json\/wp\/v2\/posts\/289558","targetHints":{"allow":["GET"]}}],"collection":[{"href":"https:\/\/www.caririemacao.com\/1\/wp-json\/wp\/v2\/posts"}],"about":[{"href":"https:\/\/www.caririemacao.com\/1\/wp-json\/wp\/v2\/types\/post"}],"author":[{"embeddable":true,"href":"https:\/\/www.caririemacao.com\/1\/wp-json\/wp\/v2\/users\/6"}],"replies":[{"embeddable":true,"href":"https:\/\/www.caririemacao.com\/1\/wp-json\/wp\/v2\/comments?post=289558"}],"version-history":[{"count":1,"href":"https:\/\/www.caririemacao.com\/1\/wp-json\/wp\/v2\/posts\/289558\/revisions"}],"predecessor-version":[{"id":289560,"href":"https:\/\/www.caririemacao.com\/1\/wp-json\/wp\/v2\/posts\/289558\/revisions\/289560"}],"wp:featuredmedia":[{"embeddable":true,"href":"https:\/\/www.caririemacao.com\/1\/wp-json\/wp\/v2\/media\/289559"}],"wp:attachment":[{"href":"https:\/\/www.caririemacao.com\/1\/wp-json\/wp\/v2\/media?parent=289558"}],"wp:term":[{"taxonomy":"category","embeddable":true,"href":"https:\/\/www.caririemacao.com\/1\/wp-json\/wp\/v2\/categories?post=289558"},{"taxonomy":"post_tag","embeddable":true,"href":"https:\/\/www.caririemacao.com\/1\/wp-json\/wp\/v2\/tags?post=289558"}],"curies":[{"name":"wp","href":"https:\/\/api.w.org\/{rel}","templated":true}]}}