{"id":289742,"date":"2024-08-29T20:10:19","date_gmt":"2024-08-29T23:10:19","guid":{"rendered":"https:\/\/www.caririemacao.com\/1\/?p=289742"},"modified":"2024-08-29T20:10:19","modified_gmt":"2024-08-29T23:10:19","slug":"candidata-a-prefeita-de-sertania-pollyana-abreu-e-governadora-raquel-lyra-lamenta-atentado-contra-o-prefeito-angelo-ferreira","status":"publish","type":"post","link":"https:\/\/www.caririemacao.com\/1\/2024\/08\/29\/candidata-a-prefeita-de-sertania-pollyana-abreu-e-governadora-raquel-lyra-lamenta-atentado-contra-o-prefeito-angelo-ferreira\/","title":{"rendered":"Candidata a prefeita de Sert\u00e2nia, Pollyana Abreu e governadora Raquel Lyra, lamenta atentado contra o prefeito \u00c2ngelo Ferreira"},"content":{"rendered":"<p>Ap\u00f3s o incidente ocorrido na tarde desta quinta-feira, dia 29, envolvendo o prefeito do munic\u00edpio de Sert\u00e2nia, \u00c2ngelo Ferreira, a candidata a prefeita do PSDB, Pollyanna Abreu, usou suas redes sociais e emitiu uma nota de rep\u00fadio lamentando o fato quando, segundo informa\u00e7\u00f5es, ap\u00f3s uma r\u00e1pida discuss\u00e3o, o mesmo foi atingindo de forma superficial, por uma facada desferida por um empres\u00e1rio sertaniense,<\/p>\n<p>Em sua declara\u00e7\u00e3o, Pollyanna expressa indigna\u00e7\u00e3o e profunda tristeza pelo ocorrido, destacando que, embora \u00c2ngelo Ferreira se ja seu advers\u00e1rio pol\u00edtico, nunca o considerou um inimigo.<\/p>\n<p><img fetchpriority=\"high\" decoding=\"async\" class=\"wp-image-12313 aligncenter\" src=\"https:\/\/tribunadomoxoto.com\/novosite\/wp-content\/uploads\/2024\/08\/Imagem-do-WhatsApp-de-2024-08-29-%C3%A0s-17.35.42_e6a9213d.jpg\" sizes=\"(max-width: 423px) 100vw, 423px\" srcset=\"https:\/\/tribunadomoxoto.com\/novosite\/wp-content\/uploads\/2024\/08\/Imagem-do-WhatsApp-de-2024-08-29-\u00e0s-17.35.42_e6a9213d.jpg 540w, https:\/\/tribunadomoxoto.com\/novosite\/wp-content\/uploads\/2024\/08\/Imagem-do-WhatsApp-de-2024-08-29-\u00e0s-17.35.42_e6a9213d-241x300.jpg 241w\" alt=\"\" width=\"423\" height=\"526\" \/><\/p>\n<p>Pollyanna reitera que\u00a0nada justifica um crime dessa magnitude e que n\u00e3o compactua com qualquer tipo de conduta violenta. Desde o in\u00edcio de sua campanha, a candidata tem enfatizado a import\u00e2ncia de uma pol\u00edtica baseada na dignidade e no respeito, valores que, segundo ela, precisam prevalecer em qualquer disputa.<\/p>\n<p>Por fim, Pollyanna Abreu se solidariza com \u00c2ngelo Ferreira e sua fam\u00edlia, desejando que o prefeito consiga superar esse momento dif\u00edcil.<\/p>\n<p>J\u00e1 a governadora Raquel Lyra usou tamb\u00e9m de suas redes sociais e lamentou o ocorrido dizendo que soube do atentado ocorrido contra o prefeito e que est\u00e1 acompanhando de perto seu estado de sa\u00fade e rezando por sua recupera\u00e7\u00e3o.<\/p>\n<p><img decoding=\"async\" class=\"alignnone size-large wp-image-12314\" src=\"https:\/\/tribunadomoxoto.com\/novosite\/wp-content\/uploads\/2024\/08\/Imagem-do-WhatsApp-de-2024-08-29-%C3%A0s-16.25.59_6ca52a6c-1024x735.jpg\" sizes=\"(max-width: 1024px) 100vw, 1024px\" srcset=\"https:\/\/tribunadomoxoto.com\/novosite\/wp-content\/uploads\/2024\/08\/Imagem-do-WhatsApp-de-2024-08-29-\u00e0s-16.25.59_6ca52a6c-1024x735.jpg 1024w, https:\/\/tribunadomoxoto.com\/novosite\/wp-content\/uploads\/2024\/08\/Imagem-do-WhatsApp-de-2024-08-29-\u00e0s-16.25.59_6ca52a6c-300x215.jpg 300w, https:\/\/tribunadomoxoto.com\/novosite\/wp-content\/uploads\/2024\/08\/Imagem-do-WhatsApp-de-2024-08-29-\u00e0s-16.25.59_6ca52a6c-768x551.jpg 768w, https:\/\/tribunadomoxoto.com\/novosite\/wp-content\/uploads\/2024\/08\/Imagem-do-WhatsApp-de-2024-08-29-\u00e0s-16.25.59_6ca52a6c.jpg 1080w\" alt=\"\" width=\"1024\" height=\"735\" \/><\/p>\n<p>Raquel tamb\u00e9m salienta na nota que a secretaria de Defesa social est\u00e1 atuando no caso com determina\u00e7\u00e3o de apura\u00e7\u00e3o rigorosa.<\/p>\n<p>Segundo algumas informa\u00e7\u00f5es que correm nas redes sociais, atrav\u00e9s de \u00e1udios de pessoas ligadas ao prefeito de Sert\u00e2nia, ele n\u00e3o corre risco de morte e que segue em observa\u00e7\u00e3o se submetendo a exames.<\/p>\n<p>A respeito do fato a pol\u00edcia civil abriu procedimento para apurar. As c\u00e2maras no entorno de onde ocorreu o fato dever\u00e1 esclarecer como tudo ocorreu.<\/p>\n","protected":false},"excerpt":{"rendered":"<p>Ap\u00f3s o incidente ocorrido na tarde desta quinta-feira, dia 29, envolvendo o prefeito do munic\u00edpio de Sert\u00e2nia, \u00c2ngelo Ferreira, a candidata a prefeita do PSDB, Pollyanna Abreu, usou suas redes sociais e emitiu uma nota de rep\u00fadio lamentando o fato quando, segundo informa\u00e7\u00f5es, ap\u00f3s uma r\u00e1pida discuss\u00e3o, o mesmo foi atingindo de forma superficial, por uma facada desferida por um empres\u00e1rio sertaniense, Em sua declara\u00e7\u00e3o, Pollyanna expressa indigna\u00e7\u00e3o e profunda tristeza pelo ocorrido, destacando que, embora \u00c2ngelo Ferreira se ja seu advers\u00e1rio pol\u00edtico, nunca o considerou um inimigo. Pollyanna reitera que\u00a0nada justifica um crime dessa magnitude e que n\u00e3o compactua com qualquer tipo de conduta violenta. Desde o in\u00edcio de sua campanha, a candidata tem enfatizado a import\u00e2ncia de uma pol\u00edtica baseada na dignidade e no respeito, valores que, segundo ela, precisam prevalecer em qualquer disputa. Por fim, Pollyanna Abreu se solidariza com \u00c2ngelo Ferreira e sua fam\u00edlia, desejando que o prefeito consiga superar esse momento dif\u00edcil. J\u00e1 a governadora Raquel Lyra usou tamb\u00e9m de suas redes sociais e lamentou o ocorrido dizendo que soube do atentado ocorrido contra o prefeito e que est\u00e1 acompanhando de perto seu estado de sa\u00fade e rezando por sua recupera\u00e7\u00e3o. Raquel tamb\u00e9m salienta na nota que a secretaria de Defesa social est\u00e1 atuando no caso com determina\u00e7\u00e3o de apura\u00e7\u00e3o rigorosa. Segundo algumas informa\u00e7\u00f5es que correm nas redes sociais, atrav\u00e9s de \u00e1udios de pessoas ligadas ao prefeito de Sert\u00e2nia, ele n\u00e3o corre risco de morte e que segue em observa\u00e7\u00e3o se submetendo a exames. A respeito do fato a pol\u00edcia civil abriu procedimento para apurar. As c\u00e2maras no entorno de onde ocorreu o fato dever\u00e1 esclarecer como tudo ocorreu.<\/p>\n","protected":false},"author":6,"featured_media":289743,"comment_status":"closed","ping_status":"closed","sticky":false,"template":"","format":"standard","meta":{"sfsi_plus_gutenberg_text_before_share":"","sfsi_plus_gutenberg_show_text_before_share":"","sfsi_plus_gutenberg_icon_type":"","sfsi_plus_gutenberg_icon_alignemt":"","sfsi_plus_gutenburg_max_per_row":"","footnotes":""},"categories":[50,125],"tags":[],"class_list":["post-289742","post","type-post","status-publish","format-standard","has-post-thumbnail","hentry","category-destaque","category-pernambuco"],"_links":{"self":[{"href":"https:\/\/www.caririemacao.com\/1\/wp-json\/wp\/v2\/posts\/289742","targetHints":{"allow":["GET"]}}],"collection":[{"href":"https:\/\/www.caririemacao.com\/1\/wp-json\/wp\/v2\/posts"}],"about":[{"href":"https:\/\/www.caririemacao.com\/1\/wp-json\/wp\/v2\/types\/post"}],"author":[{"embeddable":true,"href":"https:\/\/www.caririemacao.com\/1\/wp-json\/wp\/v2\/users\/6"}],"replies":[{"embeddable":true,"href":"https:\/\/www.caririemacao.com\/1\/wp-json\/wp\/v2\/comments?post=289742"}],"version-history":[{"count":1,"href":"https:\/\/www.caririemacao.com\/1\/wp-json\/wp\/v2\/posts\/289742\/revisions"}],"predecessor-version":[{"id":289744,"href":"https:\/\/www.caririemacao.com\/1\/wp-json\/wp\/v2\/posts\/289742\/revisions\/289744"}],"wp:featuredmedia":[{"embeddable":true,"href":"https:\/\/www.caririemacao.com\/1\/wp-json\/wp\/v2\/media\/289743"}],"wp:attachment":[{"href":"https:\/\/www.caririemacao.com\/1\/wp-json\/wp\/v2\/media?parent=289742"}],"wp:term":[{"taxonomy":"category","embeddable":true,"href":"https:\/\/www.caririemacao.com\/1\/wp-json\/wp\/v2\/categories?post=289742"},{"taxonomy":"post_tag","embeddable":true,"href":"https:\/\/www.caririemacao.com\/1\/wp-json\/wp\/v2\/tags?post=289742"}],"curies":[{"name":"wp","href":"https:\/\/api.w.org\/{rel}","templated":true}]}}