{"id":289934,"date":"2024-09-05T09:16:29","date_gmt":"2024-09-05T12:16:29","guid":{"rendered":"https:\/\/www.caririemacao.com\/1\/?p=289934"},"modified":"2024-09-05T09:16:29","modified_gmt":"2024-09-05T12:16:29","slug":"gravado-em-cabaceiras-prefeito-gabiru-mostra-um-outro-lado-que-vai-alem-da-politica-o-de-romantico","status":"publish","type":"post","link":"https:\/\/www.caririemacao.com\/1\/2024\/09\/05\/gravado-em-cabaceiras-prefeito-gabiru-mostra-um-outro-lado-que-vai-alem-da-politica-o-de-romantico\/","title":{"rendered":"Gravado em Cabaceiras, prefeito Gabiru mostra um outro lado que vai al\u00e9m da pol\u00edtica, o de \u2018rom\u00e2ntico"},"content":{"rendered":"<p>Lan\u00e7ado nesta quarta-feira (04\/09), o terceiro epis\u00f3dio \u2018Gabiru rom\u00e2ntico\u2019, da webs\u00e9rie\u00a0 \u2018E se tudo fosse gravado\u2019, mostra um lado de Gabiru, prefeito de Barro Vermelho do Serid\u00f3, que vai al\u00e9m da pol\u00edtica.<\/p>\n<p>Idealizado pelo humorista Alan Smith, \u2018E se tudo fosse gravado\u2019 narra a hist\u00f3ria fict\u00edcia de um gestor candidato \u00e0 reelei\u00e7\u00e3o em uma pequena cidade do interior do Brasil e que faz de tudo para se manter no poder.<\/p>\n<p>A trama conta com a participa\u00e7\u00e3o de v\u00e1rios influenciadores digitais e foi gravada em Cabaceiras, cidade do interior paraibano e conhecida por Roli\u00fade Nordestina.<\/p>\n<p><strong>Assista:<\/strong><\/p>\n<p><iframe id=\"instagram-embed-0\" class=\"instagram-media instagram-media-rendered\" src=\"https:\/\/www.instagram.com\/reel\/C_gne6ePMrB\/embed\/captioned\/?cr=1&amp;v=14&amp;wp=1194&amp;rd=https%3A%2F%2Fwww.paraibamix.com.br&amp;rp=%2Fgravado-em-cabaceiras-prefeito-gabiru-mostra-um-outro-lado-que-vai-alem-da-politica-o-de-romantico-veja-o-video%2F#%7B%22ci%22%3A0%2C%22os%22%3A1082%2C%22ls%22%3A588%2C%22le%22%3A1074%7D\" height=\"881\" frameborder=\"0\" scrolling=\"no\" allowfullscreen=\"allowfullscreen\" data-instgrm-payload-id=\"instagram-media-payload-0\" data-mce-fragment=\"1\"><\/iframe><\/p>\n","protected":false},"excerpt":{"rendered":"<p>Lan\u00e7ado nesta quarta-feira (04\/09), o terceiro epis\u00f3dio \u2018Gabiru rom\u00e2ntico\u2019, da webs\u00e9rie\u00a0 \u2018E se tudo fosse gravado\u2019, mostra um lado de Gabiru, prefeito de Barro Vermelho do Serid\u00f3, que vai al\u00e9m da pol\u00edtica. Idealizado pelo humorista Alan Smith, \u2018E se tudo fosse gravado\u2019 narra a hist\u00f3ria fict\u00edcia de um gestor candidato \u00e0 reelei\u00e7\u00e3o em uma pequena cidade do interior do Brasil e que faz de tudo para se manter no poder. A trama conta com a participa\u00e7\u00e3o de v\u00e1rios influenciadores digitais e foi gravada em Cabaceiras, cidade do interior paraibano e conhecida por Roli\u00fade Nordestina. Assista:<\/p>\n","protected":false},"author":6,"featured_media":289935,"comment_status":"closed","ping_status":"closed","sticky":false,"template":"","format":"standard","meta":{"sfsi_plus_gutenberg_text_before_share":"","sfsi_plus_gutenberg_show_text_before_share":"","sfsi_plus_gutenberg_icon_type":"","sfsi_plus_gutenberg_icon_alignemt":"","sfsi_plus_gutenburg_max_per_row":"","footnotes":""},"categories":[70,50],"tags":[],"class_list":["post-289934","post","type-post","status-publish","format-standard","has-post-thumbnail","hentry","category-cabaceiras","category-destaque"],"_links":{"self":[{"href":"https:\/\/www.caririemacao.com\/1\/wp-json\/wp\/v2\/posts\/289934","targetHints":{"allow":["GET"]}}],"collection":[{"href":"https:\/\/www.caririemacao.com\/1\/wp-json\/wp\/v2\/posts"}],"about":[{"href":"https:\/\/www.caririemacao.com\/1\/wp-json\/wp\/v2\/types\/post"}],"author":[{"embeddable":true,"href":"https:\/\/www.caririemacao.com\/1\/wp-json\/wp\/v2\/users\/6"}],"replies":[{"embeddable":true,"href":"https:\/\/www.caririemacao.com\/1\/wp-json\/wp\/v2\/comments?post=289934"}],"version-history":[{"count":1,"href":"https:\/\/www.caririemacao.com\/1\/wp-json\/wp\/v2\/posts\/289934\/revisions"}],"predecessor-version":[{"id":289936,"href":"https:\/\/www.caririemacao.com\/1\/wp-json\/wp\/v2\/posts\/289934\/revisions\/289936"}],"wp:featuredmedia":[{"embeddable":true,"href":"https:\/\/www.caririemacao.com\/1\/wp-json\/wp\/v2\/media\/289935"}],"wp:attachment":[{"href":"https:\/\/www.caririemacao.com\/1\/wp-json\/wp\/v2\/media?parent=289934"}],"wp:term":[{"taxonomy":"category","embeddable":true,"href":"https:\/\/www.caririemacao.com\/1\/wp-json\/wp\/v2\/categories?post=289934"},{"taxonomy":"post_tag","embeddable":true,"href":"https:\/\/www.caririemacao.com\/1\/wp-json\/wp\/v2\/tags?post=289934"}],"curies":[{"name":"wp","href":"https:\/\/api.w.org\/{rel}","templated":true}]}}