{"id":290063,"date":"2024-09-09T09:06:44","date_gmt":"2024-09-09T12:06:44","guid":{"rendered":"https:\/\/www.caririemacao.com\/1\/?p=290063"},"modified":"2024-09-09T09:06:44","modified_gmt":"2024-09-09T12:06:44","slug":"homem-invade-trio-toma-microfone-e-empurra-candidato-a-prefeito-na-cidade-de-tenorio","status":"publish","type":"post","link":"https:\/\/www.caririemacao.com\/1\/2024\/09\/09\/homem-invade-trio-toma-microfone-e-empurra-candidato-a-prefeito-na-cidade-de-tenorio\/","title":{"rendered":"Homem invade trio, toma microfone e empurra candidato a prefeito na cidade de Ten\u00f3rio"},"content":{"rendered":"<p>Um fato inusitado, aconteceu na noite de ontem, s\u00e1bado dia 07 de setembro, na cidade de Ten\u00f3rio, no cariri paraibano.<\/p>\n<p>Um com\u00edcio, promovido pela Coliga\u00e7\u00e3o Alian\u00e7a Pelo Trabalho, que tem como candidato a prefeito Manoel Vasconcelos (Republicanos), e como sua vice, Janine Anjos (Uni\u00e3o Brasil), acontecia na Rua In\u00e1cio Mota. O com\u00edcio transcorria na perfeita tranquilidade, quando de repente um homem subiu no trio, tomou o microfone e empurrou o candidato Manoel Vasconcelos, que estava discursando para os seus apoiadores. Ap\u00f3s o fato ocorrido, o invasor foi contido por populares.<\/p>\n<p>De repente, v\u00e1rias pessoas assustadas com a situa\u00e7\u00e3o, se aglomeraram por traz do trio, solicitando o apoio da Pol\u00edcia, para que fosse estabelecida a tranquilidade. O receio de algumas pessoas presentes \u00e9 que foi falada a possibilidade desse homem portar uma arma branca, por\u00e9m o fato n\u00e3o foi confirmado oficialmente.<\/p>\n<p>Diante do fato ocorrido, o com\u00edcio foi interrompido, pois n\u00e3o havia mais condi\u00e7\u00f5es do candidato Manoel Vasconcelos, continuar com o seu discurso, como tamb\u00e9m, das pessoas permanecerem ali presentes.<\/p>\n<p>Nossa reportagem entrou em contato com o candidato a prefeito Manoel Vasconcelos, que disse o seguinte: \u201cEstava discursando, quando fui surpreendido por esse senhor, que tomou o microfone das minhas m\u00e3os, e me empurrou\u201d, explicou.<\/p>\n<p><em>Com Blog do Hamilton Silva<\/em><\/p>\n","protected":false},"excerpt":{"rendered":"<p>Um fato inusitado, aconteceu na noite de ontem, s\u00e1bado dia 07 de setembro, na cidade de Ten\u00f3rio, no cariri paraibano. Um com\u00edcio, promovido pela Coliga\u00e7\u00e3o Alian\u00e7a Pelo Trabalho, que tem como candidato a prefeito Manoel Vasconcelos (Republicanos), e como sua vice, Janine Anjos (Uni\u00e3o Brasil), acontecia na Rua In\u00e1cio Mota. O com\u00edcio transcorria na perfeita tranquilidade, quando de repente um homem subiu no trio, tomou o microfone e empurrou o candidato Manoel Vasconcelos, que estava discursando para os seus apoiadores. Ap\u00f3s o fato ocorrido, o invasor foi contido por populares. De repente, v\u00e1rias pessoas assustadas com a situa\u00e7\u00e3o, se aglomeraram por traz do trio, solicitando o apoio da Pol\u00edcia, para que fosse estabelecida a tranquilidade. O receio de algumas pessoas presentes \u00e9 que foi falada a possibilidade desse homem portar uma arma branca, por\u00e9m o fato n\u00e3o foi confirmado oficialmente. Diante do fato ocorrido, o com\u00edcio foi interrompido, pois n\u00e3o havia mais condi\u00e7\u00f5es do candidato Manoel Vasconcelos, continuar com o seu discurso, como tamb\u00e9m, das pessoas permanecerem ali presentes. Nossa reportagem entrou em contato com o candidato a prefeito Manoel Vasconcelos, que disse o seguinte: \u201cEstava discursando, quando fui surpreendido por esse senhor, que tomou o microfone das minhas m\u00e3os, e me empurrou\u201d, explicou. Com Blog do Hamilton Silva<\/p>\n","protected":false},"author":6,"featured_media":290064,"comment_status":"closed","ping_status":"closed","sticky":false,"template":"","format":"standard","meta":{"sfsi_plus_gutenberg_text_before_share":"","sfsi_plus_gutenberg_show_text_before_share":"","sfsi_plus_gutenberg_icon_type":"","sfsi_plus_gutenberg_icon_alignemt":"","sfsi_plus_gutenburg_max_per_row":"","footnotes":""},"categories":[50,2],"tags":[],"class_list":["post-290063","post","type-post","status-publish","format-standard","has-post-thumbnail","hentry","category-destaque","category-geral"],"_links":{"self":[{"href":"https:\/\/www.caririemacao.com\/1\/wp-json\/wp\/v2\/posts\/290063","targetHints":{"allow":["GET"]}}],"collection":[{"href":"https:\/\/www.caririemacao.com\/1\/wp-json\/wp\/v2\/posts"}],"about":[{"href":"https:\/\/www.caririemacao.com\/1\/wp-json\/wp\/v2\/types\/post"}],"author":[{"embeddable":true,"href":"https:\/\/www.caririemacao.com\/1\/wp-json\/wp\/v2\/users\/6"}],"replies":[{"embeddable":true,"href":"https:\/\/www.caririemacao.com\/1\/wp-json\/wp\/v2\/comments?post=290063"}],"version-history":[{"count":1,"href":"https:\/\/www.caririemacao.com\/1\/wp-json\/wp\/v2\/posts\/290063\/revisions"}],"predecessor-version":[{"id":290065,"href":"https:\/\/www.caririemacao.com\/1\/wp-json\/wp\/v2\/posts\/290063\/revisions\/290065"}],"wp:featuredmedia":[{"embeddable":true,"href":"https:\/\/www.caririemacao.com\/1\/wp-json\/wp\/v2\/media\/290064"}],"wp:attachment":[{"href":"https:\/\/www.caririemacao.com\/1\/wp-json\/wp\/v2\/media?parent=290063"}],"wp:term":[{"taxonomy":"category","embeddable":true,"href":"https:\/\/www.caririemacao.com\/1\/wp-json\/wp\/v2\/categories?post=290063"},{"taxonomy":"post_tag","embeddable":true,"href":"https:\/\/www.caririemacao.com\/1\/wp-json\/wp\/v2\/tags?post=290063"}],"curies":[{"name":"wp","href":"https:\/\/api.w.org\/{rel}","templated":true}]}}