{"id":29107,"date":"2017-09-22T09:11:49","date_gmt":"2017-09-22T12:11:49","guid":{"rendered":"http:\/\/caririemacao.com\/1\/?p=29107"},"modified":"2017-09-22T09:11:49","modified_gmt":"2017-09-22T12:11:49","slug":"paraiba-gera-mais-de-35-mil-vagas-de-trabalho-em-agosto-e-esta-no-top-5-no-brasil","status":"publish","type":"post","link":"https:\/\/www.caririemacao.com\/1\/2017\/09\/22\/paraiba-gera-mais-de-35-mil-vagas-de-trabalho-em-agosto-e-esta-no-top-5-no-brasil\/","title":{"rendered":"Para\u00edba gera mais de 3,5 mil vagas de trabalho em agosto e est\u00e1 no Top 5 no Brasil"},"content":{"rendered":"<p>O m\u00eas de agosto apresentou mais de 3,5 mil vagas de trabalho na Para\u00edba. A Agropecu\u00e1ria, com 2.349 postos, foi o setor com o maior n\u00famero de contrata\u00e7\u00e3o. Com\u00e9rcio, servi\u00e7os e constru\u00e7\u00e3o civil tiveram baixa no n\u00famero de empregados no per\u00edodo.<\/p>\n<p>Os dados foram divulgados pelo Cadastro Geral de Empregados Desempregados, do Minist\u00e9rio do Trabalho e Emprego, nesta quinta-feira (21).<\/p>\n<p>Desde 2003 este \u00e9 o menor n\u00famero, quando o estado alcan\u00e7ou o maior \u00edndice de postos durante o m\u00eas de agosto, ultrapassando 10 mil vagas.<\/p>\n<p>A Para\u00edba, entretanto, est\u00e1 entre os estados com maior n\u00famero de crescimento ao lado de S\u00e3o Paulo, Santa Catarina, Cear\u00e1 e Pernambuco. Ao todo, foram abertos 35.457 novos postos de trabalho no Brasil.<\/p>\n<p><strong>CARIRI EM A\u00c7\u00c3O<\/strong><\/p>\n<p><em>Com<\/em>\u00a0Blog do Gordinho<em>\/Foto: Google\u00a0\u00a0 <\/em><\/p>\n<p><strong>Leia mais not\u00edcias em\u00a0<\/strong><a href=\"http:\/\/www.caririemacao.com\/\"><strong>caririemacao.com<\/strong><\/a><strong>, siga nossa p\u00e1gina no\u00a0<\/strong><a href=\"https:\/\/www.facebook.com\/CaririEmAcao\/?ref=aymt_homepage_panel\"><strong>Facebook<\/strong><\/a>,<strong>\u00a0<\/strong><a href=\"https:\/\/www.instagram.com\/cariri_em_acao\/?hl=pt-br\"><strong>Instagram<\/strong><\/a><strong>\u00a0e <\/strong><a href=\"https:\/\/www.youtube.com\/channel\/UCAptA0jQuYQy8vMhLt2m4qg\"><strong>Youtube<\/strong><\/a><strong>\u00a0e veja nossas mat\u00e9rias, v\u00eddeos e fotos. Voc\u00ea tamb\u00e9m pode enviar informa\u00e7\u00f5es \u00e0 Reda\u00e7\u00e3o do Portal Cariri em A\u00e7\u00e3o pelo WhatsApp (83) 9 9634.5791, (83) 9 9601-1162.<\/strong><\/p>\n","protected":false},"excerpt":{"rendered":"<p>O m\u00eas de agosto apresentou mais de 3,5 mil vagas de trabalho na Para\u00edba. A Agropecu\u00e1ria, com 2.349 postos, foi o setor com o maior&hellip; <\/p>\n","protected":false},"author":2,"featured_media":29108,"comment_status":"closed","ping_status":"closed","sticky":false,"template":"","format":"standard","meta":{"sfsi_plus_gutenberg_text_before_share":"","sfsi_plus_gutenberg_show_text_before_share":"","sfsi_plus_gutenberg_icon_type":"","sfsi_plus_gutenberg_icon_alignemt":"","sfsi_plus_gutenburg_max_per_row":"","footnotes":""},"categories":[2],"tags":[],"class_list":["post-29107","post","type-post","status-publish","format-standard","has-post-thumbnail","hentry","category-geral"],"_links":{"self":[{"href":"https:\/\/www.caririemacao.com\/1\/wp-json\/wp\/v2\/posts\/29107","targetHints":{"allow":["GET"]}}],"collection":[{"href":"https:\/\/www.caririemacao.com\/1\/wp-json\/wp\/v2\/posts"}],"about":[{"href":"https:\/\/www.caririemacao.com\/1\/wp-json\/wp\/v2\/types\/post"}],"author":[{"embeddable":true,"href":"https:\/\/www.caririemacao.com\/1\/wp-json\/wp\/v2\/users\/2"}],"replies":[{"embeddable":true,"href":"https:\/\/www.caririemacao.com\/1\/wp-json\/wp\/v2\/comments?post=29107"}],"version-history":[{"count":0,"href":"https:\/\/www.caririemacao.com\/1\/wp-json\/wp\/v2\/posts\/29107\/revisions"}],"wp:featuredmedia":[{"embeddable":true,"href":"https:\/\/www.caririemacao.com\/1\/wp-json\/wp\/v2\/media\/29108"}],"wp:attachment":[{"href":"https:\/\/www.caririemacao.com\/1\/wp-json\/wp\/v2\/media?parent=29107"}],"wp:term":[{"taxonomy":"category","embeddable":true,"href":"https:\/\/www.caririemacao.com\/1\/wp-json\/wp\/v2\/categories?post=29107"},{"taxonomy":"post_tag","embeddable":true,"href":"https:\/\/www.caririemacao.com\/1\/wp-json\/wp\/v2\/tags?post=29107"}],"curies":[{"name":"wp","href":"https:\/\/api.w.org\/{rel}","templated":true}]}}