{"id":29110,"date":"2017-09-22T09:15:14","date_gmt":"2017-09-22T12:15:14","guid":{"rendered":"http:\/\/caririemacao.com\/1\/?p=29110"},"modified":"2017-09-22T09:15:14","modified_gmt":"2017-09-22T12:15:14","slug":"papa-anuncia-fim-da-possibilidade-de-recurso-para-padres-que-cometem-abusos","status":"publish","type":"post","link":"https:\/\/www.caririemacao.com\/1\/2017\/09\/22\/papa-anuncia-fim-da-possibilidade-de-recurso-para-padres-que-cometem-abusos\/","title":{"rendered":"Papa anuncia fim da possibilidade de recurso para padres que cometem abusos"},"content":{"rendered":"<p>O papa Francisco anunciou hoje (21) que um religioso efetivamente condenado por abuso sexual contra um menor de idade n\u00e3o poder\u00e1 apresentar recurso e jamais ter\u00e1 a gra\u00e7a concedida. O pont\u00edfice fez este an\u00fancio ao receber os membros da Pontif\u00edcia Comiss\u00e3o para a Tutela dos Menores, organismo criado por ele h\u00e1 quatro anos para trabalhar pela educa\u00e7\u00e3o e preven\u00e7\u00e3o de abusos dentro Igreja Cat\u00f3lica. A informa\u00e7\u00e3o \u00e9 da EFE.<\/p>\n<p>Francisco, que tinha um discurso escrito, deixou o protocolo de lado para falar de improviso sobre algumas das preocupa\u00e7\u00f5es e acusa\u00e7\u00f5es de atraso que surgiram sobre como a Igreja est\u00e1 enfrentando o problema e reconheceu que existe lentid\u00e3o na hora de analisar os muitos casos que chegam.<\/p>\n<div class=\"know_more\">\n<p>Segundo o papa, os atrasos se devem a dois fatores: falta de pessoal e os v\u00e1rios pedidos de recurso. &#8220;Os advogados trabalham para tentar diminuir a pena, porque \u00e9 disso que os advogados vivem&#8221;, explicou o pont\u00edfice, lembrando que ent\u00e3o todos os aspectos legais s\u00e3o analisados novamente, provocando mais atraso.<\/p>\n<\/div>\n<p>Diante disso, Francisco anunciou que est\u00e1 trabalhando para que quando um abuso for provado, isso ser\u00e1 suficiente para n\u00e3o admitir recurso.&#8221;Se h\u00e1 provas, ponto. (A senten\u00e7a) \u00e9 definitiva&#8221;, declarou.<\/p>\n<p>Para Francisco, uma pessoa que comete um abuso \u00e9 &#8220;doente&#8221; e n\u00e3o pode ser perdoada porque pode voltar a cometer o mesmo crime dentro de pouco tempo. &#8220;Temos que botar na cabe\u00e7a que \u00e9 uma doen\u00e7a&#8221;, afirmou ele, reiterando a &#8220;toler\u00e2ncia zero contra os abusos&#8221;.<\/p>\n<p>Durante o seu discurso, o papa citou o \u00e1rduo trabalho da Comiss\u00e3o e disse que a Igreja demorou a &#8220;tomar consci\u00eancia&#8221; sobre este problema. Entre as pessoas que ouviram as palavras de Francisco estavam o ingl\u00eas Peter Saunders e a irlandesa Marie Collins, que sofreram abusos sexuais de padres durante a inf\u00e2ncia.<\/p>\n<p><strong>CARIRI EM A\u00c7\u00c3O<\/strong><\/p>\n<p><em>Com Ag\u00eancia Brasil\u00a0\/Foto: Google\u00a0\u00a0 <\/em><\/p>\n<p><strong>Leia mais not\u00edcias em\u00a0<\/strong><a href=\"http:\/\/www.caririemacao.com\/\"><strong>caririemacao.com<\/strong><\/a><strong>, siga nossa p\u00e1gina no\u00a0<\/strong><a href=\"https:\/\/www.facebook.com\/CaririEmAcao\/?ref=aymt_homepage_panel\"><strong>Facebook<\/strong><\/a>,<strong>\u00a0<\/strong><a href=\"https:\/\/www.instagram.com\/cariri_em_acao\/?hl=pt-br\"><strong>Instagram<\/strong><\/a><strong>\u00a0e <\/strong><a href=\"https:\/\/www.youtube.com\/channel\/UCAptA0jQuYQy8vMhLt2m4qg\"><strong>Youtube<\/strong><\/a><strong>\u00a0e veja nossas mat\u00e9rias, v\u00eddeos e fotos. Voc\u00ea tamb\u00e9m pode enviar informa\u00e7\u00f5es \u00e0 Reda\u00e7\u00e3o do Portal Cariri em A\u00e7\u00e3o pelo WhatsApp (83) 9 9634.5791, (83) 9 9601-1162.<\/strong><\/p>\n","protected":false},"excerpt":{"rendered":"<p>O papa Francisco anunciou hoje (21) que um religioso efetivamente condenado por abuso sexual contra um menor de idade n\u00e3o poder\u00e1 apresentar recurso e jamais&hellip; <\/p>\n","protected":false},"author":2,"featured_media":12442,"comment_status":"closed","ping_status":"closed","sticky":false,"template":"","format":"standard","meta":{"sfsi_plus_gutenberg_text_before_share":"","sfsi_plus_gutenberg_show_text_before_share":"","sfsi_plus_gutenberg_icon_type":"","sfsi_plus_gutenberg_icon_alignemt":"","sfsi_plus_gutenburg_max_per_row":"","footnotes":""},"categories":[2],"tags":[],"class_list":["post-29110","post","type-post","status-publish","format-standard","has-post-thumbnail","hentry","category-geral"],"_links":{"self":[{"href":"https:\/\/www.caririemacao.com\/1\/wp-json\/wp\/v2\/posts\/29110","targetHints":{"allow":["GET"]}}],"collection":[{"href":"https:\/\/www.caririemacao.com\/1\/wp-json\/wp\/v2\/posts"}],"about":[{"href":"https:\/\/www.caririemacao.com\/1\/wp-json\/wp\/v2\/types\/post"}],"author":[{"embeddable":true,"href":"https:\/\/www.caririemacao.com\/1\/wp-json\/wp\/v2\/users\/2"}],"replies":[{"embeddable":true,"href":"https:\/\/www.caririemacao.com\/1\/wp-json\/wp\/v2\/comments?post=29110"}],"version-history":[{"count":0,"href":"https:\/\/www.caririemacao.com\/1\/wp-json\/wp\/v2\/posts\/29110\/revisions"}],"wp:featuredmedia":[{"embeddable":true,"href":"https:\/\/www.caririemacao.com\/1\/wp-json\/wp\/v2\/media\/12442"}],"wp:attachment":[{"href":"https:\/\/www.caririemacao.com\/1\/wp-json\/wp\/v2\/media?parent=29110"}],"wp:term":[{"taxonomy":"category","embeddable":true,"href":"https:\/\/www.caririemacao.com\/1\/wp-json\/wp\/v2\/categories?post=29110"},{"taxonomy":"post_tag","embeddable":true,"href":"https:\/\/www.caririemacao.com\/1\/wp-json\/wp\/v2\/tags?post=29110"}],"curies":[{"name":"wp","href":"https:\/\/api.w.org\/{rel}","templated":true}]}}