{"id":29115,"date":"2017-09-22T09:27:20","date_gmt":"2017-09-22T12:27:20","guid":{"rendered":"http:\/\/caririemacao.com\/1\/?p=29115"},"modified":"2017-09-22T09:27:20","modified_gmt":"2017-09-22T12:27:20","slug":"festa-da-padroeira-de-zabele-acontece-de-8-a-16-de-outubro","status":"publish","type":"post","link":"https:\/\/www.caririemacao.com\/1\/2017\/09\/22\/festa-da-padroeira-de-zabele-acontece-de-8-a-16-de-outubro\/","title":{"rendered":"Festa da Padroeira de Zabel\u00ea acontece de 8 a 16 de outubro"},"content":{"rendered":"<p>A tradicional Festa da Padroeira da cidade de Zabel\u00ea, Nossa Senhora das Dores, acontece de 08 a 16 de outubro. A abertura oficial acontece no domingo (08) com a missa na Igreja Matriz, no centro da cidade, e se estende com a programa\u00e7\u00e3o religiosa durante toda a semana. A comiss\u00e3o organizadora do evento dever\u00e1 estar divulgando a programa\u00e7\u00e3o completa nos pr\u00f3ximos dias.<\/p>\n<div>\u00a0<strong>\u2013 A Estrutura<\/strong><\/div>\n<div><\/div>\n<div>O novo layout far\u00e1 o diferencial, a equipe da secom desenvolveu um espa\u00e7o pensado para proporcionar conforto e seguran\u00e7a para os turistas e moradores da cidade. No centro ser\u00e3o disponibilizados parques de divers\u00e3o, \u00e1rea de alimenta\u00e7\u00e3o, bebidas e estacionamento.<\/div>\n<div><\/div>\n<div>Toda a estrutura de som, ilumina\u00e7\u00e3o e palco tamb\u00e9m ganha nova roupagem.<\/div>\n<div><\/div>\n<div><strong>Programa\u00e7\u00e3o Multicultural e Shows<\/strong><\/div>\n<div><strong>\u00a0<\/strong><\/div>\n<div><strong>Quinta-feira (12)<\/strong><\/div>\n<div><\/div>\n<div>15:00 \u2013 Festa das crian\u00e7as em Pra\u00e7a Publica<\/div>\n<div>15:30 \u2013 Teatro<\/div>\n<div>16:00 \u2013 Sorteio de sextas b\u00e1sicas<\/div>\n<div><\/div>\n<div><strong>Sexta-feira (13)<\/strong><\/div>\n<div><\/div>\n<div>09:00 \u2013 Pega de Boi no Mato (Fazendo Barra Verde)<\/div>\n<div>21:00 \u2013 Apresenta\u00e7\u00e3o de Grupos Culturais<\/div>\n<div>22:00 \u2013 Show Nando Souza e Forr\u00f3 Beleza<\/div>\n<div>00:00 \u2013 Nem Walter<\/div>\n<div><\/div>\n<div><strong>S\u00e1bado (14)<\/strong><\/div>\n<div><\/div>\n<div>22:00 \u2013 Laerte Lins<\/div>\n<div>00:00 \u2013 Forro Topado<\/div>\n<div>02:00 \u2013 Walkyria Santos<\/div>\n<div><\/div>\n<div><strong>Domingo (15) (Programa\u00e7\u00e3o Religiosa)<\/strong><\/div>\n<div><\/div>\n<div>21:00 Banda Kairos<\/div>\n<div><\/div>\n<div><strong>Segunda-feira (16)<\/strong><\/div>\n<div><\/div>\n<div>21:00 Descendentes do Forr\u00f3<\/div>\n<div>23:00 Forr\u00f3 Quente<\/div>\n<div><\/div>\n<div><strong>CARIRI EM A\u00c7\u00c3O<\/strong><\/div>\n<div>\n<p><em>Com Ascom \/Foto: Reprodu\u00e7\u00e3o, Divulga\u00e7\u00e3o, Google\u00a0\u00a0 <\/em><\/p>\n<p><strong>Leia mais not\u00edcias em\u00a0<\/strong><a href=\"http:\/\/www.caririemacao.com\/\"><strong>caririemacao.com<\/strong><\/a><strong>, siga nossa p\u00e1gina no\u00a0<\/strong><a href=\"https:\/\/www.facebook.com\/CaririEmAcao\/?ref=aymt_homepage_panel\"><strong>Facebook<\/strong><\/a>,<strong>\u00a0<\/strong><a href=\"https:\/\/www.instagram.com\/cariri_em_acao\/?hl=pt-br\"><strong>Instagram<\/strong><\/a><strong>\u00a0e <\/strong><a href=\"https:\/\/www.youtube.com\/channel\/UCAptA0jQuYQy8vMhLt2m4qg\"><strong>Youtube<\/strong><\/a><strong>\u00a0e veja nossas mat\u00e9rias, v\u00eddeos e fotos. Voc\u00ea tamb\u00e9m pode enviar informa\u00e7\u00f5es \u00e0 Reda\u00e7\u00e3o do Portal Cariri em A\u00e7\u00e3o pelo WhatsApp (83) 9 9634.5791, (83) 9 9601-1162.<\/strong><\/p>\n<\/div>\n","protected":false},"excerpt":{"rendered":"<p>A tradicional Festa da Padroeira da cidade de Zabel\u00ea, Nossa Senhora das Dores, acontece de 08 a 16 de outubro. A abertura oficial acontece no&hellip; <\/p>\n","protected":false},"author":2,"featured_media":29116,"comment_status":"closed","ping_status":"closed","sticky":false,"template":"","format":"standard","meta":{"sfsi_plus_gutenberg_text_before_share":"","sfsi_plus_gutenberg_show_text_before_share":"","sfsi_plus_gutenberg_icon_type":"","sfsi_plus_gutenberg_icon_alignemt":"","sfsi_plus_gutenburg_max_per_row":"","footnotes":""},"categories":[6],"tags":[],"class_list":["post-29115","post","type-post","status-publish","format-standard","has-post-thumbnail","hentry","category-cidades"],"_links":{"self":[{"href":"https:\/\/www.caririemacao.com\/1\/wp-json\/wp\/v2\/posts\/29115","targetHints":{"allow":["GET"]}}],"collection":[{"href":"https:\/\/www.caririemacao.com\/1\/wp-json\/wp\/v2\/posts"}],"about":[{"href":"https:\/\/www.caririemacao.com\/1\/wp-json\/wp\/v2\/types\/post"}],"author":[{"embeddable":true,"href":"https:\/\/www.caririemacao.com\/1\/wp-json\/wp\/v2\/users\/2"}],"replies":[{"embeddable":true,"href":"https:\/\/www.caririemacao.com\/1\/wp-json\/wp\/v2\/comments?post=29115"}],"version-history":[{"count":0,"href":"https:\/\/www.caririemacao.com\/1\/wp-json\/wp\/v2\/posts\/29115\/revisions"}],"wp:featuredmedia":[{"embeddable":true,"href":"https:\/\/www.caririemacao.com\/1\/wp-json\/wp\/v2\/media\/29116"}],"wp:attachment":[{"href":"https:\/\/www.caririemacao.com\/1\/wp-json\/wp\/v2\/media?parent=29115"}],"wp:term":[{"taxonomy":"category","embeddable":true,"href":"https:\/\/www.caririemacao.com\/1\/wp-json\/wp\/v2\/categories?post=29115"},{"taxonomy":"post_tag","embeddable":true,"href":"https:\/\/www.caririemacao.com\/1\/wp-json\/wp\/v2\/tags?post=29115"}],"curies":[{"name":"wp","href":"https:\/\/api.w.org\/{rel}","templated":true}]}}