{"id":29125,"date":"2017-09-23T00:46:56","date_gmt":"2017-09-23T03:46:56","guid":{"rendered":"http:\/\/caririemacao.com\/1\/?p=29125"},"modified":"2017-09-23T02:32:56","modified_gmt":"2017-09-23T05:32:56","slug":"vice-prefeito-de-camalau-participa-do-i-simposio-paraibano-de-umbu","status":"publish","type":"post","link":"https:\/\/www.caririemacao.com\/1\/2017\/09\/23\/vice-prefeito-de-camalau-participa-do-i-simposio-paraibano-de-umbu\/","title":{"rendered":"Vice-prefeito de Camala\u00fa participa do I Simp\u00f3sio Paraibano de Umbu"},"content":{"rendered":"<p>O vice-prefeito de Camala\u00fa, Ezequiel S\u00f3stenes (Kiel), esteve ao lado do Agr\u00f4nomo Marden de Sousa e de mais tr\u00eas alunas do nosso Projeto Ambiental (Jheniffer, J\u00e9ssica e Valdilene), participando do I Simp\u00f3sio Paraibano de Umbu que aconteceu no Instituto Nacional do Semi\u00e1rido em Campina Grande-PB.<\/p>\n<p><a href=\"http:\/\/caririemacao.com\/1\/wp-content\/uploads\/2017\/09\/21919333_1320961118027317_1063822714_n.jpg\"><img fetchpriority=\"high\" decoding=\"async\" class=\"alignnone wp-image-29128 size-full\" src=\"http:\/\/caririemacao.com\/1\/wp-content\/uploads\/2017\/09\/21919333_1320961118027317_1063822714_n.jpg\" alt=\"\" width=\"960\" height=\"540\" srcset=\"https:\/\/www.caririemacao.com\/1\/wp-content\/uploads\/2017\/09\/21919333_1320961118027317_1063822714_n.jpg 960w, https:\/\/www.caririemacao.com\/1\/wp-content\/uploads\/2017\/09\/21919333_1320961118027317_1063822714_n-300x169.jpg 300w, https:\/\/www.caririemacao.com\/1\/wp-content\/uploads\/2017\/09\/21919333_1320961118027317_1063822714_n-768x432.jpg 768w\" sizes=\"(max-width: 960px) 100vw, 960px\" \/><\/a><\/p>\n<p>No evento, a representa\u00e7\u00e3o camalauense acompanhou de perto o que h\u00e1 de mais atual na ci\u00eancia quanto ao processo de produ\u00e7\u00e3o e de beneficiamento da cadeia produtiva do Umbu, al\u00e9m de conhecer as experi\u00eancias exitosas dos munic\u00edpios de Uau\u00e1, Manoel Vitorino e de Vit\u00f3ria da Conquista, ambos na Bahia, com destaque para o trabalho das Cooperativas COOPERCUC e COOPROAF. Ainda estiveram presentes v\u00e1rias institui\u00e7\u00f5es como: INSA, UFPB, EMEPA, EMATER, INTERPA, UFCG, PEASA, CONAB, EMBRAPA.<\/p>\n<p>\u201cCompreender que a &#8220;\u00c1rvore Sagrada do Sert\u00e3o&#8221;, exclusiva do Brasil, hoje tem visibilidade internacional e que j\u00e1 movimento mais de sete milh\u00f5es de reais por ano, \u00e9 perceber o grande potencial que temos para desenvolver lavouras de frut\u00edferas nativas sustent\u00e1veis, a exemplo do Umbuzeiro, planta que pode produzir at\u00e9 300kg de frutos por ano (durante 100 anos em m\u00e9dia), com esp\u00e9cies que podem atingir um fruto de at\u00e9 180g e atingir o valor de R$ 120,00\/Kg\u201d, ressaltou o vice-prefeito Kiel.<\/p>\n<p><a href=\"http:\/\/caririemacao.com\/1\/wp-content\/uploads\/2017\/09\/21942141_1320961124693983_1267773091_n.jpg\"><img decoding=\"async\" class=\"alignnone wp-image-29126 size-full lazyload\" data-src=\"http:\/\/caririemacao.com\/1\/wp-content\/uploads\/2017\/09\/21942141_1320961124693983_1267773091_n.jpg\" alt=\"\" width=\"960\" height=\"540\" data-srcset=\"https:\/\/www.caririemacao.com\/1\/wp-content\/uploads\/2017\/09\/21942141_1320961124693983_1267773091_n.jpg 960w, https:\/\/www.caririemacao.com\/1\/wp-content\/uploads\/2017\/09\/21942141_1320961124693983_1267773091_n-300x169.jpg 300w, https:\/\/www.caririemacao.com\/1\/wp-content\/uploads\/2017\/09\/21942141_1320961124693983_1267773091_n-768x432.jpg 768w\" data-sizes=\"(max-width: 960px) 100vw, 960px\" src=\"data:image\/svg+xml;base64,PHN2ZyB3aWR0aD0iMSIgaGVpZ2h0PSIxIiB4bWxucz0iaHR0cDovL3d3dy53My5vcmcvMjAwMC9zdmciPjwvc3ZnPg==\" style=\"--smush-placeholder-width: 960px; --smush-placeholder-aspect-ratio: 960\/540;\" \/><\/a><\/p>\n<p>Kiel disse que pensando nesta oportunidade econ\u00f4mica, foram estabelecidas parcerias de difus\u00e3o de conhecimento e interc\u00e2mbio entre os produtores rurais de Camala\u00fa e de outras regi\u00f5es do pa\u00eds, afim de, a longa prazo, vislumbrar perspectivas de desenvolvimento socioecon\u00f4mico na regi\u00e3o por meio da produ\u00e7\u00e3o rural. ()<\/p>\n<p><strong>CARIRI EM A\u00c7\u00c3O<\/strong><\/p>\n<p><strong>Leia mais not\u00edcias em\u00a0<\/strong><a href=\"http:\/\/www.caririemacao.com\/\"><strong>caririemacao.com<\/strong><\/a><strong>, siga nossa p\u00e1gina no\u00a0<\/strong><a href=\"https:\/\/www.facebook.com\/CaririEmAcao\/?ref=aymt_homepage_panel\"><strong>Facebook<\/strong><\/a><strong>,\u00a0<\/strong><a href=\"https:\/\/www.instagram.com\/cariri_em_acao\/?hl=pt-br\"><strong>Instagram<\/strong><\/a><strong>\u00a0e <\/strong><a href=\"https:\/\/www.youtube.com\/channel\/UCAptA0jQuYQy8vMhLt2m4qg\"><strong>Youtube<\/strong><\/a><strong>\u00a0e veja nossas mat\u00e9rias, v\u00eddeos e fotos. Voc\u00ea tamb\u00e9m pode enviar informa\u00e7\u00f5es \u00e0 Reda\u00e7\u00e3o do Portal Cariri em A\u00e7\u00e3o pelo WhatsApp (83) 9 9634.5791, (83) 9 9601-1162.<\/strong><\/p>\n","protected":false},"excerpt":{"rendered":"<p>O vice-prefeito de Camala\u00fa, Ezequiel S\u00f3stenes (Kiel), esteve ao lado do Agr\u00f4nomo Marden de Sousa e de mais tr\u00eas alunas do nosso Projeto Ambiental (Jheniffer,&hellip; <\/p>\n","protected":false},"author":2,"featured_media":29127,"comment_status":"closed","ping_status":"closed","sticky":false,"template":"","format":"standard","meta":{"sfsi_plus_gutenberg_text_before_share":"","sfsi_plus_gutenberg_show_text_before_share":"","sfsi_plus_gutenberg_icon_type":"","sfsi_plus_gutenberg_icon_alignemt":"","sfsi_plus_gutenburg_max_per_row":"","footnotes":""},"categories":[2],"tags":[],"class_list":["post-29125","post","type-post","status-publish","format-standard","has-post-thumbnail","hentry","category-geral"],"_links":{"self":[{"href":"https:\/\/www.caririemacao.com\/1\/wp-json\/wp\/v2\/posts\/29125","targetHints":{"allow":["GET"]}}],"collection":[{"href":"https:\/\/www.caririemacao.com\/1\/wp-json\/wp\/v2\/posts"}],"about":[{"href":"https:\/\/www.caririemacao.com\/1\/wp-json\/wp\/v2\/types\/post"}],"author":[{"embeddable":true,"href":"https:\/\/www.caririemacao.com\/1\/wp-json\/wp\/v2\/users\/2"}],"replies":[{"embeddable":true,"href":"https:\/\/www.caririemacao.com\/1\/wp-json\/wp\/v2\/comments?post=29125"}],"version-history":[{"count":0,"href":"https:\/\/www.caririemacao.com\/1\/wp-json\/wp\/v2\/posts\/29125\/revisions"}],"wp:featuredmedia":[{"embeddable":true,"href":"https:\/\/www.caririemacao.com\/1\/wp-json\/wp\/v2\/media\/29127"}],"wp:attachment":[{"href":"https:\/\/www.caririemacao.com\/1\/wp-json\/wp\/v2\/media?parent=29125"}],"wp:term":[{"taxonomy":"category","embeddable":true,"href":"https:\/\/www.caririemacao.com\/1\/wp-json\/wp\/v2\/categories?post=29125"},{"taxonomy":"post_tag","embeddable":true,"href":"https:\/\/www.caririemacao.com\/1\/wp-json\/wp\/v2\/tags?post=29125"}],"curies":[{"name":"wp","href":"https:\/\/api.w.org\/{rel}","templated":true}]}}