{"id":29164,"date":"2017-09-22T13:03:05","date_gmt":"2017-09-22T16:03:05","guid":{"rendered":"http:\/\/caririemacao.com\/1\/?p=29164"},"modified":"2017-09-22T13:03:05","modified_gmt":"2017-09-22T16:03:05","slug":"camara-de-parari-realiza-sessao-extraordinaria-e-deve-aprovar-projetos-do-poder-executivo","status":"publish","type":"post","link":"https:\/\/www.caririemacao.com\/1\/2017\/09\/22\/camara-de-parari-realiza-sessao-extraordinaria-e-deve-aprovar-projetos-do-poder-executivo\/","title":{"rendered":"C\u00e2mara de Parari realiza sess\u00e3o extraordin\u00e1ria e deve aprovar projetos do Poder Executivo"},"content":{"rendered":"<p>A C\u00e2mara Municipal de Parari realiza na noite desta sexta-feira (22), a 3\u00aa sess\u00e3o extraordin\u00e1ria, o in\u00edcio dos trabalhos est\u00e1 previsto para as 18h.<\/p>\n<p>O presidente Josenildo dos Santos (Nildo) convida toda a popula\u00e7\u00e3o.<\/p>\n<p><strong>Confira os projetos que ser\u00e3o discutidos na ordem do dia<\/strong><\/p>\n<p>PROJETO DE LEI N\u00b0010\/2017 de autoria do Poder Executivo que Altera a Lei 16\/97, Lei 184\/2009, Extinguindo e Alterando Cargos da Administra\u00e7\u00e3o P\u00fablica Municipal<\/p>\n<p>PROJETO DE LEI N\u00b0012\/2017 de autoria do Poder Executivo que disp\u00f5e acerca da altera\u00e7\u00e3o da Lei Municipal de n\u00ba 11 de 14 de Mar\u00e7o de 1997 de cria\u00e7\u00e3o do Conselho Municipal de Assist\u00eancia Social &#8211; CMAS<\/p>\n<p>PROJETO DE LEI N\u00b0013\/2017 de autoria do Poder Executivo que disp\u00f5e sobre o Sistema \u00danico de Assist\u00eancia Social do Munic\u00edpio de Parari.<\/p>\n<p><strong>CARIRI EM A\u00c7\u00c3O<\/strong><\/p>\n<p><strong>Leia mais not\u00edcias em\u00a0<\/strong><a href=\"http:\/\/www.caririemacao.com\/\"><strong>caririemacao.com<\/strong><\/a><strong>, siga nossa p\u00e1gina no\u00a0<\/strong><a href=\"https:\/\/www.facebook.com\/CaririEmAcao\/?ref=aymt_homepage_panel\"><strong>Facebook<\/strong><\/a>,<strong>\u00a0<\/strong><a href=\"https:\/\/www.instagram.com\/cariri_em_acao\/?hl=pt-br\"><strong>Instagram<\/strong><\/a><strong>\u00a0e <\/strong><a href=\"https:\/\/www.youtube.com\/channel\/UCAptA0jQuYQy8vMhLt2m4qg\"><strong>Youtube<\/strong><\/a><strong>\u00a0e veja nossas mat\u00e9rias, v\u00eddeos e fotos. Voc\u00ea tamb\u00e9m pode enviar informa\u00e7\u00f5es \u00e0 Reda\u00e7\u00e3o do Portal Cariri em A\u00e7\u00e3o pelo WhatsApp (83) 9 9634.5791, (83) 9 9601-1162.<\/strong><\/p>\n","protected":false},"excerpt":{"rendered":"<p>A C\u00e2mara Municipal de Parari realiza na noite desta sexta-feira (22), a 3\u00aa sess\u00e3o extraordin\u00e1ria, o in\u00edcio dos trabalhos est\u00e1 previsto para as 18h. O&hellip; <\/p>\n","protected":false},"author":2,"featured_media":24852,"comment_status":"closed","ping_status":"closed","sticky":false,"template":"","format":"standard","meta":{"sfsi_plus_gutenberg_text_before_share":"","sfsi_plus_gutenberg_show_text_before_share":"","sfsi_plus_gutenberg_icon_type":"","sfsi_plus_gutenberg_icon_alignemt":"","sfsi_plus_gutenburg_max_per_row":"","footnotes":""},"categories":[11],"tags":[],"class_list":["post-29164","post","type-post","status-publish","format-standard","has-post-thumbnail","hentry","category-politica"],"_links":{"self":[{"href":"https:\/\/www.caririemacao.com\/1\/wp-json\/wp\/v2\/posts\/29164","targetHints":{"allow":["GET"]}}],"collection":[{"href":"https:\/\/www.caririemacao.com\/1\/wp-json\/wp\/v2\/posts"}],"about":[{"href":"https:\/\/www.caririemacao.com\/1\/wp-json\/wp\/v2\/types\/post"}],"author":[{"embeddable":true,"href":"https:\/\/www.caririemacao.com\/1\/wp-json\/wp\/v2\/users\/2"}],"replies":[{"embeddable":true,"href":"https:\/\/www.caririemacao.com\/1\/wp-json\/wp\/v2\/comments?post=29164"}],"version-history":[{"count":0,"href":"https:\/\/www.caririemacao.com\/1\/wp-json\/wp\/v2\/posts\/29164\/revisions"}],"wp:featuredmedia":[{"embeddable":true,"href":"https:\/\/www.caririemacao.com\/1\/wp-json\/wp\/v2\/media\/24852"}],"wp:attachment":[{"href":"https:\/\/www.caririemacao.com\/1\/wp-json\/wp\/v2\/media?parent=29164"}],"wp:term":[{"taxonomy":"category","embeddable":true,"href":"https:\/\/www.caririemacao.com\/1\/wp-json\/wp\/v2\/categories?post=29164"},{"taxonomy":"post_tag","embeddable":true,"href":"https:\/\/www.caririemacao.com\/1\/wp-json\/wp\/v2\/tags?post=29164"}],"curies":[{"name":"wp","href":"https:\/\/api.w.org\/{rel}","templated":true}]}}