{"id":29166,"date":"2017-09-22T13:23:32","date_gmt":"2017-09-22T16:23:32","guid":{"rendered":"http:\/\/caririemacao.com\/1\/?p=29166"},"modified":"2017-09-22T13:23:32","modified_gmt":"2017-09-22T16:23:32","slug":"prefeitura-de-gurjao-lanca-o-id-jovem-hoje-na-cidade","status":"publish","type":"post","link":"https:\/\/www.caririemacao.com\/1\/2017\/09\/22\/prefeitura-de-gurjao-lanca-o-id-jovem-hoje-na-cidade\/","title":{"rendered":"Prefeitura de Gurj\u00e3o lan\u00e7a o ID Jovem hoje na cidade."},"content":{"rendered":"<p class=\"&quot;MsoNormal&quot;\">Mais um grande passo ser\u00e1 dado em prol dos jovens de Gurj\u00e3o,ser\u00e1 lan\u00e7ado na sexta-feira (22) o ID Jovem, documento que possibilita acesso aos benef\u00edcios de meia-entrada em eventos art\u00edstico-culturais e esportivos e tamb\u00e9m a vagas gratuitas ou com desconto no sistema de transporte coletivo interestadual.<\/p>\n<p class=\"&quot;MsoNormal&quot;\">O Programa \u00e9 destinado a pessoas com idade de 15 a 29 anos que pertencem a fam\u00edlia com renda mensal de at\u00e9 dois sal\u00e1rios m\u00ednimos inscrita no Cadastro \u00danico para Programas Sociais do Governo Federal (Cad\u00danico).<\/p>\n<p class=\"&quot;MsoNormal&quot;\">&#8220;Pra mim o lan\u00e7amento do programa aqui em Gurj\u00e3o vem pra acrescentar e somar junto \u00e0 nossa juventude, principalmente, por estarmos passando por uma situa\u00e7\u00e3o t\u00e3o ca\u00f3tica economicamente, o que faz com que muitos jovens percam o acesso \u00e0 cultura e ao lazer, por exemplo. O programa s\u00f3 traz benef\u00edcios e direitos como meia entrada em eventos, passagens em itiner\u00e1rios interestadual e etc, enfim, o ID Jovem chegou na hora certa para atender aos interesses da nossa juventude&#8221;, afirmou o Prefeito Ronaldo Queiroz.<\/p>\n<p class=\"&quot;MsoNormal&quot;\">O evento ter\u00e1 in\u00edcio \u00e0s 14h para os jovens de 15 \u00e0 29 anos , no audit\u00f3rio In\u00e1cio Alves Calu\u00eate.<\/p>\n<p class=\"&quot;MsoNormal&quot;\">\n<strong>CARIRI EM A\u00c7\u00c3O<\/strong><\/p>\n<p><em>Com Asscom \/Foto: Reprodu\u00e7\u00e3o do Instagram \u00a0\u00a0<\/em><\/p>\n<p><strong>Leia mais not\u00edcias em\u00a0<\/strong><a href=\"http:\/\/www.caririemacao.com\/\"><strong>caririemacao.com<\/strong><\/a><strong>, siga nossa p\u00e1gina no\u00a0<\/strong><a href=\"https:\/\/www.facebook.com\/CaririEmAcao\/?ref=aymt_homepage_panel\"><strong>Facebook<\/strong><\/a>,<strong>\u00a0<\/strong><a href=\"https:\/\/www.instagram.com\/cariri_em_acao\/?hl=pt-br\"><strong>Instagram<\/strong><\/a><strong>\u00a0e <\/strong><a href=\"https:\/\/www.youtube.com\/channel\/UCAptA0jQuYQy8vMhLt2m4qg\"><strong>Youtube<\/strong><\/a><strong>\u00a0e veja nossas mat\u00e9rias, v\u00eddeos e fotos. Voc\u00ea tamb\u00e9m pode enviar informa\u00e7\u00f5es \u00e0 Reda\u00e7\u00e3o do Portal Cariri em A\u00e7\u00e3o pelo WhatsApp (83) 9 9634.5791, (83) 9 9601-1162.<\/strong><\/p>\n","protected":false},"excerpt":{"rendered":"<p>Mais um grande passo ser\u00e1 dado em prol dos jovens de Gurj\u00e3o,ser\u00e1 lan\u00e7ado na sexta-feira (22) o ID Jovem, documento que possibilita acesso aos benef\u00edcios&hellip; <\/p>\n","protected":false},"author":2,"featured_media":29167,"comment_status":"closed","ping_status":"closed","sticky":false,"template":"","format":"standard","meta":{"sfsi_plus_gutenberg_text_before_share":"","sfsi_plus_gutenberg_show_text_before_share":"","sfsi_plus_gutenberg_icon_type":"","sfsi_plus_gutenberg_icon_alignemt":"","sfsi_plus_gutenburg_max_per_row":"","footnotes":""},"categories":[6],"tags":[],"class_list":["post-29166","post","type-post","status-publish","format-standard","has-post-thumbnail","hentry","category-cidades"],"_links":{"self":[{"href":"https:\/\/www.caririemacao.com\/1\/wp-json\/wp\/v2\/posts\/29166","targetHints":{"allow":["GET"]}}],"collection":[{"href":"https:\/\/www.caririemacao.com\/1\/wp-json\/wp\/v2\/posts"}],"about":[{"href":"https:\/\/www.caririemacao.com\/1\/wp-json\/wp\/v2\/types\/post"}],"author":[{"embeddable":true,"href":"https:\/\/www.caririemacao.com\/1\/wp-json\/wp\/v2\/users\/2"}],"replies":[{"embeddable":true,"href":"https:\/\/www.caririemacao.com\/1\/wp-json\/wp\/v2\/comments?post=29166"}],"version-history":[{"count":0,"href":"https:\/\/www.caririemacao.com\/1\/wp-json\/wp\/v2\/posts\/29166\/revisions"}],"wp:featuredmedia":[{"embeddable":true,"href":"https:\/\/www.caririemacao.com\/1\/wp-json\/wp\/v2\/media\/29167"}],"wp:attachment":[{"href":"https:\/\/www.caririemacao.com\/1\/wp-json\/wp\/v2\/media?parent=29166"}],"wp:term":[{"taxonomy":"category","embeddable":true,"href":"https:\/\/www.caririemacao.com\/1\/wp-json\/wp\/v2\/categories?post=29166"},{"taxonomy":"post_tag","embeddable":true,"href":"https:\/\/www.caririemacao.com\/1\/wp-json\/wp\/v2\/tags?post=29166"}],"curies":[{"name":"wp","href":"https:\/\/api.w.org\/{rel}","templated":true}]}}