{"id":29178,"date":"2017-09-24T00:00:03","date_gmt":"2017-09-24T03:00:03","guid":{"rendered":"http:\/\/caririemacao.com\/1\/?p=29178"},"modified":"2017-09-24T13:02:18","modified_gmt":"2017-09-24T16:02:18","slug":"alunos-da-escola-agrotecnica-de-sume-realizam-visita-tecnica-para-conhecer-experiencias-no-setor-gropecuario","status":"publish","type":"post","link":"https:\/\/www.caririemacao.com\/1\/2017\/09\/24\/alunos-da-escola-agrotecnica-de-sume-realizam-visita-tecnica-para-conhecer-experiencias-no-setor-gropecuario\/","title":{"rendered":"Alunos da Escola Agrot\u00e9cnica de Sum\u00e9 participam de evento em Jo\u00e3o Pessoa"},"content":{"rendered":"<p>Alunos da turma concluinte do 9\u00ba ano B, da Escola Agrot\u00e9cnica Deputado Evaldo Gon\u00e7alves de Queiroz, de Sum\u00e9, puderam conhecer de perto experi\u00eancias da pecu\u00e1ria nacional em visita t\u00e9cnica realizada esta semana ao Parque de Exposi\u00e7\u00e3o Henrique Vieira de Melo, em Jo\u00e3o Pessoa.<\/p>\n<p>A visita foi promovida pela professora de Pr\u00e1ticas Zoot\u00e9cnicas, Jakeline Ara\u00fajo e pelo t\u00e9cnico agr\u00edcola, Thiago Carneiro.<\/p>\n<p>Os alunos tiveram contato com algumas ra\u00e7as bovinas e puderam ver as caracter\u00edsticas morfol\u00f3gicas dos animais, suas devidas instala\u00e7\u00f5es e presenciaram o m\u00e9todo de casqueamento.<\/p>\n<p>Na quarta-feira (20), os estudantes do 8\u00ba e 9\u00ba ano, da Escola Agrot\u00e9cnica, tamb\u00e9m visitaram o Col\u00e9gio Agr\u00edcola Vidal de Negreiros (CAVN), localizado no Munic\u00edpio de Bananeiras. Eles foram acompanhados do diretor da escola, Messias Alexandre, do professor Augusto Jorge Neto e dos funcion\u00e1rios, Tenilza Queiroz e Valter Clemente.<\/p>\n<p>O objetivo da visita foi conhecer as instala\u00e7\u00f5es da escola e principalmente verificar as atividades desenvolvidas na \u00e1rea de pr\u00e1ticas agr\u00edcolas e animais, como manejo e cria\u00e7\u00e3o de caprinos, ovinos, aves, peixes e r\u00e3s.<\/p>\n<p>Eles tamb\u00e9m visitaram a \u00e1rea de campo do col\u00e9gio, o que lhes permitiu conhecer toda a parte de laborat\u00f3rios e pesquisas do CAVN.<\/p>\n<p>O CAVN atua na qualifica\u00e7\u00e3o em n\u00edvel m\u00e9dio, t\u00e9cnico e profissional com cursos de T\u00e9cnico Agr\u00edcola, T\u00e9cnico em Agroind\u00fastria e outros. Os alunos foram recepcionados pelo professor Alex Barbosa, que representou a dire\u00e7\u00e3o do col\u00e9gio.<\/p>\n<p><strong>CARIRI EM A\u00c7\u00c3O<\/strong><\/p>\n<p><em>Com Ascom\/Foto:Divulga\u00e7\u00e3o<\/em><\/p>\n<p><strong>Leia mais not\u00edcias em\u00a0<\/strong><a href=\"http:\/\/www.caririemacao.com\/\"><strong>caririemacao.com<\/strong><\/a><strong>, siga nossa p\u00e1gina no\u00a0<\/strong><a href=\"https:\/\/www.facebook.com\/CaririEmAcao\/?ref=aymt_homepage_panel\"><strong>Facebook<\/strong><\/a>,<strong>\u00a0<\/strong><a href=\"https:\/\/www.instagram.com\/cariri_em_acao\/?hl=pt-br\"><strong>Instagram<\/strong><\/a><strong>\u00a0e <\/strong><a href=\"https:\/\/www.youtube.com\/channel\/UCAptA0jQuYQy8vMhLt2m4qg\"><strong>Youtube<\/strong><\/a><strong>\u00a0e veja nossas mat\u00e9rias, v\u00eddeos e fotos. Voc\u00ea tamb\u00e9m pode enviar informa\u00e7\u00f5es \u00e0 Reda\u00e7\u00e3o do Portal Cariri em A\u00e7\u00e3o pelo WhatsApp (83) 9 9634.5791, (83) 9 9601-1162.<\/strong><\/p>\n","protected":false},"excerpt":{"rendered":"<p>Alunos da turma concluinte do 9\u00ba ano B, da Escola Agrot\u00e9cnica Deputado Evaldo Gon\u00e7alves de Queiroz, de Sum\u00e9, puderam conhecer de perto experi\u00eancias da pecu\u00e1ria&hellip; <\/p>\n","protected":false},"author":2,"featured_media":29179,"comment_status":"closed","ping_status":"closed","sticky":false,"template":"","format":"standard","meta":{"sfsi_plus_gutenberg_text_before_share":"","sfsi_plus_gutenberg_show_text_before_share":"","sfsi_plus_gutenberg_icon_type":"","sfsi_plus_gutenberg_icon_alignemt":"","sfsi_plus_gutenburg_max_per_row":"","footnotes":""},"categories":[6],"tags":[],"class_list":["post-29178","post","type-post","status-publish","format-standard","has-post-thumbnail","hentry","category-cidades"],"_links":{"self":[{"href":"https:\/\/www.caririemacao.com\/1\/wp-json\/wp\/v2\/posts\/29178","targetHints":{"allow":["GET"]}}],"collection":[{"href":"https:\/\/www.caririemacao.com\/1\/wp-json\/wp\/v2\/posts"}],"about":[{"href":"https:\/\/www.caririemacao.com\/1\/wp-json\/wp\/v2\/types\/post"}],"author":[{"embeddable":true,"href":"https:\/\/www.caririemacao.com\/1\/wp-json\/wp\/v2\/users\/2"}],"replies":[{"embeddable":true,"href":"https:\/\/www.caririemacao.com\/1\/wp-json\/wp\/v2\/comments?post=29178"}],"version-history":[{"count":0,"href":"https:\/\/www.caririemacao.com\/1\/wp-json\/wp\/v2\/posts\/29178\/revisions"}],"wp:featuredmedia":[{"embeddable":true,"href":"https:\/\/www.caririemacao.com\/1\/wp-json\/wp\/v2\/media\/29179"}],"wp:attachment":[{"href":"https:\/\/www.caririemacao.com\/1\/wp-json\/wp\/v2\/media?parent=29178"}],"wp:term":[{"taxonomy":"category","embeddable":true,"href":"https:\/\/www.caririemacao.com\/1\/wp-json\/wp\/v2\/categories?post=29178"},{"taxonomy":"post_tag","embeddable":true,"href":"https:\/\/www.caririemacao.com\/1\/wp-json\/wp\/v2\/tags?post=29178"}],"curies":[{"name":"wp","href":"https:\/\/api.w.org\/{rel}","templated":true}]}}