{"id":29181,"date":"2017-09-23T01:53:34","date_gmt":"2017-09-23T04:53:34","guid":{"rendered":"http:\/\/caririemacao.com\/1\/?p=29181"},"modified":"2017-09-23T01:53:34","modified_gmt":"2017-09-23T04:53:34","slug":"universidade-federal-abre-vaga-para-professor-substituto-no-campus-de-sume","status":"publish","type":"post","link":"https:\/\/www.caririemacao.com\/1\/2017\/09\/23\/universidade-federal-abre-vaga-para-professor-substituto-no-campus-de-sume\/","title":{"rendered":"Universidade Federal abre vaga para professor substituto no campus de Sum\u00e9"},"content":{"rendered":"<p>Inscri\u00e7\u00f5es come\u00e7am no dia 02 de outubro<\/p>\n<div>Ser\u00e3o abertas no pr\u00f3ximo dia 02 de outubro as inscri\u00e7\u00f5es no processo seletivo simplificado visando \u00e0 contrata\u00e7\u00e3o de um professor substituto para a Unidade Acad\u00eamica de Tecnologia do Desenvolvimento (UATEC) da Universidade Federal de Campina Grande (UFCG), no campus de Sum\u00e9.<\/div>\n<div><\/div>\n<div>A vaga oferecida \u00e9 de Professor Assistente, Classe A, N\u00edvel 1, na \u00e1rea de Gest\u00e3o da Produ\u00e7\u00e3o, com jornada de trabalho de 40 horas semanais e vencimento b\u00e1sico de R$ 3.121,76. O candidato deve ser graduado em Engenharia, com mestrado em Engenharia ou Administra\u00e7\u00e3o.<\/div>\n<div><\/div>\n<div>As inscri\u00e7\u00f5es ser\u00e3o realizadas no Protocolo Setorial do Centro de Desenvolvimento Sustent\u00e1vel do Semi\u00e1rido (CDSA), campus de Sum\u00e9, at\u00e9 o dia 10 de outubro, das 8h \u00e0s 17h. A taxa de inscri\u00e7\u00e3o \u00e9 de R$ 60.<br \/>\n<strong>CARIRI EM A\u00c7\u00c3O<\/strong><\/p>\n<p><em>Com Ascom\/Foto:Google\u00a0\u00a0 <\/em><\/p>\n<p><strong>Leia mais not\u00edcias em\u00a0<\/strong><a href=\"http:\/\/www.caririemacao.com\/\"><strong>caririemacao.com<\/strong><\/a><strong>, siga nossa p\u00e1gina no\u00a0<\/strong><a href=\"https:\/\/www.facebook.com\/CaririEmAcao\/?ref=aymt_homepage_panel\"><strong>Facebook<\/strong><\/a>,<strong>\u00a0<\/strong><a href=\"https:\/\/www.instagram.com\/cariri_em_acao\/?hl=pt-br\"><strong>Instagram<\/strong><\/a><strong>\u00a0e <\/strong><a href=\"https:\/\/www.youtube.com\/channel\/UCAptA0jQuYQy8vMhLt2m4qg\"><strong>Youtube<\/strong><\/a><strong>\u00a0e veja nossas mat\u00e9rias, v\u00eddeos e fotos. Voc\u00ea tamb\u00e9m pode enviar informa\u00e7\u00f5es \u00e0 Reda\u00e7\u00e3o do Portal Cariri em A\u00e7\u00e3o pelo WhatsApp (83) 9 9634.5791, (83) 9 9601-1162.<\/strong><\/p>\n<\/div>\n","protected":false},"excerpt":{"rendered":"<p>Inscri\u00e7\u00f5es come\u00e7am no dia 02 de outubro Ser\u00e3o abertas no pr\u00f3ximo dia 02 de outubro as inscri\u00e7\u00f5es no processo seletivo simplificado visando \u00e0 contrata\u00e7\u00e3o de&hellip; <\/p>\n","protected":false},"author":2,"featured_media":23031,"comment_status":"closed","ping_status":"closed","sticky":false,"template":"","format":"standard","meta":{"sfsi_plus_gutenberg_text_before_share":"","sfsi_plus_gutenberg_show_text_before_share":"","sfsi_plus_gutenberg_icon_type":"","sfsi_plus_gutenberg_icon_alignemt":"","sfsi_plus_gutenburg_max_per_row":"","footnotes":""},"categories":[14],"tags":[],"class_list":["post-29181","post","type-post","status-publish","format-standard","has-post-thumbnail","hentry","category-educacao"],"_links":{"self":[{"href":"https:\/\/www.caririemacao.com\/1\/wp-json\/wp\/v2\/posts\/29181","targetHints":{"allow":["GET"]}}],"collection":[{"href":"https:\/\/www.caririemacao.com\/1\/wp-json\/wp\/v2\/posts"}],"about":[{"href":"https:\/\/www.caririemacao.com\/1\/wp-json\/wp\/v2\/types\/post"}],"author":[{"embeddable":true,"href":"https:\/\/www.caririemacao.com\/1\/wp-json\/wp\/v2\/users\/2"}],"replies":[{"embeddable":true,"href":"https:\/\/www.caririemacao.com\/1\/wp-json\/wp\/v2\/comments?post=29181"}],"version-history":[{"count":0,"href":"https:\/\/www.caririemacao.com\/1\/wp-json\/wp\/v2\/posts\/29181\/revisions"}],"wp:featuredmedia":[{"embeddable":true,"href":"https:\/\/www.caririemacao.com\/1\/wp-json\/wp\/v2\/media\/23031"}],"wp:attachment":[{"href":"https:\/\/www.caririemacao.com\/1\/wp-json\/wp\/v2\/media?parent=29181"}],"wp:term":[{"taxonomy":"category","embeddable":true,"href":"https:\/\/www.caririemacao.com\/1\/wp-json\/wp\/v2\/categories?post=29181"},{"taxonomy":"post_tag","embeddable":true,"href":"https:\/\/www.caririemacao.com\/1\/wp-json\/wp\/v2\/tags?post=29181"}],"curies":[{"name":"wp","href":"https:\/\/api.w.org\/{rel}","templated":true}]}}