{"id":29183,"date":"2017-09-23T02:01:54","date_gmt":"2017-09-23T05:01:54","guid":{"rendered":"http:\/\/caririemacao.com\/1\/?p=29183"},"modified":"2017-09-23T02:01:54","modified_gmt":"2017-09-23T05:01:54","slug":"jovem-que-sofreu-tiro-em-bolao-de-vaquejada-no-cariri-morre-em-caruaru-pe","status":"publish","type":"post","link":"https:\/\/www.caririemacao.com\/1\/2017\/09\/23\/jovem-que-sofreu-tiro-em-bolao-de-vaquejada-no-cariri-morre-em-caruaru-pe\/","title":{"rendered":"Jovem que sofreu tiro em bol\u00e3o de vaquejada no Cariri morre em Caruaru-PE"},"content":{"rendered":"<div>Um Jovem Jataubense conhecido como Danilo<strong>,<\/strong>\u00a0que sofreu um tiro em um bol\u00e3o de vaquejada no munic\u00edpio de Camala\u00fa, no no Cariri paraibano no m\u00eas de agosto deste ano, veio a \u00f3bito na tarde desta sexta-feira dia (22) em Caruaru-PE. Danilo teve complica\u00e7\u00f5es p\u00f3s cir\u00fargicas \u00a0e n\u00e3o resistiu. Na ocasi\u00e3o outras duas pessoas tamb\u00e9m foram v\u00edtimas dos disparos.<\/div>\n<div><\/div>\n<div><strong>Relembre o caso\u00a0<\/strong><\/div>\n<div>\n<p>O Fato ocorreu na noite de s\u00e1bado dia 05 de agosto, estava acontecendo no Parque de Vaquejada Z\u00e9 Tourinho em Camala\u00fa, um bol\u00e3o de vaquejada.<\/p>\n<p>Por volta de meia noite, um homem empunhando uma arma disparou contra jovens que estavam no ambiente da festa dan\u00e7ando.<\/p>\n<p>Ningu\u00e9m ao acerto sabe se os disparos foram direcionados para uma pessoa em espec\u00edfico, o fato \u00e9 que foram atingidas tr\u00eas pessoas, entre elas a jovem camalauense de nome J\u00e9ssica.<\/p>\n<p>A bala que atingiu a jovem entrou no ombro e se instalou pr\u00f3ximo \u00e0s suas \u00a0costelas. A jovem foi removida para a cidade de Monteiro e depois para Campina Grande.<\/p>\n<p>Mais duas pessoas tamb\u00e9m foram atingidas, uma delas foi o jovem jataubense Danilo.<\/p>\n<p>Ele foi socorrido na Unidade Hospitalar, onde recebeu os primeiros atendimentos, e tamb\u00e9m foi transferido para Campina Grande. N\u00e3o tivemos acesso ao nome da terceira pessoa atingida pelos disparos.<\/p>\n<p>O autor dos disparos foi preso, mas tamb\u00e9m n\u00e3o teve seu nome revelado<\/p>\n<\/div>\n<div><strong>CARIRI EM A\u00c7\u00c3O<\/strong><\/div>\n<div>\n<p><em>Com O pipoco\/Foto:reprodu\u00e7\u00e3o\u00a0<\/em><\/p>\n<p><strong>Leia mais not\u00edcias em\u00a0<\/strong><a href=\"http:\/\/www.caririemacao.com\/\"><strong>caririemacao.com<\/strong><\/a><strong>, siga nossa p\u00e1gina no\u00a0<\/strong><a href=\"https:\/\/www.facebook.com\/CaririEmAcao\/?ref=aymt_homepage_panel\"><strong>Facebook<\/strong><\/a>,<strong>\u00a0<\/strong><a href=\"https:\/\/www.instagram.com\/cariri_em_acao\/?hl=pt-br\"><strong>Instagram<\/strong><\/a><strong>\u00a0e <\/strong><a href=\"https:\/\/www.youtube.com\/channel\/UCAptA0jQuYQy8vMhLt2m4qg\"><strong>Youtube<\/strong><\/a><strong>\u00a0e veja nossas mat\u00e9rias, v\u00eddeos e fotos. Voc\u00ea tamb\u00e9m pode enviar informa\u00e7\u00f5es \u00e0 Reda\u00e7\u00e3o do Portal Cariri em A\u00e7\u00e3o pelo WhatsApp (83) 9 9634.5791, (83) 9 9601-1162.<\/strong><\/p>\n<\/div>\n","protected":false},"excerpt":{"rendered":"<p>Um Jovem Jataubense conhecido como Danilo,\u00a0que sofreu um tiro em um bol\u00e3o de vaquejada no munic\u00edpio de Camala\u00fa, no no Cariri paraibano no m\u00eas de&hellip; <\/p>\n","protected":false},"author":2,"featured_media":29184,"comment_status":"closed","ping_status":"closed","sticky":false,"template":"","format":"standard","meta":{"sfsi_plus_gutenberg_text_before_share":"","sfsi_plus_gutenberg_show_text_before_share":"","sfsi_plus_gutenberg_icon_type":"","sfsi_plus_gutenberg_icon_alignemt":"","sfsi_plus_gutenburg_max_per_row":"","footnotes":""},"categories":[12],"tags":[],"class_list":["post-29183","post","type-post","status-publish","format-standard","has-post-thumbnail","hentry","category-policia"],"_links":{"self":[{"href":"https:\/\/www.caririemacao.com\/1\/wp-json\/wp\/v2\/posts\/29183","targetHints":{"allow":["GET"]}}],"collection":[{"href":"https:\/\/www.caririemacao.com\/1\/wp-json\/wp\/v2\/posts"}],"about":[{"href":"https:\/\/www.caririemacao.com\/1\/wp-json\/wp\/v2\/types\/post"}],"author":[{"embeddable":true,"href":"https:\/\/www.caririemacao.com\/1\/wp-json\/wp\/v2\/users\/2"}],"replies":[{"embeddable":true,"href":"https:\/\/www.caririemacao.com\/1\/wp-json\/wp\/v2\/comments?post=29183"}],"version-history":[{"count":0,"href":"https:\/\/www.caririemacao.com\/1\/wp-json\/wp\/v2\/posts\/29183\/revisions"}],"wp:featuredmedia":[{"embeddable":true,"href":"https:\/\/www.caririemacao.com\/1\/wp-json\/wp\/v2\/media\/29184"}],"wp:attachment":[{"href":"https:\/\/www.caririemacao.com\/1\/wp-json\/wp\/v2\/media?parent=29183"}],"wp:term":[{"taxonomy":"category","embeddable":true,"href":"https:\/\/www.caririemacao.com\/1\/wp-json\/wp\/v2\/categories?post=29183"},{"taxonomy":"post_tag","embeddable":true,"href":"https:\/\/www.caririemacao.com\/1\/wp-json\/wp\/v2\/tags?post=29183"}],"curies":[{"name":"wp","href":"https:\/\/api.w.org\/{rel}","templated":true}]}}