{"id":29189,"date":"2017-09-23T02:09:20","date_gmt":"2017-09-23T05:09:20","guid":{"rendered":"http:\/\/caririemacao.com\/1\/?p=29189"},"modified":"2017-09-23T02:09:20","modified_gmt":"2017-09-23T05:09:20","slug":"gilmar-mendes-nega-habeas-corpus-e-mantem-presos-joesley-e-wesley-batista","status":"publish","type":"post","link":"https:\/\/www.caririemacao.com\/1\/2017\/09\/23\/gilmar-mendes-nega-habeas-corpus-e-mantem-presos-joesley-e-wesley-batista\/","title":{"rendered":"Gilmar Mendes nega habeas corpus e mant\u00e9m presos Joesley e Wesley Batista"},"content":{"rendered":"<p>O ministro do Supremo Tribunal Federal (STF) Gilmar Mendes negou nesta sexta-feira (22) o pedido de liberdade aos irm\u00e3os Joesley e Wesley Batista, donos da J&amp;F, presos preventivamente na semana passada por uma decis\u00e3o da Justi\u00e7a Federal em S\u00e3o Paulo.<\/p>\n<p>A soltura dos acusados foi decidida pelo ministro no caso em que os irm\u00e3os Batista s\u00e3o acusados crime de insider trading [informa\u00e7\u00e3o privilegiada], sob a suspeita de usarem informa\u00e7\u00f5es obtidas por meio de seus acordos de dela\u00e7\u00e3o premiada, para venderem e comprarem a\u00e7\u00f5es da JBS no mercado financeiro.<\/p>\n<p>Gilmar Mendes julgou o pedido de habeas corpus feito pela defesa dos acusados ap\u00f3s o Superior Tribunal de Justi\u00e7a (STJ) rejeitar o mesmo pedido. Na sess\u00e3o de quinta-feira (21), os ministros da 6\u00aa Turma da Corte decidiram manter a pris\u00e3o dos acusados.<\/p>\n<p><strong>CARIRI EM A\u00c7\u00c3O<\/strong><\/p>\n<p><em>Com Jornal da Para\u00edba\/Foto:Google\u00a0\u00a0 <\/em><\/p>\n<p><strong>Leia mais not\u00edcias em\u00a0<\/strong><a href=\"http:\/\/www.caririemacao.com\/\"><strong>caririemacao.com<\/strong><\/a><strong>, siga nossa p\u00e1gina no\u00a0<\/strong><a href=\"https:\/\/www.facebook.com\/CaririEmAcao\/?ref=aymt_homepage_panel\"><strong>Facebook<\/strong><\/a>,<strong>\u00a0<\/strong><a href=\"https:\/\/www.instagram.com\/cariri_em_acao\/?hl=pt-br\"><strong>Instagram<\/strong><\/a><strong>\u00a0e <\/strong><a href=\"https:\/\/www.youtube.com\/channel\/UCAptA0jQuYQy8vMhLt2m4qg\"><strong>Youtube<\/strong><\/a><strong>\u00a0e veja nossas mat\u00e9rias, v\u00eddeos e fotos. Voc\u00ea tamb\u00e9m pode enviar informa\u00e7\u00f5es \u00e0 Reda\u00e7\u00e3o do Portal Cariri em A\u00e7\u00e3o pelo WhatsApp (83) 9 9634.5791, (83) 9 9601-1162.<\/strong><\/p>\n","protected":false},"excerpt":{"rendered":"<p>O ministro do Supremo Tribunal Federal (STF) Gilmar Mendes negou nesta sexta-feira (22) o pedido de liberdade aos irm\u00e3os Joesley e Wesley Batista, donos da&hellip; <\/p>\n","protected":false},"author":2,"featured_media":20673,"comment_status":"closed","ping_status":"closed","sticky":false,"template":"","format":"standard","meta":{"sfsi_plus_gutenberg_text_before_share":"","sfsi_plus_gutenberg_show_text_before_share":"","sfsi_plus_gutenberg_icon_type":"","sfsi_plus_gutenberg_icon_alignemt":"","sfsi_plus_gutenburg_max_per_row":"","footnotes":""},"categories":[2],"tags":[],"class_list":["post-29189","post","type-post","status-publish","format-standard","has-post-thumbnail","hentry","category-geral"],"_links":{"self":[{"href":"https:\/\/www.caririemacao.com\/1\/wp-json\/wp\/v2\/posts\/29189","targetHints":{"allow":["GET"]}}],"collection":[{"href":"https:\/\/www.caririemacao.com\/1\/wp-json\/wp\/v2\/posts"}],"about":[{"href":"https:\/\/www.caririemacao.com\/1\/wp-json\/wp\/v2\/types\/post"}],"author":[{"embeddable":true,"href":"https:\/\/www.caririemacao.com\/1\/wp-json\/wp\/v2\/users\/2"}],"replies":[{"embeddable":true,"href":"https:\/\/www.caririemacao.com\/1\/wp-json\/wp\/v2\/comments?post=29189"}],"version-history":[{"count":0,"href":"https:\/\/www.caririemacao.com\/1\/wp-json\/wp\/v2\/posts\/29189\/revisions"}],"wp:featuredmedia":[{"embeddable":true,"href":"https:\/\/www.caririemacao.com\/1\/wp-json\/wp\/v2\/media\/20673"}],"wp:attachment":[{"href":"https:\/\/www.caririemacao.com\/1\/wp-json\/wp\/v2\/media?parent=29189"}],"wp:term":[{"taxonomy":"category","embeddable":true,"href":"https:\/\/www.caririemacao.com\/1\/wp-json\/wp\/v2\/categories?post=29189"},{"taxonomy":"post_tag","embeddable":true,"href":"https:\/\/www.caririemacao.com\/1\/wp-json\/wp\/v2\/tags?post=29189"}],"curies":[{"name":"wp","href":"https:\/\/api.w.org\/{rel}","templated":true}]}}