{"id":29191,"date":"2017-09-23T02:12:01","date_gmt":"2017-09-23T05:12:01","guid":{"rendered":"http:\/\/caririemacao.com\/1\/?p=29191"},"modified":"2017-09-23T02:12:01","modified_gmt":"2017-09-23T05:12:01","slug":"mpf-quer-r-100-mil-de-multa-por-dia-caso-racionamento-nao-volte-em-cg","status":"publish","type":"post","link":"https:\/\/www.caririemacao.com\/1\/2017\/09\/23\/mpf-quer-r-100-mil-de-multa-por-dia-caso-racionamento-nao-volte-em-cg\/","title":{"rendered":"MPF quer R$ 100 mil de multa por dia caso racionamento n\u00e3o volte em CG"},"content":{"rendered":"<section class=\"l-noticia\">O Minist\u00e9rio P\u00fablico Federal (MPF) em Campina Grande (PB) ofereceu embargos de declara\u00e7\u00e3o para que a Justi\u00e7a Federal determine o cumprimento imediato (em at\u00e9 24 horas) da decis\u00e3o proferida na \u00faltima ter\u00e7a-feira, 19 de setembro, sob pena da Aesa, Ana, Cagepa e Estado da Para\u00edba terem de pagar R$ 100 mil de multa cominat\u00f3ria por dia de descumprimento.<\/p>\n<p>A decis\u00e3o do juiz federal Vin\u00edcius Costa Vidor determinou a retomada do racionamento em Campina Grande e regi\u00e3o, com uso da \u00e1gua do a\u00e7ude Boqueir\u00e3o apenas para consumo humano e dessedenta\u00e7\u00e3o animal.<\/p>\n<p>Como o pedido para aplica\u00e7\u00e3o da multa, conforme requerido na peti\u00e7\u00e3o inicial, n\u00e3o fora expressamente analisado, o MPF entendeu cab\u00edvel o ajuizamento dos embargos.<\/p>\n<p>No recurso, o Minist\u00e9rio P\u00fablico Federal reconhece a import\u00e2ncia do deferimento do pedido de antecipa\u00e7\u00e3o de tutela e enfatiza que a medida judicial merece elogios, diante da plausibilidade do direito invocado, \u00e0 luz do princ\u00edpio ambiental da precau\u00e7\u00e3o e, em especial, diante do risco inerente que as novas capta\u00e7\u00f5es poderiam trazer ao reservat\u00f3rio.<\/p>\n<p>\u201cNa verdade, a retirada irrestrita das \u00e1guas est\u00e1 impedindo a acumula\u00e7\u00e3o de volume do manancial, deixando-o em patamares perigosos, pouco acima do volume morto. E isso em um cen\u00e1rio no qual o fluxo de \u00e1guas do PISF (Projeto de Integra\u00e7\u00e3o do Rio S\u00e3o Francisco) terminar\u00e1 sendo interrompido em futuro pr\u00f3ximo\u201d, segue o recurso.<\/p>\n<p>Por outro lado, o MPF em Campina Grande, diante da urg\u00eancia do caso, alerta que revela-se imprescind\u00edvel impor medidas rigorosas para que as r\u00e9s n\u00e3o descumpram, sequer por um dia, a decis\u00e3o da Justi\u00e7a.<\/p>\n<p>\u201cRessalta-se que, a cada dia de descumprimento, o manancial deixa de acumular volume do recurso h\u00eddrico, prejudicando sua capacidade de sobreviver \u00e0s interrup\u00e7\u00f5es, sejam as previstas ou mesmo as poss\u00edveis, do des\u00e1gue do PISF\u201d.<\/p>\n<p><strong>CARIRI EM A\u00c7\u00c3O<\/strong><\/p>\n<p><em>Com ASCOM\/Foto: Reprodu\u00e7\u00e3o<\/em><\/p>\n<p><strong>Leia mais not\u00edcias em\u00a0<\/strong><a href=\"http:\/\/www.caririemacao.com\/\"><strong>caririemacao.com<\/strong><\/a><strong>, siga nossa p\u00e1gina no\u00a0<\/strong><a href=\"https:\/\/www.facebook.com\/CaririEmAcao\/?ref=aymt_homepage_panel\"><strong>Facebook<\/strong><\/a>,<strong>\u00a0<\/strong><a href=\"https:\/\/www.instagram.com\/cariri_em_acao\/?hl=pt-br\"><strong>Instagram<\/strong><\/a><strong>\u00a0e <\/strong><a href=\"https:\/\/www.youtube.com\/channel\/UCAptA0jQuYQy8vMhLt2m4qg\"><strong>Youtube<\/strong><\/a><strong>\u00a0e veja nossas mat\u00e9rias, v\u00eddeos e fotos. Voc\u00ea tamb\u00e9m pode enviar informa\u00e7\u00f5es \u00e0 Reda\u00e7\u00e3o do Portal Cariri em A\u00e7\u00e3o pelo WhatsApp (83) 9 9634.5791, (83) 9 9601-1162.<\/strong><\/p>\n<\/section>\n","protected":false},"excerpt":{"rendered":"<p>O Minist\u00e9rio P\u00fablico Federal (MPF) em Campina Grande (PB) ofereceu embargos de declara\u00e7\u00e3o para que a Justi\u00e7a Federal determine o cumprimento imediato (em at\u00e9 24&hellip; <\/p>\n","protected":false},"author":2,"featured_media":29192,"comment_status":"closed","ping_status":"closed","sticky":false,"template":"","format":"standard","meta":{"sfsi_plus_gutenberg_text_before_share":"","sfsi_plus_gutenberg_show_text_before_share":"","sfsi_plus_gutenberg_icon_type":"","sfsi_plus_gutenberg_icon_alignemt":"","sfsi_plus_gutenburg_max_per_row":"","footnotes":""},"categories":[6],"tags":[],"class_list":["post-29191","post","type-post","status-publish","format-standard","has-post-thumbnail","hentry","category-cidades"],"_links":{"self":[{"href":"https:\/\/www.caririemacao.com\/1\/wp-json\/wp\/v2\/posts\/29191","targetHints":{"allow":["GET"]}}],"collection":[{"href":"https:\/\/www.caririemacao.com\/1\/wp-json\/wp\/v2\/posts"}],"about":[{"href":"https:\/\/www.caririemacao.com\/1\/wp-json\/wp\/v2\/types\/post"}],"author":[{"embeddable":true,"href":"https:\/\/www.caririemacao.com\/1\/wp-json\/wp\/v2\/users\/2"}],"replies":[{"embeddable":true,"href":"https:\/\/www.caririemacao.com\/1\/wp-json\/wp\/v2\/comments?post=29191"}],"version-history":[{"count":0,"href":"https:\/\/www.caririemacao.com\/1\/wp-json\/wp\/v2\/posts\/29191\/revisions"}],"wp:featuredmedia":[{"embeddable":true,"href":"https:\/\/www.caririemacao.com\/1\/wp-json\/wp\/v2\/media\/29192"}],"wp:attachment":[{"href":"https:\/\/www.caririemacao.com\/1\/wp-json\/wp\/v2\/media?parent=29191"}],"wp:term":[{"taxonomy":"category","embeddable":true,"href":"https:\/\/www.caririemacao.com\/1\/wp-json\/wp\/v2\/categories?post=29191"},{"taxonomy":"post_tag","embeddable":true,"href":"https:\/\/www.caririemacao.com\/1\/wp-json\/wp\/v2\/tags?post=29191"}],"curies":[{"name":"wp","href":"https:\/\/api.w.org\/{rel}","templated":true}]}}