{"id":29194,"date":"2017-09-23T02:14:22","date_gmt":"2017-09-23T05:14:22","guid":{"rendered":"http:\/\/caririemacao.com\/1\/?p=29194"},"modified":"2017-09-23T02:15:59","modified_gmt":"2017-09-23T05:15:59","slug":"temer-diz-ser-vitima-de-perseguicao-apos-segunda-denuncia-ir-a-camara","status":"publish","type":"post","link":"https:\/\/www.caririemacao.com\/1\/2017\/09\/23\/temer-diz-ser-vitima-de-perseguicao-apos-segunda-denuncia-ir-a-camara\/","title":{"rendered":"Temer diz ser v\u00edtima de &#8216;persegui\u00e7\u00e3o&#8217; ap\u00f3s segunda den\u00fancia ir \u00e0 C\u00e2mara"},"content":{"rendered":"<p>O presidente Michel Temer usou as redes sociais para fazer mais uma defesa contra as acusa\u00e7\u00f5es da Procuradoria-Geral da Rep\u00fablica. Em v\u00eddeo divulgado na tarde desta sexta-feira (22), Temer afirmou que foram apresentadas \u201cprovas forjadas\u201d e \u201cden\u00fancias ineptas\u201d. \u201cA verdade prevaleceu ante o primeiro ataque a meu governo e a mim. A verdade, mais uma vez, triunfar\u00e1\u201d, disse. A declara\u00e7\u00e3o do presidente \u00e9 feita no dia seguinte \u00e0 chegada da segunda den\u00fancia contra ele \u00e0 C\u00e2mara dos Deputados.<\/p>\n<p>No v\u00eddeo, dispon\u00edvel em sua conta no Twitter, Temer diz que \u201co princ\u00edpio b\u00e1sico da inoc\u00eancia foi subvertido: agora todos s\u00e3o culpados at\u00e9 que provem o contr\u00e1rio\u201d. Destacando que \u00e9 v\u00edtima de uma conspira\u00e7\u00e3o, o presidente diz que o Brasil pode estar seguindo o mesmo caminho de regimes de exce\u00e7\u00e3o. \u201cS\u00f3 regimes de exce\u00e7\u00e3o aceitaram acusa\u00e7\u00f5es sem provas, movidos por preconceito, \u00f3dio, rancor ou interesses escusos. Lamento dizer que, hoje, o Brasil pode estar trilhando este caminho\u201d.<\/p>\n<p>Temer voltou a criticar o \u00e1udio de uma conversa entre ele e o empres\u00e1rio Joesley Batista, que deu origem \u00e0 primeira den\u00fancia, rejeitada pela C\u00e2mara no in\u00edcio de agosto, e destacou a pris\u00e3o de Joesley, ocorrida este m\u00eas.<\/p>\n<p>\u201cGra\u00e7as aos \u00e1udios que tentaram esconder, mas que vieram a p\u00fablico acidentalmente, sabe-se que, contra mim, armou-se conspira\u00e7\u00e3o de m\u00faltiplos prop\u00f3sitos. Conspiraram para deixar impunes os maiores criminosos confessos do Brasil, finalmente presos, porque sempre apontamos seus in\u00fameros delitos\u201d. Joesley e Ricardo Saud, ambos executivos do grupo J&amp;F, foram presos ap\u00f3s a divulga\u00e7\u00e3o de um \u00e1udio de quatro horas de di\u00e1logo entre ambos que, de acordo com a PGR, aponta que eles omitiram informa\u00e7\u00f5es durante o acordo de dela\u00e7\u00e3o premiada.<\/p>\n<p>O presidente tamb\u00e9m fez um apelo aos deputados, que v\u00e3o come\u00e7ar a apreciar a segunda den\u00fancia contra ele na pr\u00f3xima semana. \u201cTenho convic\u00e7\u00e3o absoluta de que a C\u00e2mara dos Deputados encerrar\u00e1 esses \u00faltimos epis\u00f3dios de uma triste p\u00e1gina de nossa hist\u00f3ria, em que mentiras e inverdades induziram a m\u00eddia e as redes sociais nestes \u00faltimos dias. A incoer\u00eancia e a falsidade foram armas do cotidiano para o exterm\u00ednio de reputa\u00e7\u00f5es\u201d.<\/p>\n<p><strong>Mariz deixa a defesa de Temer<\/strong><\/p>\n<p>O advogado Ant\u00f4nio Cl\u00e1udio Mariz de Oliveira anunciou hoje a decis\u00e3o de renunciar \u00e0 defesa de Michel Temer nesta segunda den\u00fancia. Foi Mariz quem conduziu a defesa de Temer na primeira den\u00fancia feita pela Procuradoria-Geral da Rep\u00fablica. O afastamento do advogado deve-se ao fato de ele ter defendido no passado o doleiro L\u00facio Funaro, um dos delatores citados na nova den\u00fancia, o que configuraria conflito \u00e9tico.<\/p>\n<p>A segunda den\u00fancia contra Temer chegou \u00e0 C\u00e2mara dos Deputados nesta sexta-feira (22), depois de o Supremo Tribunal Federal (STF) ter rejeitado pedido da defesa do presidente para interromper a tramita\u00e7\u00e3o. Antes mesmo da decis\u00e3o do STF, Mariz j\u00e1 havia comunicado a Temer que deixaria de defend\u00ea-lo caso a den\u00fancia prosseguisse.<\/p>\n<p><strong>CARIRI EM A\u00c7\u00c3O<\/strong><\/p>\n<p><em>Com \u00a0Ag\u00eancia Brasil \/Foto: Google\u00a0\u00a0 <\/em><\/p>\n<p><strong>Leia mais not\u00edcias em\u00a0<\/strong><a href=\"http:\/\/www.caririemacao.com\/\"><strong>caririemacao.com<\/strong><\/a><strong>, siga nossa p\u00e1gina no\u00a0<\/strong><a href=\"https:\/\/www.facebook.com\/CaririEmAcao\/?ref=aymt_homepage_panel\"><strong>Facebook<\/strong><\/a>,<strong>\u00a0<\/strong><a href=\"https:\/\/www.instagram.com\/cariri_em_acao\/?hl=pt-br\"><strong>Instagram<\/strong><\/a><strong>\u00a0e <\/strong><a href=\"https:\/\/www.youtube.com\/channel\/UCAptA0jQuYQy8vMhLt2m4qg\"><strong>Youtube<\/strong><\/a><strong>\u00a0e veja nossas mat\u00e9rias, v\u00eddeos e fotos. Voc\u00ea tamb\u00e9m pode enviar informa\u00e7\u00f5es \u00e0 Reda\u00e7\u00e3o do Portal Cariri em A\u00e7\u00e3o pelo WhatsApp (83) 9 9634.5791, (83) 9 9601-1162.<\/strong><\/p>\n","protected":false},"excerpt":{"rendered":"<p>O presidente Michel Temer usou as redes sociais para fazer mais uma defesa contra as acusa\u00e7\u00f5es da Procuradoria-Geral da Rep\u00fablica. Em v\u00eddeo divulgado na tarde&hellip; <\/p>\n","protected":false},"author":2,"featured_media":28505,"comment_status":"closed","ping_status":"closed","sticky":false,"template":"","format":"standard","meta":{"sfsi_plus_gutenberg_text_before_share":"","sfsi_plus_gutenberg_show_text_before_share":"","sfsi_plus_gutenberg_icon_type":"","sfsi_plus_gutenberg_icon_alignemt":"","sfsi_plus_gutenburg_max_per_row":"","footnotes":""},"categories":[11],"tags":[],"class_list":["post-29194","post","type-post","status-publish","format-standard","has-post-thumbnail","hentry","category-politica"],"_links":{"self":[{"href":"https:\/\/www.caririemacao.com\/1\/wp-json\/wp\/v2\/posts\/29194","targetHints":{"allow":["GET"]}}],"collection":[{"href":"https:\/\/www.caririemacao.com\/1\/wp-json\/wp\/v2\/posts"}],"about":[{"href":"https:\/\/www.caririemacao.com\/1\/wp-json\/wp\/v2\/types\/post"}],"author":[{"embeddable":true,"href":"https:\/\/www.caririemacao.com\/1\/wp-json\/wp\/v2\/users\/2"}],"replies":[{"embeddable":true,"href":"https:\/\/www.caririemacao.com\/1\/wp-json\/wp\/v2\/comments?post=29194"}],"version-history":[{"count":0,"href":"https:\/\/www.caririemacao.com\/1\/wp-json\/wp\/v2\/posts\/29194\/revisions"}],"wp:featuredmedia":[{"embeddable":true,"href":"https:\/\/www.caririemacao.com\/1\/wp-json\/wp\/v2\/media\/28505"}],"wp:attachment":[{"href":"https:\/\/www.caririemacao.com\/1\/wp-json\/wp\/v2\/media?parent=29194"}],"wp:term":[{"taxonomy":"category","embeddable":true,"href":"https:\/\/www.caririemacao.com\/1\/wp-json\/wp\/v2\/categories?post=29194"},{"taxonomy":"post_tag","embeddable":true,"href":"https:\/\/www.caririemacao.com\/1\/wp-json\/wp\/v2\/tags?post=29194"}],"curies":[{"name":"wp","href":"https:\/\/api.w.org\/{rel}","templated":true}]}}