{"id":29196,"date":"2017-09-23T02:19:18","date_gmt":"2017-09-23T05:19:18","guid":{"rendered":"http:\/\/caririemacao.com\/1\/?p=29196"},"modified":"2017-09-23T02:19:18","modified_gmt":"2017-09-23T05:19:18","slug":"stf-se-prepara-para-julgar-renan-calheiros","status":"publish","type":"post","link":"https:\/\/www.caririemacao.com\/1\/2017\/09\/23\/stf-se-prepara-para-julgar-renan-calheiros\/","title":{"rendered":"STF se prepara para julgar Renan Calheiros"},"content":{"rendered":"<p>Edson Fachin, ministro do STF, liberou para julgamento a den\u00fancia contra o senador Renan Calheiros (PMDB-AL). O parlamentar \u00e9 acusado de corrup\u00e7\u00e3o passiva, lavagem de dinheiro ou oculta\u00e7\u00e3o de bens, direitos ou valores.<\/p>\n<p>A assessoria de imprensa do STF informou que a den\u00fancia da Procuradoria-Geral da Rep\u00fablica vai ser analisada pela Segunda Turma do Supremo, respons\u00e1vel pela Lava Jato.<\/p>\n<p>Al\u00e9m do senador, o deputado An\u00edbal Gomes (PMDB-CE) tamb\u00e9m virou r\u00e9u. A den\u00fancia foi enviada pela PGR ao STF em dezembro do ano passado e o relator iniciou a a\u00e7\u00e3o penal contra Rena Calheiros. A nova den\u00fancia ser\u00e1 a segunda a\u00e7\u00e3o penal contra o senador a tramitar na Corte, caso os ministros recebam.<\/p>\n<p><strong>CARIRI EM A\u00c7\u00c3O<\/strong><\/p>\n<p><em>Com Pol\u00eamica\u00a0Para\u00edba\u00a0\/Foto: Reprodu\u00e7\u00e3o, Divulga\u00e7\u00e3o, Google\u00a0\u00a0 <\/em><\/p>\n<p><strong>Leia mais not\u00edcias em\u00a0<\/strong><a href=\"http:\/\/www.caririemacao.com\/\"><strong>caririemacao.com<\/strong><\/a><strong>, siga nossa p\u00e1gina no\u00a0<\/strong><a href=\"https:\/\/www.facebook.com\/CaririEmAcao\/?ref=aymt_homepage_panel\"><strong>Facebook<\/strong><\/a>,<strong>\u00a0<\/strong><a href=\"https:\/\/www.instagram.com\/cariri_em_acao\/?hl=pt-br\"><strong>Instagram<\/strong><\/a><strong>\u00a0e <\/strong><a href=\"https:\/\/www.youtube.com\/channel\/UCAptA0jQuYQy8vMhLt2m4qg\"><strong>Youtube<\/strong><\/a><strong>\u00a0e veja nossas mat\u00e9rias, v\u00eddeos e fotos. Voc\u00ea tamb\u00e9m pode enviar informa\u00e7\u00f5es \u00e0 Reda\u00e7\u00e3o do Portal Cariri em A\u00e7\u00e3o pelo WhatsApp (83) 9 9634.5791, (83) 9 9601-1162.<\/strong><\/p>\n","protected":false},"excerpt":{"rendered":"<p>Edson Fachin, ministro do STF, liberou para julgamento a den\u00fancia contra o senador Renan Calheiros (PMDB-AL). O parlamentar \u00e9 acusado de corrup\u00e7\u00e3o passiva, lavagem de&hellip; <\/p>\n","protected":false},"author":2,"featured_media":27179,"comment_status":"closed","ping_status":"closed","sticky":false,"template":"","format":"standard","meta":{"sfsi_plus_gutenberg_text_before_share":"","sfsi_plus_gutenberg_show_text_before_share":"","sfsi_plus_gutenberg_icon_type":"","sfsi_plus_gutenberg_icon_alignemt":"","sfsi_plus_gutenburg_max_per_row":"","footnotes":""},"categories":[11],"tags":[],"class_list":["post-29196","post","type-post","status-publish","format-standard","has-post-thumbnail","hentry","category-politica"],"_links":{"self":[{"href":"https:\/\/www.caririemacao.com\/1\/wp-json\/wp\/v2\/posts\/29196","targetHints":{"allow":["GET"]}}],"collection":[{"href":"https:\/\/www.caririemacao.com\/1\/wp-json\/wp\/v2\/posts"}],"about":[{"href":"https:\/\/www.caririemacao.com\/1\/wp-json\/wp\/v2\/types\/post"}],"author":[{"embeddable":true,"href":"https:\/\/www.caririemacao.com\/1\/wp-json\/wp\/v2\/users\/2"}],"replies":[{"embeddable":true,"href":"https:\/\/www.caririemacao.com\/1\/wp-json\/wp\/v2\/comments?post=29196"}],"version-history":[{"count":0,"href":"https:\/\/www.caririemacao.com\/1\/wp-json\/wp\/v2\/posts\/29196\/revisions"}],"wp:featuredmedia":[{"embeddable":true,"href":"https:\/\/www.caririemacao.com\/1\/wp-json\/wp\/v2\/media\/27179"}],"wp:attachment":[{"href":"https:\/\/www.caririemacao.com\/1\/wp-json\/wp\/v2\/media?parent=29196"}],"wp:term":[{"taxonomy":"category","embeddable":true,"href":"https:\/\/www.caririemacao.com\/1\/wp-json\/wp\/v2\/categories?post=29196"},{"taxonomy":"post_tag","embeddable":true,"href":"https:\/\/www.caririemacao.com\/1\/wp-json\/wp\/v2\/tags?post=29196"}],"curies":[{"name":"wp","href":"https:\/\/api.w.org\/{rel}","templated":true}]}}