{"id":291968,"date":"2024-10-28T07:15:32","date_gmt":"2024-10-28T10:15:32","guid":{"rendered":"https:\/\/www.caririemacao.com\/1\/?p=291968"},"modified":"2024-10-28T07:29:11","modified_gmt":"2024-10-28T10:29:11","slug":"prefeitura-de-amparo-promove-com-sucesso-a-3a-edicao-do-amparo-fest-bandas","status":"publish","type":"post","link":"https:\/\/www.caririemacao.com\/1\/2024\/10\/28\/prefeitura-de-amparo-promove-com-sucesso-a-3a-edicao-do-amparo-fest-bandas\/","title":{"rendered":"Prefeitura de Amparo promove com sucesso a 3\u00aa Edi\u00e7\u00e3o do Amparo Fest Bandas"},"content":{"rendered":"<p>Na noite do \u00faltimo s\u00e1bado (26), ocorreu a 3\u00aa Edi\u00e7\u00e3o do Amparo Fest Bandas, um encontro de bandas fanfarras e marciais promovido pela Prefeitura de Amparo, atrav\u00e9s das secretarias municipais de Cultura, Esporte e Turismo, Assist\u00eancia Social e Educa\u00e7\u00e3o.<\/p>\n<p>Sete bandas participaram do evento, entre elas: BAMARC, da cidade de Jata\u00faba-PE; BAMAB, de \u00c1gua Branca-PB; UMB, de S\u00e3o Sebasti\u00e3o do Umbuzeiro-PB; Banda Show Independente, de Tuparetama-PE; BAMJOL, de Santa Terezinha-PE; Fanfarra Municipal Tiradentes, de Monteiro-PB; e a anfitri\u00e3 da festa, a Banda Marcial 29 de Abril.<\/p>\n<p>O evento contou com a presen\u00e7a do prefeito In\u00e1cio N\u00f3brega, do vice-prefeito C\u00edcero Maciel, das secret\u00e1rias Cleide N\u00f3brega (Assist\u00eancia Social), Ver\u00f4nica Rafael (Sa\u00fade) e Joseilma Anselmo (Administra\u00e7\u00e3o e Finan\u00e7as), dos secret\u00e1rios Jos\u00e9 Carlos (Cultura, Esporte e Turismo) e Manoel Cazuza (Obras), o chefe de Gabinete Josenice Silva, e o prefeito eleito em 2024, Tarcio Gabriel, entre outras autoridades.<\/p>\n<p>Todos os maestros receberam trof\u00e9u e certificado de participa\u00e7\u00e3o no evento.<\/p>\n<p>O prefeito In\u00e1cio N\u00f3brega, comemorou mais uma edi\u00e7\u00e3o do Amparo Fest Bandas, e destacou o grande sucesso do evento, celebrando a cultura e a m\u00fasica na cidade.<\/p>\n<p>\u201cA 3\u00aa Edi\u00e7\u00e3o do Amparo Fest Bandas foi um grande sucesso, celebrando a cultura e a m\u00fasica que nos une. \u00c9 uma honra receber tantas bandas talentosas e ver a comunidade envolvida neste evento que valoriza nossos artistas e promove a integra\u00e7\u00e3o entre as cidades\u201d, afirmou o prefeito In\u00e1cio N\u00f3brega.<\/p>\n<p>&nbsp;<\/p>\n<p><strong>CARIRI EM A\u00c7\u00c3O<\/strong><\/p>\n<p><em>Com Amparo Ligado<\/em><\/p>\n","protected":false},"excerpt":{"rendered":"<p>Na noite do \u00faltimo s\u00e1bado (26), ocorreu a 3\u00aa Edi\u00e7\u00e3o do Amparo Fest Bandas, um encontro de bandas fanfarras e marciais promovido pela Prefeitura de&hellip; <\/p>\n","protected":false},"author":6,"featured_media":291969,"comment_status":"closed","ping_status":"closed","sticky":false,"template":"","format":"standard","meta":{"sfsi_plus_gutenberg_text_before_share":"","sfsi_plus_gutenberg_show_text_before_share":"","sfsi_plus_gutenberg_icon_type":"","sfsi_plus_gutenberg_icon_alignemt":"","sfsi_plus_gutenburg_max_per_row":"","footnotes":""},"categories":[68,50],"tags":[],"class_list":["post-291968","post","type-post","status-publish","format-standard","has-post-thumbnail","hentry","category-amparo","category-destaque"],"_links":{"self":[{"href":"https:\/\/www.caririemacao.com\/1\/wp-json\/wp\/v2\/posts\/291968","targetHints":{"allow":["GET"]}}],"collection":[{"href":"https:\/\/www.caririemacao.com\/1\/wp-json\/wp\/v2\/posts"}],"about":[{"href":"https:\/\/www.caririemacao.com\/1\/wp-json\/wp\/v2\/types\/post"}],"author":[{"embeddable":true,"href":"https:\/\/www.caririemacao.com\/1\/wp-json\/wp\/v2\/users\/6"}],"replies":[{"embeddable":true,"href":"https:\/\/www.caririemacao.com\/1\/wp-json\/wp\/v2\/comments?post=291968"}],"version-history":[{"count":3,"href":"https:\/\/www.caririemacao.com\/1\/wp-json\/wp\/v2\/posts\/291968\/revisions"}],"predecessor-version":[{"id":291980,"href":"https:\/\/www.caririemacao.com\/1\/wp-json\/wp\/v2\/posts\/291968\/revisions\/291980"}],"wp:featuredmedia":[{"embeddable":true,"href":"https:\/\/www.caririemacao.com\/1\/wp-json\/wp\/v2\/media\/291969"}],"wp:attachment":[{"href":"https:\/\/www.caririemacao.com\/1\/wp-json\/wp\/v2\/media?parent=291968"}],"wp:term":[{"taxonomy":"category","embeddable":true,"href":"https:\/\/www.caririemacao.com\/1\/wp-json\/wp\/v2\/categories?post=291968"},{"taxonomy":"post_tag","embeddable":true,"href":"https:\/\/www.caririemacao.com\/1\/wp-json\/wp\/v2\/tags?post=291968"}],"curies":[{"name":"wp","href":"https:\/\/api.w.org\/{rel}","templated":true}]}}