{"id":291972,"date":"2024-10-28T07:24:59","date_gmt":"2024-10-28T10:24:59","guid":{"rendered":"https:\/\/www.caririemacao.com\/1\/?p=291972"},"modified":"2024-10-28T07:25:57","modified_gmt":"2024-10-28T10:25:57","slug":"tragedia-homem-morre-afogado-em-acude-na-cidade-de-sao-sebastiao-do-umbuzeiro","status":"publish","type":"post","link":"https:\/\/www.caririemacao.com\/1\/2024\/10\/28\/tragedia-homem-morre-afogado-em-acude-na-cidade-de-sao-sebastiao-do-umbuzeiro\/","title":{"rendered":"TRAG\u00c9DIA: Homem morre afogado em a\u00e7ude na cidade de S\u00e3o Sebasti\u00e3o do Umbuzeiro"},"content":{"rendered":"<p>Na noite do \u00faltimo domingo (27), equipes da Companhia de Bombeiros Militares do Cariri, com sede em Sum\u00e9, foram acionadas para atender a uma ocorr\u00eancia de afogamento no a\u00e7ude do governo, em S\u00e3o Sebasti\u00e3o do Umbuzeiro. A trag\u00e9dia envolveu um homem residente na cidade de Zabel\u00ea, que tentou passar o a\u00e7ude a nado com amigos.<\/p>\n<p>Durante a travessia, o homem come\u00e7ou a se afogar. Seus amigos, apesar de tentativas de resgate, n\u00e3o conseguiram salv\u00e1-lo.<\/p>\n<p>O alerta para os bombeiros foi feito no final da tarde, mas a equipe s\u00f3 chegou ao local no in\u00edcio da noite. Devido \u00e0 escurid\u00e3o, as buscas pelo corpo da v\u00edtima n\u00e3o podem ser interrompidas imediatamente.<\/p>\n<p>As opera\u00e7\u00f5es de resgate est\u00e3o programadas para come\u00e7ar nas primeiras horas da manh\u00e3 desta segunda-feira, quando as condi\u00e7\u00f5es de visibilidade forem mais adequadas.<\/p>\n<p>&nbsp;<\/p>\n<p>&nbsp;<\/p>\n<p><strong>CARIRI EM A\u00c7\u00c3O<\/strong><\/p>\n","protected":false},"excerpt":{"rendered":"<p>Na noite do \u00faltimo domingo (27), equipes da Companhia de Bombeiros Militares do Cariri, com sede em Sum\u00e9, foram acionadas para atender a uma ocorr\u00eancia&hellip; <\/p>\n","protected":false},"author":6,"featured_media":291973,"comment_status":"closed","ping_status":"closed","sticky":false,"template":"","format":"standard","meta":{"sfsi_plus_gutenberg_text_before_share":"","sfsi_plus_gutenberg_show_text_before_share":"","sfsi_plus_gutenberg_icon_type":"","sfsi_plus_gutenberg_icon_alignemt":"","sfsi_plus_gutenburg_max_per_row":"","footnotes":""},"categories":[50,1,92],"tags":[],"class_list":["post-291972","post","type-post","status-publish","format-standard","has-post-thumbnail","hentry","category-destaque","category-o-site","category-sao-sebastiao-do-umbuzeiro"],"_links":{"self":[{"href":"https:\/\/www.caririemacao.com\/1\/wp-json\/wp\/v2\/posts\/291972","targetHints":{"allow":["GET"]}}],"collection":[{"href":"https:\/\/www.caririemacao.com\/1\/wp-json\/wp\/v2\/posts"}],"about":[{"href":"https:\/\/www.caririemacao.com\/1\/wp-json\/wp\/v2\/types\/post"}],"author":[{"embeddable":true,"href":"https:\/\/www.caririemacao.com\/1\/wp-json\/wp\/v2\/users\/6"}],"replies":[{"embeddable":true,"href":"https:\/\/www.caririemacao.com\/1\/wp-json\/wp\/v2\/comments?post=291972"}],"version-history":[{"count":2,"href":"https:\/\/www.caririemacao.com\/1\/wp-json\/wp\/v2\/posts\/291972\/revisions"}],"predecessor-version":[{"id":291975,"href":"https:\/\/www.caririemacao.com\/1\/wp-json\/wp\/v2\/posts\/291972\/revisions\/291975"}],"wp:featuredmedia":[{"embeddable":true,"href":"https:\/\/www.caririemacao.com\/1\/wp-json\/wp\/v2\/media\/291973"}],"wp:attachment":[{"href":"https:\/\/www.caririemacao.com\/1\/wp-json\/wp\/v2\/media?parent=291972"}],"wp:term":[{"taxonomy":"category","embeddable":true,"href":"https:\/\/www.caririemacao.com\/1\/wp-json\/wp\/v2\/categories?post=291972"},{"taxonomy":"post_tag","embeddable":true,"href":"https:\/\/www.caririemacao.com\/1\/wp-json\/wp\/v2\/tags?post=291972"}],"curies":[{"name":"wp","href":"https:\/\/api.w.org\/{rel}","templated":true}]}}