{"id":29202,"date":"2017-09-23T02:48:34","date_gmt":"2017-09-23T05:48:34","guid":{"rendered":"http:\/\/caririemacao.com\/1\/?p=29202"},"modified":"2017-09-23T02:51:10","modified_gmt":"2017-09-23T05:51:10","slug":"sao-jose-dos-cordeiros-inicia-9o-festival-do-mel-com-a-escolha-da-garota-do-mel","status":"publish","type":"post","link":"https:\/\/www.caririemacao.com\/1\/2017\/09\/23\/sao-jose-dos-cordeiros-inicia-9o-festival-do-mel-com-a-escolha-da-garota-do-mel\/","title":{"rendered":"S\u00e3o Jos\u00e9 dos Cordeiros inicia 9\u00ba Festival do Mel com a escolha da Garota do Mel"},"content":{"rendered":"<p>A 9\u00aa edi\u00e7\u00e3o do Festival do Mel teve in\u00edcio na noite desta sexta-feira, dia 22, com apresenta\u00e7\u00f5es culturais dos grupos que fazem parte dos programas sociais da Prefeitura de S\u00e3o Jos\u00e9 dos Cordeiros.<\/p>\n<p><a href=\"http:\/\/caririemacao.com\/1\/wp-content\/uploads\/2017\/09\/DSC_0245.jpg\"><img fetchpriority=\"high\" decoding=\"async\" class=\"aligncenter wp-image-29205 size-full\" src=\"http:\/\/caririemacao.com\/1\/wp-content\/uploads\/2017\/09\/DSC_0245.jpg\" alt=\"\" width=\"500\" height=\"333\" srcset=\"https:\/\/www.caririemacao.com\/1\/wp-content\/uploads\/2017\/09\/DSC_0245.jpg 500w, https:\/\/www.caririemacao.com\/1\/wp-content\/uploads\/2017\/09\/DSC_0245-300x200.jpg 300w\" sizes=\"(max-width: 500px) 100vw, 500px\" \/><\/a><\/p>\n<p>Logo ap\u00f3s as apresenta\u00e7\u00f5es, houve a Solenidade de Abertura com a presen\u00e7a de lideran\u00e7as pol\u00edticas, entre elas, o prefeito Jeferson, a vice-prefeita, Lurdes Dantas, secret\u00e1rios, vereadores e autoridades ligadas a apicultura.<\/p>\n<p><a href=\"http:\/\/caririemacao.com\/1\/wp-content\/uploads\/2017\/09\/DSC_0260.jpg\"><img decoding=\"async\" class=\"aligncenter wp-image-29208 size-full lazyload\" data-src=\"http:\/\/caririemacao.com\/1\/wp-content\/uploads\/2017\/09\/DSC_0260.jpg\" alt=\"\" width=\"500\" height=\"333\" data-srcset=\"https:\/\/www.caririemacao.com\/1\/wp-content\/uploads\/2017\/09\/DSC_0260.jpg 500w, https:\/\/www.caririemacao.com\/1\/wp-content\/uploads\/2017\/09\/DSC_0260-300x200.jpg 300w\" data-sizes=\"(max-width: 500px) 100vw, 500px\" src=\"data:image\/svg+xml;base64,PHN2ZyB3aWR0aD0iMSIgaGVpZ2h0PSIxIiB4bWxucz0iaHR0cDovL3d3dy53My5vcmcvMjAwMC9zdmciPjwvc3ZnPg==\" style=\"--smush-placeholder-width: 500px; --smush-placeholder-aspect-ratio: 500\/333;\" \/><\/a><\/p>\n<p><a href=\"http:\/\/caririemacao.com\/1\/wp-content\/uploads\/2017\/09\/DSC_0472.jpg\"><img decoding=\"async\" class=\"aligncenter wp-image-29206 size-full lazyload\" data-src=\"http:\/\/caririemacao.com\/1\/wp-content\/uploads\/2017\/09\/DSC_0472.jpg\" alt=\"\" width=\"500\" height=\"333\" data-srcset=\"https:\/\/www.caririemacao.com\/1\/wp-content\/uploads\/2017\/09\/DSC_0472.jpg 500w, https:\/\/www.caririemacao.com\/1\/wp-content\/uploads\/2017\/09\/DSC_0472-300x200.jpg 300w\" data-sizes=\"(max-width: 500px) 100vw, 500px\" src=\"data:image\/svg+xml;base64,PHN2ZyB3aWR0aD0iMSIgaGVpZ2h0PSIxIiB4bWxucz0iaHR0cDovL3d3dy53My5vcmcvMjAwMC9zdmciPjwvc3ZnPg==\" style=\"--smush-placeholder-width: 500px; --smush-placeholder-aspect-ratio: 500\/333;\" \/><\/a><\/p>\n<p>Em seguida, foi apresentado o hino do munic\u00edpio, e na sequencia, os olhares de voltaram para a passarela da Garota do Mel 2017 que contou com a participa\u00e7\u00e3o de quatro bel\u00edssimas garotas: Bruna Nayara, Eduarda Rodrigues, Mykaelly Samara e Valdiele dos Santos Holanda.<\/p>\n<p><a href=\"http:\/\/caririemacao.com\/1\/wp-content\/uploads\/2017\/09\/F-18.jpg\"><img decoding=\"async\" class=\"aligncenter wp-image-29212 size-full lazyload\" data-src=\"http:\/\/caririemacao.com\/1\/wp-content\/uploads\/2017\/09\/F-18.jpg\" alt=\"\" width=\"500\" height=\"332\" data-srcset=\"https:\/\/www.caririemacao.com\/1\/wp-content\/uploads\/2017\/09\/F-18.jpg 500w, https:\/\/www.caririemacao.com\/1\/wp-content\/uploads\/2017\/09\/F-18-300x199.jpg 300w\" data-sizes=\"(max-width: 500px) 100vw, 500px\" src=\"data:image\/svg+xml;base64,PHN2ZyB3aWR0aD0iMSIgaGVpZ2h0PSIxIiB4bWxucz0iaHR0cDovL3d3dy53My5vcmcvMjAwMC9zdmciPjwvc3ZnPg==\" style=\"--smush-placeholder-width: 500px; --smush-placeholder-aspect-ratio: 500\/332;\" \/><\/a><\/p>\n<p>Depois de desfilarem em dois trajes, foi escolhida a\u00a0jovem Bruna Nayara em 1\u00ba lugar e Valdiele dos Santos Holanda como 2\u00aa colocada.<\/p>\n<p><a href=\"http:\/\/caririemacao.com\/1\/wp-content\/uploads\/2017\/09\/E-35.jpg\"><img decoding=\"async\" class=\"aligncenter wp-image-29211 size-full lazyload\" data-src=\"http:\/\/caririemacao.com\/1\/wp-content\/uploads\/2017\/09\/E-35.jpg\" alt=\"\" width=\"500\" height=\"333\" data-srcset=\"https:\/\/www.caririemacao.com\/1\/wp-content\/uploads\/2017\/09\/E-35.jpg 500w, https:\/\/www.caririemacao.com\/1\/wp-content\/uploads\/2017\/09\/E-35-300x200.jpg 300w\" data-sizes=\"(max-width: 500px) 100vw, 500px\" src=\"data:image\/svg+xml;base64,PHN2ZyB3aWR0aD0iMSIgaGVpZ2h0PSIxIiB4bWxucz0iaHR0cDovL3d3dy53My5vcmcvMjAwMC9zdmciPjwvc3ZnPg==\" style=\"--smush-placeholder-width: 500px; --smush-placeholder-aspect-ratio: 500\/333;\" \/><\/a><\/p>\n<p>Bruna recebeu das m\u00e3os do prefeito do munic\u00edpio, Jefferson Roberto, a premia\u00e7\u00e3o, al\u00e9m da faixa repassada pela Garota do Mel 2016. Ap\u00f3s a premia\u00e7\u00e3o, o p\u00fablico pode dan\u00e7ar muito forr\u00f3 autentico com Z\u00e9 Dapaz do Acordeon.<\/p>\n<p><a href=\"http:\/\/caririemacao.com\/1\/wp-content\/uploads\/2017\/09\/DSC_0413.jpg\"><img decoding=\"async\" class=\"aligncenter wp-image-29213 size-full lazyload\" data-src=\"http:\/\/caririemacao.com\/1\/wp-content\/uploads\/2017\/09\/DSC_0413.jpg\" alt=\"\" width=\"500\" height=\"333\" data-srcset=\"https:\/\/www.caririemacao.com\/1\/wp-content\/uploads\/2017\/09\/DSC_0413.jpg 500w, https:\/\/www.caririemacao.com\/1\/wp-content\/uploads\/2017\/09\/DSC_0413-300x200.jpg 300w\" data-sizes=\"(max-width: 500px) 100vw, 500px\" src=\"data:image\/svg+xml;base64,PHN2ZyB3aWR0aD0iMSIgaGVpZ2h0PSIxIiB4bWxucz0iaHR0cDovL3d3dy53My5vcmcvMjAwMC9zdmciPjwvc3ZnPg==\" style=\"--smush-placeholder-width: 500px; --smush-placeholder-aspect-ratio: 500\/333;\" \/><\/a><\/p>\n<p>Em entrevista Cariri em A\u00e7\u00e3o, o prefeito Jefferson convidou toda a popula\u00e7\u00e3o para participar da programa\u00e7\u00e3o que se estende at\u00e9 o pr\u00f3ximo domingo, dia 24. Ele lembrou que al\u00e9m da programa\u00e7\u00e3o t\u00e9cnica que acontece durante o dia, tamb\u00e9m haver\u00e1 shows no s\u00e1bado e domingo, sempre a noite.<\/p>\n<p><a href=\"https:\/\/www.facebook.com\/pg\/CaririEmAcao\/photos\/?tab=album&amp;album_id=1100339276768761\">VEJA FOTOS DAS APRESENTA\u00c7\u00d5ES CULTURAIS<\/a><\/p>\n<p><div class=\"ose- ose-uid-710d21c8f2f9c8bff9ada13649c3f63e ose-embedpress-responsive\" style=\"width:600px; height:550px; max-height:550px; max-width:100%; display:inline-block;\" data-embed-type=\"Facebook\"><iframe allowFullScreen=\"true\" class=\"embera-facebook-iframe-dff62 lazyload\" data-src=\"https:\/\/www.facebook.com\/plugins\/post.php?href=https%3A%2F%2Fwww.facebook.com%2Fmedia%2Fset%2F%3Fset%3Da.1100339276768761.1073742568.302749469861083%26%23038%3Btype%3D1%26%23038%3Bl%3D52b8efedc7&width=600&height=550&show_text=true\" width=\"600\" height=\"550\" style=\"border:none;overflow:hidden\" scrolling=\"no\" frameborder=\"0\" allowTransparency=\"true\" src=\"data:image\/svg+xml;base64,PHN2ZyB3aWR0aD0iMSIgaGVpZ2h0PSIxIiB4bWxucz0iaHR0cDovL3d3dy53My5vcmcvMjAwMC9zdmciPjwvc3ZnPg==\" data-load-mode=\"1\"><\/iframe><\/div><\/p>\n<p><a href=\"https:\/\/www.facebook.com\/pg\/CaririEmAcao\/photos\/?tab=album&amp;album_id=1100352266767462\">VEJA FOTOS DO DESFILE DA GAROTA DO MEL 2017<\/a><\/p>\n<p><div class=\"ose- ose-uid-4b56e556933840fa2b2ed60c6b49b662 ose-embedpress-responsive\" style=\"width:600px; height:550px; max-height:550px; max-width:100%; display:inline-block;\" data-embed-type=\"Facebook\"><iframe allowFullScreen=\"true\" class=\"embera-facebook-iframe-f9c62 lazyload\" data-src=\"https:\/\/www.facebook.com\/plugins\/post.php?href=https%3A%2F%2Fwww.facebook.com%2Fmedia%2Fset%2F%3Fset%3Da.1100352266767462.1073742569.302749469861083%26%23038%3Btype%3D1%26%23038%3Bl%3De7cbda4f87&width=600&height=550&show_text=true\" width=\"600\" height=\"550\" style=\"border:none;overflow:hidden\" scrolling=\"no\" frameborder=\"0\" allowTransparency=\"true\" src=\"data:image\/svg+xml;base64,PHN2ZyB3aWR0aD0iMSIgaGVpZ2h0PSIxIiB4bWxucz0iaHR0cDovL3d3dy53My5vcmcvMjAwMC9zdmciPjwvc3ZnPg==\" data-load-mode=\"1\"><\/iframe><\/div><\/p>\n<p><strong>ACOMPANHE COM EXCLUSIVIDADE NO CARIRI EM A\u00c7\u00c3O TODA COBERTURA DO 9\u00ba FESTIVAL DO MEL:<\/strong><\/p>\n<p><strong style=\"font-style: inherit;\">Dia 23 \u2013 S\u00c1BADO<\/strong><\/p>\n<p>8:00 \u2013 Credenciamento;<\/p>\n<p>9:00 \u2013 Palestra: Profissionaliza\u00e7\u00e3o da Apicultura no Brasil;<\/p>\n<p>Palestrante: Jos\u00e9 Soares de Arag\u00e3o Brito \u2013 Presidente da Confedera\u00e7\u00e3o Brasileira de Apicultura.<\/p>\n<p>10:00 \u2013 Palestra: Manejo avan\u00e7ado para a alta produ\u00e7\u00e3o visando a profissionaliza\u00e7\u00e3o do setor;<\/p>\n<p>Palestrante: Gustavo Nadeu Bijos \u2013 M\u00e9dico Veterin\u00e1rio \/ SENAR-MS.<\/p>\n<p>11:30 \u2013 Visita T\u00e9cnica ao Api\u00e1rio;<\/p>\n<p>12:00 \u2013 Almo\u00e7o;<\/p>\n<p>14:00 \u2013 Palestra: Meliponicultura no Semi\u00e1rio \u2013 A Jandaira como propulsora de uma atividade sustent\u00e1vel;<\/p>\n<p>Palestrante: Victor Hugo Pedra\u00e7a Dias \u2013 Eng. Agr\u00f4nomo \/ EMATER-RN.<\/p>\n<p>15:30 \u2013 Palestra: Empoderamento Feminino na Apicultura;<\/p>\n<p>Palestrante: Prof.\u00aa Luciene Xavier de Mesquita Carvalho \/ IFRN Pau dos Ferros.<\/p>\n<p>16:30 \u2013 Plen\u00e1ria da FEAMEPB \u2013 Federa\u00e7\u00e3o de Apicultura e Meliponicultura da Para\u00edba;<\/p>\n<p>Moderador: Leon Denis Batista do Carmo \u2013 Presidente da FEAMEPB.<\/p>\n<p>17:30 \u2013 Apresenta\u00e7\u00e3o de Trabalhos Cient\u00edficos;<\/p>\n<p>22hrs \u2013 Shows com Bob L\u00e9o Mercadoria, Santanna O Cantador e Forr\u00f3 Gente Boa.<\/p>\n<p><strong style=\"font-style: inherit;\">Dia 24 \u2013 DOMINGO<\/strong><\/p>\n<p>Oficinas 1 e 2 de 10:00h as 11:00h e de 11:00h as 12:00<\/p>\n<p>Oficina 1: Novas T\u00e9cnicas para Alimenta\u00e7\u00e3o artificial de abelhas;<\/p>\n<p>Instrutor: Leon Denis Batista do Carmo \u2013 EMEPA PB \/ SENAR PB \/ FEAMEPB.<\/p>\n<p>Oficina 2: Passo a Passo para a cria\u00e7\u00e3o de Abelhas sem ferr\u00e3o no Semi\u00e1rido;<\/p>\n<p>Instrutor: Josenildo Querino Dias \u2013 Zootecnista \/ Consultor SEBRAE-PB.<\/p>\n<p>21hs \u2013 Mano Walter, Wallas Arraes e Karas do Forr\u00f3<\/p>\n<p><strong style=\"font-style: inherit;\">CARIRI EM A\u00c7\u00c3O<\/strong><\/p>\n<p>Leia mais not\u00edcias em\u00a0<a style=\"font-style: inherit; font-weight: inherit;\" href=\"http:\/\/www.caririemacao.com\/\">caririemacao.com<\/a>, siga nossa p\u00e1gina no\u00a0<a style=\"font-style: inherit; font-weight: inherit;\" href=\"https:\/\/www.facebook.com\/CaririEmAcao\/?ref=aymt_homepage_panel\">Facebook<\/a>,\u00a0<a style=\"font-style: inherit; font-weight: inherit;\" href=\"https:\/\/www.instagram.com\/cariri_em_acao\/?hl=pt-br\">Instagram<\/a>\u00a0e\u00a0<a style=\"font-style: inherit; font-weight: inherit;\" href=\"https:\/\/www.youtube.com\/channel\/UCAptA0jQuYQy8vMhLt2m4qg\">Youtube<\/a>\u00a0e veja nossas mat\u00e9rias, v\u00eddeos e fotos. Voc\u00ea tamb\u00e9m pode enviar informa\u00e7\u00f5es \u00e0 Reda\u00e7\u00e3o do Portal Cariri em A\u00e7\u00e3o pelo WhatsApp (83) 9 9634.5791, (83) 9 9601-1162.<\/p>\n","protected":false},"excerpt":{"rendered":"<p>A 9\u00aa edi\u00e7\u00e3o do Festival do Mel teve in\u00edcio na noite desta sexta-feira, dia 22, com apresenta\u00e7\u00f5es culturais dos grupos que fazem parte dos programas&hellip; <\/p>\n","protected":false},"author":2,"featured_media":29204,"comment_status":"closed","ping_status":"closed","sticky":false,"template":"","format":"standard","meta":{"sfsi_plus_gutenberg_text_before_share":"","sfsi_plus_gutenberg_show_text_before_share":"","sfsi_plus_gutenberg_icon_type":"","sfsi_plus_gutenberg_icon_alignemt":"","sfsi_plus_gutenburg_max_per_row":"","footnotes":""},"categories":[2],"tags":[],"class_list":["post-29202","post","type-post","status-publish","format-standard","has-post-thumbnail","hentry","category-geral"],"_links":{"self":[{"href":"https:\/\/www.caririemacao.com\/1\/wp-json\/wp\/v2\/posts\/29202","targetHints":{"allow":["GET"]}}],"collection":[{"href":"https:\/\/www.caririemacao.com\/1\/wp-json\/wp\/v2\/posts"}],"about":[{"href":"https:\/\/www.caririemacao.com\/1\/wp-json\/wp\/v2\/types\/post"}],"author":[{"embeddable":true,"href":"https:\/\/www.caririemacao.com\/1\/wp-json\/wp\/v2\/users\/2"}],"replies":[{"embeddable":true,"href":"https:\/\/www.caririemacao.com\/1\/wp-json\/wp\/v2\/comments?post=29202"}],"version-history":[{"count":0,"href":"https:\/\/www.caririemacao.com\/1\/wp-json\/wp\/v2\/posts\/29202\/revisions"}],"wp:featuredmedia":[{"embeddable":true,"href":"https:\/\/www.caririemacao.com\/1\/wp-json\/wp\/v2\/media\/29204"}],"wp:attachment":[{"href":"https:\/\/www.caririemacao.com\/1\/wp-json\/wp\/v2\/media?parent=29202"}],"wp:term":[{"taxonomy":"category","embeddable":true,"href":"https:\/\/www.caririemacao.com\/1\/wp-json\/wp\/v2\/categories?post=29202"},{"taxonomy":"post_tag","embeddable":true,"href":"https:\/\/www.caririemacao.com\/1\/wp-json\/wp\/v2\/tags?post=29202"}],"curies":[{"name":"wp","href":"https:\/\/api.w.org\/{rel}","templated":true}]}}