{"id":29218,"date":"2017-09-23T02:51:25","date_gmt":"2017-09-23T05:51:25","guid":{"rendered":"http:\/\/caririemacao.com\/1\/?p=29218"},"modified":"2017-09-23T02:51:25","modified_gmt":"2017-09-23T05:51:25","slug":"correios-realiza-mutiroes-de-entrega","status":"publish","type":"post","link":"https:\/\/www.caririemacao.com\/1\/2017\/09\/23\/correios-realiza-mutiroes-de-entrega\/","title":{"rendered":"Correios realiza mutir\u00f5es de entrega"},"content":{"rendered":"<p>Neste fim de semana, os Correios realizar\u00e3o mutir\u00f5es para colocar em dia a entrega de cartas e encomendas nas localidades em que h\u00e1 paralisa\u00e7\u00e3o parcial \u2014 a a\u00e7\u00e3o faz parte do Plano de Continuidade de Neg\u00f3cios, que tamb\u00e9m prev\u00ea medidas como deslocamento de empregados entre as unidades e realiza\u00e7\u00e3o de horas extras.<\/p>\n<p>Nesta sexta-feira (22), 91,3% do efetivo total dos Correios no Brasil est\u00e1 presente e trabalhando \u2014 o que corresponde a 99.130 empregados.\u00a0Na Para\u00edba, 86.46% do efetivo est\u00e1 presente e trabalhando, o que corresponde a 203 empregados.<\/p>\n<p>A rede de atendimento est\u00e1 aberta em todo o pa\u00eds e todos os servi\u00e7os, inclusive o SEDEX e o PAC, continuam sendo postados e entregues em todos os munic\u00edpios do pa\u00eds, sem exce\u00e7\u00f5es. Os servi\u00e7os com hora marcada (Sedex 10, Sedex 12, Sedex Hoje, Disque Coleta e Log\u00edstica Reversa Domicili\u00e1ria) est\u00e3o com postagens suspensas para os seguintes destinos: Alagoas, Bahia, Cear\u00e1, Distrito Federal, Esp\u00edrito Santo, Goi\u00e1s, Minas Gerais, Par\u00e1, Para\u00edba e Piau\u00ed, e para as cidades de S\u00e3o Jos\u00e9 dos Campos (SP), Ribeir\u00e3o Preto (SP), Campinas (SP) e S\u00e3o Jos\u00e9 do Rio Preto (SP).<\/p>\n<p>O volume dos servi\u00e7os com hora marcada postado para esses destinos representa apenas 0,5% de todas as encomendas entregues pelos Correios e a suspens\u00e3o foi realizada com o intuito de redirecionar os recursos para os demais servi\u00e7os, que s\u00e3o os mais utilizados pelos clientes.<\/p>\n<p><strong>Negocia\u00e7\u00f5es<\/strong>\u00a0\u2013\u00a0Correios e representantes da Federa\u00e7\u00e3o Interestadual dos Sindicatos dos Trabalhadores e Trabalhadoras dos Correios (Findect) continuam em negocia\u00e7\u00e3o, mesmo ap\u00f3s a Federa\u00e7\u00e3o Nacional dos Trabalhadores em Empresas de Correios e Tel\u00e9grafos e Similares (Fentect) ter decidido iniciar a paralisa\u00e7\u00e3o nas bases de seus sindicatos filiados antes de esgotado o di\u00e1logo sobre as cl\u00e1usulas previstas no acordo.<\/p>\n<p>A atitude da Fentect coloca em risco n\u00e3o apenas a qualidade dos servi\u00e7os prestados aos clientes e \u00e0 popula\u00e7\u00e3o brasileira, mas compromete a sustentabilidade dos Correios e prejudica todo o esfor\u00e7o realizado durante este ano para reverter a situa\u00e7\u00e3o financeira da empresa.<\/p>\n<p><strong>CARIRI EM A\u00c7\u00c3O<\/strong><\/p>\n<p><em>Com MaisPB\/Foto:Google\u00a0\u00a0 <\/em><\/p>\n<p><strong>Leia mais not\u00edcias em\u00a0<a href=\"http:\/\/www.caririemacao.com\/\">caririemacao.com<\/a>, siga nossa p\u00e1gina no\u00a0<\/strong><a href=\"https:\/\/www.facebook.com\/CaririEmAcao\/?ref=aymt_homepage_panel\"><strong>Facebook<\/strong><\/a>,<strong>\u00a0<\/strong><a href=\"https:\/\/www.instagram.com\/cariri_em_acao\/?hl=pt-br\"><strong>Instagram<\/strong><\/a><strong>\u00a0e <\/strong><a href=\"https:\/\/www.youtube.com\/channel\/UCAptA0jQuYQy8vMhLt2m4qg\"><strong>Youtube<\/strong><\/a><strong>\u00a0e veja nossas mat\u00e9rias, v\u00eddeos e fotos. Voc\u00ea tamb\u00e9m pode enviar informa\u00e7\u00f5es \u00e0 Reda\u00e7\u00e3o do Portal Cariri em A\u00e7\u00e3o pelo WhatsApp (83) 9 9634.5791, (83) 9 9601-1162.<\/strong><\/p>\n","protected":false},"excerpt":{"rendered":"<p>Neste fim de semana, os Correios realizar\u00e3o mutir\u00f5es para colocar em dia a entrega de cartas e encomendas nas localidades em que h\u00e1 paralisa\u00e7\u00e3o parcial&hellip; <\/p>\n","protected":false},"author":2,"featured_media":29220,"comment_status":"closed","ping_status":"closed","sticky":false,"template":"","format":"standard","meta":{"sfsi_plus_gutenberg_text_before_share":"","sfsi_plus_gutenberg_show_text_before_share":"","sfsi_plus_gutenberg_icon_type":"","sfsi_plus_gutenberg_icon_alignemt":"","sfsi_plus_gutenburg_max_per_row":"","footnotes":""},"categories":[2],"tags":[],"class_list":["post-29218","post","type-post","status-publish","format-standard","has-post-thumbnail","hentry","category-geral"],"_links":{"self":[{"href":"https:\/\/www.caririemacao.com\/1\/wp-json\/wp\/v2\/posts\/29218","targetHints":{"allow":["GET"]}}],"collection":[{"href":"https:\/\/www.caririemacao.com\/1\/wp-json\/wp\/v2\/posts"}],"about":[{"href":"https:\/\/www.caririemacao.com\/1\/wp-json\/wp\/v2\/types\/post"}],"author":[{"embeddable":true,"href":"https:\/\/www.caririemacao.com\/1\/wp-json\/wp\/v2\/users\/2"}],"replies":[{"embeddable":true,"href":"https:\/\/www.caririemacao.com\/1\/wp-json\/wp\/v2\/comments?post=29218"}],"version-history":[{"count":0,"href":"https:\/\/www.caririemacao.com\/1\/wp-json\/wp\/v2\/posts\/29218\/revisions"}],"wp:featuredmedia":[{"embeddable":true,"href":"https:\/\/www.caririemacao.com\/1\/wp-json\/wp\/v2\/media\/29220"}],"wp:attachment":[{"href":"https:\/\/www.caririemacao.com\/1\/wp-json\/wp\/v2\/media?parent=29218"}],"wp:term":[{"taxonomy":"category","embeddable":true,"href":"https:\/\/www.caririemacao.com\/1\/wp-json\/wp\/v2\/categories?post=29218"},{"taxonomy":"post_tag","embeddable":true,"href":"https:\/\/www.caririemacao.com\/1\/wp-json\/wp\/v2\/tags?post=29218"}],"curies":[{"name":"wp","href":"https:\/\/api.w.org\/{rel}","templated":true}]}}