{"id":29222,"date":"2017-09-23T02:53:58","date_gmt":"2017-09-23T05:53:58","guid":{"rendered":"http:\/\/caririemacao.com\/1\/?p=29222"},"modified":"2017-09-23T02:53:58","modified_gmt":"2017-09-23T05:53:58","slug":"pt-abre-processo-disciplinar-contra-palocci-e-o-suspende-por-60-dias","status":"publish","type":"post","link":"https:\/\/www.caririemacao.com\/1\/2017\/09\/23\/pt-abre-processo-disciplinar-contra-palocci-e-o-suspende-por-60-dias\/","title":{"rendered":"PT abre processo disciplinar contra Palocci e o suspende por 60 dias"},"content":{"rendered":"<p>O\u00a0 PT decidiu nesta sexta-feira abrir processo disciplinar e suspender o ex-ministro Antonio Palocci da legenda por 60 dias por conta das acusa\u00e7\u00f5es que Palocci fez ao ex-presidente Luiz In\u00e1cio Lula da Silva em depoimento ao juiz S\u00e9rgio Moro, classificadas como mentiras em nota do Diret\u00f3rio Nacional do PT.<\/p>\n<p>&#8220;Ao mentir, sem apresentar provas e seguindo um roteiro preestabelecido em seu depoimento na 13\u00aa Vara da Justi\u00e7a Federal, em Curitiba, no \u00faltimo dia 6 de setembro, Palocci colocou-se deliberadamente a servi\u00e7o da persegui\u00e7\u00e3o pol\u00edtico-eleitoral que \u00e9 movida contra a lideran\u00e7a popular de Lula e o PT. Desta forma, rompeu seu v\u00ednculo com o partido e descomprometeu-se com a sua milit\u00e2ncia&#8221;, afirmou o partido na nota.<\/p>\n<p>&#8220;Nos termos do art. 246 do estatuto partid\u00e1rio, o Diret\u00f3rio Nacional do PT decide pela suspens\u00e3o provis\u00f3ria do filiado por tempo n\u00e3o superior a 60 (sessenta) dias, dentro do qual dever\u00e1 estar conclu\u00eddo o processo de julgamento.&#8221;<\/p>\n<p>No depoimento a Moro, em a\u00e7\u00e3o em que \u00e9 r\u00e9u ao lado de Lula e que trata do suposto pagamento de propina pela Odebrecht ao ex-presidente por meio de um terreno para o Instituto Lula, Palocci acusou Lula de ter um &#8220;pacto de sangue&#8221; com a empreiteira. Disse ainda que o ex-presidente tinha uma conta de propinas com a empreiteira e que sabia do esquema de corrup\u00e7\u00e3o na Petrobras.<\/p>\n<p>Tamb\u00e9m em depoimento a Moro, prestado ap\u00f3s as acusa\u00e7\u00f5es de Palocci, Lula disse ao juiz que concentra os processos da Lava Jato em primeira inst\u00e2ncia que o ex-ministro mentiu e que, se n\u00e3o fosse um ser humano, seria um &#8220;simulador&#8221;. Disse ainda que Palocci \u00e9 &#8220;frio&#8221;, &#8220;calculista&#8221; e que fez as acusa\u00e7\u00f5es para obter um acordo de dela\u00e7\u00e3o premiada.<\/p>\n<p>Palocci foi ministro da Fazenda de Lula e tamb\u00e9m atuou como chefe da Casa Civil no in\u00edcio do primeiro mandato da ex-presidente Dilma Rousseff.<\/p>\n<p><strong>CARIRI EM A\u00c7\u00c3O<\/strong><\/p>\n<p><em>Com<\/em>\u00a0Reuters<em>\/Foto: Google\u00a0\u00a0 <\/em><\/p>\n<p><strong>Leia mais not\u00edcias em\u00a0<\/strong><a href=\"http:\/\/www.caririemacao.com\/\"><strong>caririemacao.com<\/strong><\/a><strong>, siga nossa p\u00e1gina no\u00a0<\/strong><a href=\"https:\/\/www.facebook.com\/CaririEmAcao\/?ref=aymt_homepage_panel\"><strong>Facebook<\/strong><\/a>,<strong>\u00a0<\/strong><a href=\"https:\/\/www.instagram.com\/cariri_em_acao\/?hl=pt-br\"><strong>Instagram<\/strong><\/a><strong>\u00a0e <\/strong><a href=\"https:\/\/www.youtube.com\/channel\/UCAptA0jQuYQy8vMhLt2m4qg\"><strong>Youtube<\/strong><\/a><strong>\u00a0e veja nossas mat\u00e9rias, v\u00eddeos e fotos. Voc\u00ea tamb\u00e9m pode enviar informa\u00e7\u00f5es \u00e0 Reda\u00e7\u00e3o do Portal Cariri em A\u00e7\u00e3o pelo WhatsApp (83) 9 9634<\/strong><\/p>\n","protected":false},"excerpt":{"rendered":"<p>O\u00a0 PT decidiu nesta sexta-feira abrir processo disciplinar e suspender o ex-ministro Antonio Palocci da legenda por 60 dias por conta das acusa\u00e7\u00f5es que Palocci&hellip; <\/p>\n","protected":false},"author":2,"featured_media":28698,"comment_status":"closed","ping_status":"closed","sticky":false,"template":"","format":"standard","meta":{"sfsi_plus_gutenberg_text_before_share":"","sfsi_plus_gutenberg_show_text_before_share":"","sfsi_plus_gutenberg_icon_type":"","sfsi_plus_gutenberg_icon_alignemt":"","sfsi_plus_gutenburg_max_per_row":"","footnotes":""},"categories":[11],"tags":[],"class_list":["post-29222","post","type-post","status-publish","format-standard","has-post-thumbnail","hentry","category-politica"],"_links":{"self":[{"href":"https:\/\/www.caririemacao.com\/1\/wp-json\/wp\/v2\/posts\/29222","targetHints":{"allow":["GET"]}}],"collection":[{"href":"https:\/\/www.caririemacao.com\/1\/wp-json\/wp\/v2\/posts"}],"about":[{"href":"https:\/\/www.caririemacao.com\/1\/wp-json\/wp\/v2\/types\/post"}],"author":[{"embeddable":true,"href":"https:\/\/www.caririemacao.com\/1\/wp-json\/wp\/v2\/users\/2"}],"replies":[{"embeddable":true,"href":"https:\/\/www.caririemacao.com\/1\/wp-json\/wp\/v2\/comments?post=29222"}],"version-history":[{"count":0,"href":"https:\/\/www.caririemacao.com\/1\/wp-json\/wp\/v2\/posts\/29222\/revisions"}],"wp:featuredmedia":[{"embeddable":true,"href":"https:\/\/www.caririemacao.com\/1\/wp-json\/wp\/v2\/media\/28698"}],"wp:attachment":[{"href":"https:\/\/www.caririemacao.com\/1\/wp-json\/wp\/v2\/media?parent=29222"}],"wp:term":[{"taxonomy":"category","embeddable":true,"href":"https:\/\/www.caririemacao.com\/1\/wp-json\/wp\/v2\/categories?post=29222"},{"taxonomy":"post_tag","embeddable":true,"href":"https:\/\/www.caririemacao.com\/1\/wp-json\/wp\/v2\/tags?post=29222"}],"curies":[{"name":"wp","href":"https:\/\/api.w.org\/{rel}","templated":true}]}}