{"id":292225,"date":"2024-11-03T09:59:46","date_gmt":"2024-11-03T12:59:46","guid":{"rendered":"https:\/\/www.caririemacao.com\/1\/?p=292225"},"modified":"2024-11-03T09:59:46","modified_gmt":"2024-11-03T12:59:46","slug":"centro-oncologico-do-hospital-napoleao-laureano-em-serra-branca-da-primeiro-passo-com-terreno-preparado-para-inicio-das-obras","status":"publish","type":"post","link":"https:\/\/www.caririemacao.com\/1\/2024\/11\/03\/centro-oncologico-do-hospital-napoleao-laureano-em-serra-branca-da-primeiro-passo-com-terreno-preparado-para-inicio-das-obras\/","title":{"rendered":"Centro oncol\u00f3gico do Hospital Napole\u00e3o Laureano em Serra Branca d\u00e1 primeiro passo com terreno preparado para in\u00edcio das obras"},"content":{"rendered":"<p>Um importante marco na sa\u00fade do Cariri paraibano est\u00e1 pr\u00f3ximo de ser concretizado: o terreno onde ser\u00e1 constru\u00eddo o Centro Oncol\u00f3gico do Hospital Napole\u00e3o Laureano, em Serra Branca, j\u00e1 foi totalmente preparado, e as obras est\u00e3o prestes a come\u00e7ar.<\/p>\n<p>O centro \u00e9 visto como uma nova esperan\u00e7a para milhares de pacientes da regi\u00e3o, que em breve poder\u00e3o realizar seus tratamentos oncol\u00f3gicos sem a necessidade de se deslocarem para cidades distantes.<\/p>\n<p>Os envolvidos no projeto expressaram profunda gratid\u00e3o aos apoiadores e investidores que, com sensibilidade e compromisso, abra\u00e7aram essa causa vital na luta contra o c\u00e2ncer. A constru\u00e7\u00e3o deste centro representa um avan\u00e7o significativo na assist\u00eancia \u00e0 sa\u00fade do Cariri, oferecendo um tratamento mais pr\u00f3ximo e acess\u00edvel a quem mais precisa.<\/p>\n<p>O Centro Oncol\u00f3gico do Hospital Napole\u00e3o Laureano promete transformar a realidade de muitos pacientes e suas fam\u00edlias, garantindo atendimento especializado e acolhimento.<\/p>\n<p>&nbsp;<\/p>\n<p><strong>CARIRI EM A\u00c7\u00c3O<\/strong><\/p>\n","protected":false},"excerpt":{"rendered":"<p>Um importante marco na sa\u00fade do Cariri paraibano est\u00e1 pr\u00f3ximo de ser concretizado: o terreno onde ser\u00e1 constru\u00eddo o Centro Oncol\u00f3gico do Hospital Napole\u00e3o Laureano,&hellip; <\/p>\n","protected":false},"author":6,"featured_media":292226,"comment_status":"closed","ping_status":"closed","sticky":false,"template":"","format":"standard","meta":{"sfsi_plus_gutenberg_text_before_share":"","sfsi_plus_gutenberg_show_text_before_share":"","sfsi_plus_gutenberg_icon_type":"","sfsi_plus_gutenberg_icon_alignemt":"","sfsi_plus_gutenburg_max_per_row":"","footnotes":""},"categories":[50,93],"tags":[],"class_list":["post-292225","post","type-post","status-publish","format-standard","has-post-thumbnail","hentry","category-destaque","category-serra-branca"],"_links":{"self":[{"href":"https:\/\/www.caririemacao.com\/1\/wp-json\/wp\/v2\/posts\/292225","targetHints":{"allow":["GET"]}}],"collection":[{"href":"https:\/\/www.caririemacao.com\/1\/wp-json\/wp\/v2\/posts"}],"about":[{"href":"https:\/\/www.caririemacao.com\/1\/wp-json\/wp\/v2\/types\/post"}],"author":[{"embeddable":true,"href":"https:\/\/www.caririemacao.com\/1\/wp-json\/wp\/v2\/users\/6"}],"replies":[{"embeddable":true,"href":"https:\/\/www.caririemacao.com\/1\/wp-json\/wp\/v2\/comments?post=292225"}],"version-history":[{"count":2,"href":"https:\/\/www.caririemacao.com\/1\/wp-json\/wp\/v2\/posts\/292225\/revisions"}],"predecessor-version":[{"id":292228,"href":"https:\/\/www.caririemacao.com\/1\/wp-json\/wp\/v2\/posts\/292225\/revisions\/292228"}],"wp:featuredmedia":[{"embeddable":true,"href":"https:\/\/www.caririemacao.com\/1\/wp-json\/wp\/v2\/media\/292226"}],"wp:attachment":[{"href":"https:\/\/www.caririemacao.com\/1\/wp-json\/wp\/v2\/media?parent=292225"}],"wp:term":[{"taxonomy":"category","embeddable":true,"href":"https:\/\/www.caririemacao.com\/1\/wp-json\/wp\/v2\/categories?post=292225"},{"taxonomy":"post_tag","embeddable":true,"href":"https:\/\/www.caririemacao.com\/1\/wp-json\/wp\/v2\/tags?post=292225"}],"curies":[{"name":"wp","href":"https:\/\/api.w.org\/{rel}","templated":true}]}}