{"id":292248,"date":"2024-11-03T19:55:05","date_gmt":"2024-11-03T22:55:05","guid":{"rendered":"https:\/\/www.caririemacao.com\/1\/?p=292248"},"modified":"2024-11-03T19:55:05","modified_gmt":"2024-11-03T22:55:05","slug":"desafios-para-valorizacao-da-heranca-africana-no-brasil-e-o-tema-da-redacao","status":"publish","type":"post","link":"https:\/\/www.caririemacao.com\/1\/2024\/11\/03\/desafios-para-valorizacao-da-heranca-africana-no-brasil-e-o-tema-da-redacao\/","title":{"rendered":"\u201cDesafios para valoriza\u00e7\u00e3o da heran\u00e7a africana no Brasil\u201d \u00e9 o tema da reda\u00e7\u00e3o"},"content":{"rendered":"<p>O ministro da Educa\u00e7\u00e3o, Camilo Santana, divulgou, na tarde deste domingo (3), o tema da reda\u00e7\u00e3o do Exame Nacional de Ensino M\u00e9dio (ENEM) 2024.<\/p>\n<p>Nas redes sociais, Santana revelou que milhares de estudantes ir\u00e3o escrever sobre \u201cDesafios para valoriza\u00e7\u00e3o da heran\u00e7a africana no Brasil\u201d.<\/p>\n<p>Na Para\u00edba, de acordo com o Instituto Nacional de Estudos e Pesquisas Educacionais An\u00edsio Teixeira (INEP), 128.371 candidatos tinha inscri\u00e7\u00e3o confirmada para o certame. A primeira etapa da prova iniciou hoje em todo o pa\u00eds.<\/p>\n<p>Al\u00e9m da prova de reda\u00e7\u00e3o, os candidatos inscritos no Enem fazem na tarde de hoje as quest\u00f5es de linguagens e c\u00f3digos e de ci\u00eancias humanas. A prova come\u00e7ou \u00e0s 13h30 e o hor\u00e1rio de t\u00e9rmino est\u00e1 marcado para as 19h (hor\u00e1rio de Bras\u00edlia).<\/p>\n<p>A prova de reda\u00e7\u00e3o exige a produ\u00e7\u00e3o de um texto em prosa, do tipo dissertativo-argumentativo, com at\u00e9 30 linhas a partir da situa\u00e7\u00e3o-problema proposta, dos textos motivadores e dos conhecimentos constru\u00eddos ao longo de sua forma\u00e7\u00e3o.<\/p>\n","protected":false},"excerpt":{"rendered":"<p>O ministro da Educa\u00e7\u00e3o, Camilo Santana, divulgou, na tarde deste domingo (3), o tema da reda\u00e7\u00e3o do Exame Nacional de Ensino M\u00e9dio (ENEM) 2024. Nas redes sociais, Santana revelou que milhares de estudantes ir\u00e3o escrever sobre \u201cDesafios para valoriza\u00e7\u00e3o da heran\u00e7a africana no Brasil\u201d. Na Para\u00edba, de acordo com o Instituto Nacional de Estudos e Pesquisas Educacionais An\u00edsio Teixeira (INEP), 128.371 candidatos tinha inscri\u00e7\u00e3o confirmada para o certame. A primeira etapa da prova iniciou hoje em todo o pa\u00eds. Al\u00e9m da prova de reda\u00e7\u00e3o, os candidatos inscritos no Enem fazem na tarde de hoje as quest\u00f5es de linguagens e c\u00f3digos e de ci\u00eancias humanas. A prova come\u00e7ou \u00e0s 13h30 e o hor\u00e1rio de t\u00e9rmino est\u00e1 marcado para as 19h (hor\u00e1rio de Bras\u00edlia). A prova de reda\u00e7\u00e3o exige a produ\u00e7\u00e3o de um texto em prosa, do tipo dissertativo-argumentativo, com at\u00e9 30 linhas a partir da situa\u00e7\u00e3o-problema proposta, dos textos motivadores e dos conhecimentos constru\u00eddos ao longo de sua forma\u00e7\u00e3o.<\/p>\n","protected":false},"author":6,"featured_media":292249,"comment_status":"closed","ping_status":"closed","sticky":false,"template":"","format":"standard","meta":{"sfsi_plus_gutenberg_text_before_share":"","sfsi_plus_gutenberg_show_text_before_share":"","sfsi_plus_gutenberg_icon_type":"","sfsi_plus_gutenberg_icon_alignemt":"","sfsi_plus_gutenburg_max_per_row":"","footnotes":""},"categories":[123,50],"tags":[],"class_list":["post-292248","post","type-post","status-publish","format-standard","has-post-thumbnail","hentry","category-brasil","category-destaque"],"_links":{"self":[{"href":"https:\/\/www.caririemacao.com\/1\/wp-json\/wp\/v2\/posts\/292248","targetHints":{"allow":["GET"]}}],"collection":[{"href":"https:\/\/www.caririemacao.com\/1\/wp-json\/wp\/v2\/posts"}],"about":[{"href":"https:\/\/www.caririemacao.com\/1\/wp-json\/wp\/v2\/types\/post"}],"author":[{"embeddable":true,"href":"https:\/\/www.caririemacao.com\/1\/wp-json\/wp\/v2\/users\/6"}],"replies":[{"embeddable":true,"href":"https:\/\/www.caririemacao.com\/1\/wp-json\/wp\/v2\/comments?post=292248"}],"version-history":[{"count":1,"href":"https:\/\/www.caririemacao.com\/1\/wp-json\/wp\/v2\/posts\/292248\/revisions"}],"predecessor-version":[{"id":292250,"href":"https:\/\/www.caririemacao.com\/1\/wp-json\/wp\/v2\/posts\/292248\/revisions\/292250"}],"wp:featuredmedia":[{"embeddable":true,"href":"https:\/\/www.caririemacao.com\/1\/wp-json\/wp\/v2\/media\/292249"}],"wp:attachment":[{"href":"https:\/\/www.caririemacao.com\/1\/wp-json\/wp\/v2\/media?parent=292248"}],"wp:term":[{"taxonomy":"category","embeddable":true,"href":"https:\/\/www.caririemacao.com\/1\/wp-json\/wp\/v2\/categories?post=292248"},{"taxonomy":"post_tag","embeddable":true,"href":"https:\/\/www.caririemacao.com\/1\/wp-json\/wp\/v2\/tags?post=292248"}],"curies":[{"name":"wp","href":"https:\/\/api.w.org\/{rel}","templated":true}]}}