{"id":29228,"date":"2017-09-23T11:37:15","date_gmt":"2017-09-23T14:37:15","guid":{"rendered":"http:\/\/caririemacao.com\/1\/?p=29228"},"modified":"2017-09-24T13:01:07","modified_gmt":"2017-09-24T16:01:07","slug":"prefeitura-de-sao-joao-do-tigre-oferece-vagas-para-cursos-do-pronatec","status":"publish","type":"post","link":"https:\/\/www.caririemacao.com\/1\/2017\/09\/23\/prefeitura-de-sao-joao-do-tigre-oferece-vagas-para-cursos-do-pronatec\/","title":{"rendered":"Prefeitura de S\u00e3o Jo\u00e3o do Tigre oferece vagas para cursos do PRONATEC"},"content":{"rendered":"<p>A prefeitura municipal de S\u00e3o Jo\u00e3o do Tigre atrav\u00e9s da secretaria municipal de desenvolvimento social est\u00e1 iniciando o processo de pr\u00e9 matr\u00edculas para os cursos de educa\u00e7\u00e3o profissional e tecnol\u00f3gica do PRONATEC.<\/p>\n<p>O p\u00fablico priorit\u00e1rio s\u00e3o os inscritos no cadastro \u00fanico do MDS, em especial os benefici\u00e1rios do programa bolsa fam\u00edlia.<\/p>\n<p>As pr\u00e9 matr\u00edculas ser\u00e3o realizadas entre 26 de setembro e 22 de outubro, no hor\u00e1rio de 07 horas da manh\u00e3 \u00e0s 13 horas na secretaria de desenvolvimento social, que fica localizada na sede da Prefeitura municipal de S\u00e3o Jo\u00e3o do Tigre<\/p>\n<p><strong>O PRONATEC<\/strong><\/p>\n<p>O Programa Nacional de Acesso ao Ensino T\u00e9cnico e Emprego (Pronatec) foi criado pelo Governo Federal, em 2011, por meio da Lei 12.513\/2011, com o objetivo de expandir, interiorizar e democratizar a oferta de cursos de educa\u00e7\u00e3o profissional e tecnol\u00f3gica no pa\u00eds.<\/p>\n<p>O Pronatec busca ampliar as oportunidades educacionais e de forma\u00e7\u00e3o profissional qualificada aos jovens, trabalhadores e benefici\u00e1rios de programas de transfer\u00eancia de renda.<\/p>\n<p><strong>CARIRI EM A\u00c7\u00c3O<\/strong><\/p>\n<p><em>Com Ascom\/Foto: Google\u00a0\u00a0 <\/em><\/p>\n<p><strong>Leia mais not\u00edcias em\u00a0<\/strong><a href=\"http:\/\/www.caririemacao.com\/\"><strong>caririemacao.com<\/strong><\/a><strong>, siga nossa p\u00e1gina no\u00a0<\/strong><a href=\"https:\/\/www.facebook.com\/CaririEmAcao\/?ref=aymt_homepage_panel\"><strong>Facebook<\/strong><\/a>,<strong>\u00a0<\/strong><a href=\"https:\/\/www.instagram.com\/cariri_em_acao\/?hl=pt-br\"><strong>Instagram<\/strong><\/a><strong>\u00a0e <\/strong><a href=\"https:\/\/www.youtube.com\/channel\/UCAptA0jQuYQy8vMhLt2m4qg\"><strong>Youtube<\/strong><\/a><strong>\u00a0e veja nossas mat\u00e9rias, v\u00eddeos e fotos. Voc\u00ea tamb\u00e9m pode enviar informa\u00e7\u00f5es \u00e0 Reda\u00e7\u00e3o do Portal Cariri em A\u00e7\u00e3o pelo WhatsApp (83) 9 9634.5791, (83) 9 9601-1162.<\/strong><\/p>\n","protected":false},"excerpt":{"rendered":"<p>A prefeitura municipal de S\u00e3o Jo\u00e3o do Tigre atrav\u00e9s da secretaria municipal de desenvolvimento social est\u00e1 iniciando o processo de pr\u00e9 matr\u00edculas para os cursos&hellip; <\/p>\n","protected":false},"author":2,"featured_media":29293,"comment_status":"closed","ping_status":"closed","sticky":false,"template":"","format":"standard","meta":{"sfsi_plus_gutenberg_text_before_share":"","sfsi_plus_gutenberg_show_text_before_share":"","sfsi_plus_gutenberg_icon_type":"","sfsi_plus_gutenberg_icon_alignemt":"","sfsi_plus_gutenburg_max_per_row":"","footnotes":""},"categories":[6],"tags":[],"class_list":["post-29228","post","type-post","status-publish","format-standard","has-post-thumbnail","hentry","category-cidades"],"_links":{"self":[{"href":"https:\/\/www.caririemacao.com\/1\/wp-json\/wp\/v2\/posts\/29228","targetHints":{"allow":["GET"]}}],"collection":[{"href":"https:\/\/www.caririemacao.com\/1\/wp-json\/wp\/v2\/posts"}],"about":[{"href":"https:\/\/www.caririemacao.com\/1\/wp-json\/wp\/v2\/types\/post"}],"author":[{"embeddable":true,"href":"https:\/\/www.caririemacao.com\/1\/wp-json\/wp\/v2\/users\/2"}],"replies":[{"embeddable":true,"href":"https:\/\/www.caririemacao.com\/1\/wp-json\/wp\/v2\/comments?post=29228"}],"version-history":[{"count":0,"href":"https:\/\/www.caririemacao.com\/1\/wp-json\/wp\/v2\/posts\/29228\/revisions"}],"wp:featuredmedia":[{"embeddable":true,"href":"https:\/\/www.caririemacao.com\/1\/wp-json\/wp\/v2\/media\/29293"}],"wp:attachment":[{"href":"https:\/\/www.caririemacao.com\/1\/wp-json\/wp\/v2\/media?parent=29228"}],"wp:term":[{"taxonomy":"category","embeddable":true,"href":"https:\/\/www.caririemacao.com\/1\/wp-json\/wp\/v2\/categories?post=29228"},{"taxonomy":"post_tag","embeddable":true,"href":"https:\/\/www.caririemacao.com\/1\/wp-json\/wp\/v2\/tags?post=29228"}],"curies":[{"name":"wp","href":"https:\/\/api.w.org\/{rel}","templated":true}]}}