{"id":29231,"date":"2017-09-23T12:35:19","date_gmt":"2017-09-23T15:35:19","guid":{"rendered":"http:\/\/caririemacao.com\/1\/?p=29231"},"modified":"2017-09-23T12:35:19","modified_gmt":"2017-09-23T15:35:19","slug":"camara-de-parari-aprova-por-unanimidade-projetos-do-poder-executivo","status":"publish","type":"post","link":"https:\/\/www.caririemacao.com\/1\/2017\/09\/23\/camara-de-parari-aprova-por-unanimidade-projetos-do-poder-executivo\/","title":{"rendered":"C\u00e2mara de Parari aprova por unanimidade projetos do Poder Executivo"},"content":{"rendered":"<p>A C\u00e2mara Municipal de Parari realizou na noite desta sexta-feira (22), uma sess\u00e3o extraordin\u00e1ria, os trabalhos tivera in\u00edcio \u00e0s 18h, e foi presidida pelo vereador Josenildo dos Santos (Nildo).<\/p>\n<p>A reuni\u00e3o extraordin\u00e1ria foi convocada com o objetivo de discutir e aprovar tr\u00eas projetos de lei de autoria do Poder Executivo, e contou com a presen\u00e7a dos nove vereadores.<\/p>\n<p><strong>Confira os projetos aprovados<\/strong><\/p>\n<p>PROJETO DE LEI N\u00b0010\/2017 de autoria do Poder Executivo que Altera a Lei 16\/97, Lei 184\/2009, Extinguindo e Alterando Cargos da Administra\u00e7\u00e3o P\u00fablica Municipal<\/p>\n<p>PROJETO DE LEI N\u00b0012\/2017 de autoria do Poder Executivo que disp\u00f5e acerca da altera\u00e7\u00e3o da Lei Municipal de n\u00ba 11 de 14 de Mar\u00e7o de 1997 de cria\u00e7\u00e3o do Conselho Municipal de Assist\u00eancia Social &#8211; CMAS<\/p>\n<p>PROJETO DE LEI N\u00b0013\/2017 de autoria do Poder Executivo que disp\u00f5e sobre o Sistema \u00danico de Assist\u00eancia Social do Munic\u00edpio de Parari.<\/p>\n<p>Os textos originais dos projetos forma aprovados por unanimidade, com exce\u00e7\u00e3o apenas do PL n\u00b0010\/2017 que recebeu uma emenda substitutiva de acordo com o pedido de vistas da bancada de oposi\u00e7\u00e3o.<\/p>\n<p><div class=\"ose- ose-uid-22b920ce23694f3ed651009290ce56f4 ose-embedpress-responsive\" style=\"width:600px; height:550px; max-height:550px; max-width:100%; display:inline-block;\" data-embed-type=\"Facebook\"><iframe allowFullScreen=\"true\" class=\"embera-facebook-iframe-789c7 lazyload\" data-src=\"https:\/\/www.facebook.com\/plugins\/post.php?href=https%3A%2F%2Fwww.facebook.com%2Fmedia%2Fset%2F%3Fset%3Da.1100374606765228.1073742570.302749469861083%26%23038%3Btype%3D1%26%23038%3Bl%3Dcf28f9ef6c&width=600&height=550&show_text=true\" width=\"600\" height=\"550\" style=\"border:none;overflow:hidden\" scrolling=\"no\" frameborder=\"0\" allowTransparency=\"true\" src=\"data:image\/svg+xml;base64,PHN2ZyB3aWR0aD0iMSIgaGVpZ2h0PSIxIiB4bWxucz0iaHR0cDovL3d3dy53My5vcmcvMjAwMC9zdmciPjwvc3ZnPg==\" data-load-mode=\"1\"><\/iframe><\/div><\/p>\n<p><strong>CARIRI EM A\u00c7\u00c3O<\/strong><\/p>\n<p><strong>Leia mais not\u00edcias em\u00a0<\/strong><a href=\"http:\/\/www.caririemacao.com\/\"><strong>caririemacao.com<\/strong><\/a><strong>, siga nossa p\u00e1gina no\u00a0<\/strong><a href=\"https:\/\/www.facebook.com\/CaririEmAcao\/?ref=aymt_homepage_panel\"><strong>Facebook<\/strong><\/a>,<strong>\u00a0<a href=\"https:\/\/www.instagram.com\/cariri_em_acao\/?hl=pt-br\">Instagram<\/a>\u00a0e <\/strong><a href=\"https:\/\/www.youtube.com\/channel\/UCAptA0jQuYQy8vMhLt2m4qg\"><strong>Youtube<\/strong><\/a><strong>\u00a0e veja nossas mat\u00e9rias, v\u00eddeos e fotos. Voc\u00ea tamb\u00e9m pode enviar informa\u00e7\u00f5es \u00e0 Reda\u00e7\u00e3o do Portal Cariri em A\u00e7\u00e3o pelo WhatsApp (83) 9 9634.5791, (83) 9 9601-1162.<\/strong><\/p>\n","protected":false},"excerpt":{"rendered":"<p>A C\u00e2mara Municipal de Parari realizou na noite desta sexta-feira (22), uma sess\u00e3o extraordin\u00e1ria, os trabalhos tivera in\u00edcio \u00e0s 18h, e foi presidida pelo vereador&hellip; <\/p>\n","protected":false},"author":2,"featured_media":29232,"comment_status":"closed","ping_status":"closed","sticky":false,"template":"","format":"standard","meta":{"sfsi_plus_gutenberg_text_before_share":"","sfsi_plus_gutenberg_show_text_before_share":"","sfsi_plus_gutenberg_icon_type":"","sfsi_plus_gutenberg_icon_alignemt":"","sfsi_plus_gutenburg_max_per_row":"","footnotes":""},"categories":[11],"tags":[],"class_list":["post-29231","post","type-post","status-publish","format-standard","has-post-thumbnail","hentry","category-politica"],"_links":{"self":[{"href":"https:\/\/www.caririemacao.com\/1\/wp-json\/wp\/v2\/posts\/29231","targetHints":{"allow":["GET"]}}],"collection":[{"href":"https:\/\/www.caririemacao.com\/1\/wp-json\/wp\/v2\/posts"}],"about":[{"href":"https:\/\/www.caririemacao.com\/1\/wp-json\/wp\/v2\/types\/post"}],"author":[{"embeddable":true,"href":"https:\/\/www.caririemacao.com\/1\/wp-json\/wp\/v2\/users\/2"}],"replies":[{"embeddable":true,"href":"https:\/\/www.caririemacao.com\/1\/wp-json\/wp\/v2\/comments?post=29231"}],"version-history":[{"count":0,"href":"https:\/\/www.caririemacao.com\/1\/wp-json\/wp\/v2\/posts\/29231\/revisions"}],"wp:featuredmedia":[{"embeddable":true,"href":"https:\/\/www.caririemacao.com\/1\/wp-json\/wp\/v2\/media\/29232"}],"wp:attachment":[{"href":"https:\/\/www.caririemacao.com\/1\/wp-json\/wp\/v2\/media?parent=29231"}],"wp:term":[{"taxonomy":"category","embeddable":true,"href":"https:\/\/www.caririemacao.com\/1\/wp-json\/wp\/v2\/categories?post=29231"},{"taxonomy":"post_tag","embeddable":true,"href":"https:\/\/www.caririemacao.com\/1\/wp-json\/wp\/v2\/tags?post=29231"}],"curies":[{"name":"wp","href":"https:\/\/api.w.org\/{rel}","templated":true}]}}