{"id":292380,"date":"2024-11-06T12:39:31","date_gmt":"2024-11-06T15:39:31","guid":{"rendered":"https:\/\/www.caririemacao.com\/1\/?p=292380"},"modified":"2024-11-06T12:39:31","modified_gmt":"2024-11-06T15:39:31","slug":"sao-sebastiao-do-umbuzeiro-obtem-selo-unicef-e-prefeito-adriano-wolff-comemora","status":"publish","type":"post","link":"https:\/\/www.caririemacao.com\/1\/2024\/11\/06\/sao-sebastiao-do-umbuzeiro-obtem-selo-unicef-e-prefeito-adriano-wolff-comemora\/","title":{"rendered":"S\u00e3o Sebasti\u00e3o do Umbuzeiro obt\u00e9m selo UNICEF e prefeito Adriano Wolff comemora"},"content":{"rendered":"<p>S\u00e3o Sebasti\u00e3o do Umbuzeiro foi reconhecido com o Selo UNICEF, um marco importante que evidencia os avan\u00e7os nas pol\u00edticas p\u00fablicas voltadas para crian\u00e7as e adolescentes. A conquista destaca o comprometimento da gest\u00e3o em superar a m\u00e9dia nacional em indicadores essenciais, como sa\u00fade, educa\u00e7\u00e3o e prote\u00e7\u00e3o.<\/p>\n<p>O prefeito Adriano Wolff expressou sua satisfa\u00e7\u00e3o com a conquista: &#8220;\u00c9 um momento de celebra\u00e7\u00e3o para nossa cidade. O Selo UNICEF representa a dedica\u00e7\u00e3o de nossa equipe em promover uma inf\u00e2ncia mais saud\u00e1vel e segura. Essa vit\u00f3ria \u00e9 um reconhecimento do trabalho que realizamos, e servir como um est\u00edmulo para continuarmos avan\u00e7ando em nossas pol\u00edticas.&#8221;<\/p>\n<p>Al\u00e9m do reconhecimento, a cidade tamb\u00e9m tem investido em programas que visam melhorar o acesso \u00e0 educa\u00e7\u00e3o de qualidade e servi\u00e7os de sa\u00fade para a popula\u00e7\u00e3o jovem.<\/p>\n<p>Por fim, o prefeito Adriano, destacou que a conquista do Selo UNICEF refor\u00e7a o compromisso do munic\u00edpio em garantir os direitos das crian\u00e7as e adolescentes que ali vivem.<\/p>\n<p>&nbsp;<\/p>\n<p><strong>CARIRI EM A\u00c7\u00c3O<\/strong><\/p>\n","protected":false},"excerpt":{"rendered":"<p>S\u00e3o Sebasti\u00e3o do Umbuzeiro foi reconhecido com o Selo UNICEF, um marco importante que evidencia os avan\u00e7os nas pol\u00edticas p\u00fablicas voltadas para crian\u00e7as e adolescentes.&hellip; <\/p>\n","protected":false},"author":6,"featured_media":292393,"comment_status":"closed","ping_status":"closed","sticky":false,"template":"","format":"standard","meta":{"sfsi_plus_gutenberg_text_before_share":"","sfsi_plus_gutenberg_show_text_before_share":"","sfsi_plus_gutenberg_icon_type":"","sfsi_plus_gutenberg_icon_alignemt":"","sfsi_plus_gutenburg_max_per_row":"","footnotes":""},"categories":[50,1,92],"tags":[],"class_list":["post-292380","post","type-post","status-publish","format-standard","has-post-thumbnail","hentry","category-destaque","category-o-site","category-sao-sebastiao-do-umbuzeiro"],"_links":{"self":[{"href":"https:\/\/www.caririemacao.com\/1\/wp-json\/wp\/v2\/posts\/292380","targetHints":{"allow":["GET"]}}],"collection":[{"href":"https:\/\/www.caririemacao.com\/1\/wp-json\/wp\/v2\/posts"}],"about":[{"href":"https:\/\/www.caririemacao.com\/1\/wp-json\/wp\/v2\/types\/post"}],"author":[{"embeddable":true,"href":"https:\/\/www.caririemacao.com\/1\/wp-json\/wp\/v2\/users\/6"}],"replies":[{"embeddable":true,"href":"https:\/\/www.caririemacao.com\/1\/wp-json\/wp\/v2\/comments?post=292380"}],"version-history":[{"count":2,"href":"https:\/\/www.caririemacao.com\/1\/wp-json\/wp\/v2\/posts\/292380\/revisions"}],"predecessor-version":[{"id":292394,"href":"https:\/\/www.caririemacao.com\/1\/wp-json\/wp\/v2\/posts\/292380\/revisions\/292394"}],"wp:featuredmedia":[{"embeddable":true,"href":"https:\/\/www.caririemacao.com\/1\/wp-json\/wp\/v2\/media\/292393"}],"wp:attachment":[{"href":"https:\/\/www.caririemacao.com\/1\/wp-json\/wp\/v2\/media?parent=292380"}],"wp:term":[{"taxonomy":"category","embeddable":true,"href":"https:\/\/www.caririemacao.com\/1\/wp-json\/wp\/v2\/categories?post=292380"},{"taxonomy":"post_tag","embeddable":true,"href":"https:\/\/www.caririemacao.com\/1\/wp-json\/wp\/v2\/tags?post=292380"}],"curies":[{"name":"wp","href":"https:\/\/api.w.org\/{rel}","templated":true}]}}