{"id":29242,"date":"2017-09-24T12:15:09","date_gmt":"2017-09-24T15:15:09","guid":{"rendered":"http:\/\/caririemacao.com\/1\/?p=29242"},"modified":"2017-09-24T12:18:00","modified_gmt":"2017-09-24T15:18:00","slug":"presidente-da-camara-de-gurjao-participa-de-encontro-do-psb-estadual-em-joao-pessoa-3","status":"publish","type":"post","link":"https:\/\/www.caririemacao.com\/1\/2017\/09\/24\/presidente-da-camara-de-gurjao-participa-de-encontro-do-psb-estadual-em-joao-pessoa-3\/","title":{"rendered":"Presidente da C\u00e2mara de Gurj\u00e3o participa de encontro do PSB estadual em Jo\u00e3o Pessoa"},"content":{"rendered":"<p>O presidente da C\u00e2mara Municipal de Gurj\u00e3o, Adailson Queiroz, esteve participando neste s\u00e1bado (23) do encontro do PSB Estadual. O evento aconteceu no Esporte Clube Cabo Branco.<\/p>\n<p><a href=\"http:\/\/caririemacao.com\/1\/wp-content\/uploads\/2017\/09\/21981764_1323566044433491_1370685042_o.jpg\"><img fetchpriority=\"high\" decoding=\"async\" class=\"aligncenter wp-image-29235 size-large\" src=\"http:\/\/caririemacao.com\/1\/wp-content\/uploads\/2017\/09\/21981764_1323566044433491_1370685042_o-1024x576.jpg\" alt=\"\" width=\"800\" height=\"450\" srcset=\"https:\/\/www.caririemacao.com\/1\/wp-content\/uploads\/2017\/09\/21981764_1323566044433491_1370685042_o-1024x576.jpg 1024w, https:\/\/www.caririemacao.com\/1\/wp-content\/uploads\/2017\/09\/21981764_1323566044433491_1370685042_o-300x169.jpg 300w, https:\/\/www.caririemacao.com\/1\/wp-content\/uploads\/2017\/09\/21981764_1323566044433491_1370685042_o-768x432.jpg 768w, https:\/\/www.caririemacao.com\/1\/wp-content\/uploads\/2017\/09\/21981764_1323566044433491_1370685042_o.jpg 1040w\" sizes=\"(max-width: 800px) 100vw, 800px\" \/><\/a><\/p>\n<p>O encontro teve o objetivo de reeleger Edvaldo Rosas para a presid\u00eancia do PSB e confirmar a pr\u00e9-candidatura de Jo\u00e3o Azevedo ao Governo do Estado, nas elei\u00e7\u00f5es do pr\u00f3ximo ano.<\/p>\n<p>O vereador Adailson Queiroz que preside atualmente o PSB de Gurj\u00e3o disse que o partido est\u00e1 forte e pretende continuar com seu projeto em todo estado da Para\u00edba, inclusive, ampliando a quantidade de prefeituras nestes pr\u00f3ximos quatro anos.<\/p>\n<p><a href=\"http:\/\/caririemacao.com\/1\/wp-content\/uploads\/2017\/09\/21981850_1323565727766856_1591795973_o-e1506210477655.jpg\"><img decoding=\"async\" class=\"wp-image-29236 size-medium aligncenter lazyload\" data-src=\"http:\/\/caririemacao.com\/1\/wp-content\/uploads\/2017\/09\/21981850_1323565727766856_1591795973_o-e1506210477655-300x289.jpg\" alt=\"\" width=\"300\" height=\"289\" data-srcset=\"https:\/\/www.caririemacao.com\/1\/wp-content\/uploads\/2017\/09\/21981850_1323565727766856_1591795973_o-e1506210477655-300x289.jpg 300w, https:\/\/www.caririemacao.com\/1\/wp-content\/uploads\/2017\/09\/21981850_1323565727766856_1591795973_o-e1506210477655.jpg 538w\" data-sizes=\"(max-width: 300px) 100vw, 300px\" src=\"data:image\/svg+xml;base64,PHN2ZyB3aWR0aD0iMSIgaGVpZ2h0PSIxIiB4bWxucz0iaHR0cDovL3d3dy53My5vcmcvMjAwMC9zdmciPjwvc3ZnPg==\" style=\"--smush-placeholder-width: 300px; --smush-placeholder-aspect-ratio: 300\/289;\" \/><\/a><\/p>\n<p>\u201cVamos fortalecer a uni\u00e3o do PSB visando as elei\u00e7\u00f5es de 2018 para que a Para\u00edba continue avan\u00e7ando neste projeto que deu certo\u201d, destacou o presidente Adailson Queiroz.<\/p>\n<p><strong>CARIRI EM A\u00c7\u00c3O<\/strong><\/p>\n<p><strong>Leia mais not\u00edcias em\u00a0<\/strong><a href=\"http:\/\/www.caririemacao.com\/\"><strong>caririemacao.com<\/strong><\/a><strong>, siga nossa p\u00e1gina no\u00a0<\/strong><a href=\"https:\/\/www.facebook.com\/CaririEmAcao\/?ref=aymt_homepage_panel\"><strong>Facebook<\/strong><\/a><strong>,\u00a0<\/strong><a href=\"https:\/\/www.instagram.com\/cariri_em_acao\/?hl=pt-br\"><strong>Instagram<\/strong><\/a><strong>\u00a0e <\/strong><a href=\"https:\/\/www.youtube.com\/channel\/UCAptA0jQuYQy8vMhLt2m4qg\"><strong>Youtube<\/strong><\/a><strong>\u00a0e veja nossas mat\u00e9rias, v\u00eddeos e fotos. Voc\u00ea tamb\u00e9m pode enviar informa\u00e7\u00f5es \u00e0 Reda\u00e7\u00e3o do Portal Cariri em A\u00e7\u00e3o pelo WhatsApp (83) 9 9634.5791, (83) 9 9601-1162.<\/strong><\/p>\n","protected":false},"excerpt":{"rendered":"<p>O presidente da C\u00e2mara Municipal de Gurj\u00e3o, Adailson Queiroz, esteve participando neste s\u00e1bado (23) do encontro do PSB Estadual. O evento aconteceu no Esporte Clube&hellip; <\/p>\n","protected":false},"author":2,"featured_media":29239,"comment_status":"closed","ping_status":"closed","sticky":false,"template":"","format":"standard","meta":{"sfsi_plus_gutenberg_text_before_share":"","sfsi_plus_gutenberg_show_text_before_share":"","sfsi_plus_gutenberg_icon_type":"","sfsi_plus_gutenberg_icon_alignemt":"","sfsi_plus_gutenburg_max_per_row":"","footnotes":""},"categories":[11],"tags":[],"class_list":["post-29242","post","type-post","status-publish","format-standard","has-post-thumbnail","hentry","category-politica"],"_links":{"self":[{"href":"https:\/\/www.caririemacao.com\/1\/wp-json\/wp\/v2\/posts\/29242","targetHints":{"allow":["GET"]}}],"collection":[{"href":"https:\/\/www.caririemacao.com\/1\/wp-json\/wp\/v2\/posts"}],"about":[{"href":"https:\/\/www.caririemacao.com\/1\/wp-json\/wp\/v2\/types\/post"}],"author":[{"embeddable":true,"href":"https:\/\/www.caririemacao.com\/1\/wp-json\/wp\/v2\/users\/2"}],"replies":[{"embeddable":true,"href":"https:\/\/www.caririemacao.com\/1\/wp-json\/wp\/v2\/comments?post=29242"}],"version-history":[{"count":0,"href":"https:\/\/www.caririemacao.com\/1\/wp-json\/wp\/v2\/posts\/29242\/revisions"}],"wp:featuredmedia":[{"embeddable":true,"href":"https:\/\/www.caririemacao.com\/1\/wp-json\/wp\/v2\/media\/29239"}],"wp:attachment":[{"href":"https:\/\/www.caririemacao.com\/1\/wp-json\/wp\/v2\/media?parent=29242"}],"wp:term":[{"taxonomy":"category","embeddable":true,"href":"https:\/\/www.caririemacao.com\/1\/wp-json\/wp\/v2\/categories?post=29242"},{"taxonomy":"post_tag","embeddable":true,"href":"https:\/\/www.caririemacao.com\/1\/wp-json\/wp\/v2\/tags?post=29242"}],"curies":[{"name":"wp","href":"https:\/\/api.w.org\/{rel}","templated":true}]}}