{"id":292424,"date":"2024-11-06T17:48:27","date_gmt":"2024-11-06T20:48:27","guid":{"rendered":"https:\/\/www.caririemacao.com\/1\/?p=292424"},"modified":"2024-11-06T17:48:27","modified_gmt":"2024-11-06T20:48:27","slug":"88-cidades-da-paraiba-melhoram-condicoes-de-vida-de-criancas-e-adolescentes-e-conquistam-selo-unicef","status":"publish","type":"post","link":"https:\/\/www.caririemacao.com\/1\/2024\/11\/06\/88-cidades-da-paraiba-melhoram-condicoes-de-vida-de-criancas-e-adolescentes-e-conquistam-selo-unicef\/","title":{"rendered":"88 Cidades da Para\u00edba melhoram condi\u00e7\u00f5es de vida de crian\u00e7as e adolescentes e conquistam selo UNICEF"},"content":{"rendered":"<p>O Fundo das Na\u00e7\u00f5es Unidas para a Inf\u00e2ncia no Brasil (UNICEF) revelou, nessa quarta-feira, as 88 cidades da Para\u00edba que mais melhoraram as pol\u00edticas p\u00fablicas municipais voltadas a crian\u00e7as e adolescentes, entre 2021 e 2024 (<a href=\"https:\/\/www.selounicef.org.br\/resultados\">confira a lista<\/a>). Essas cidades avan\u00e7aram mais do que a m\u00e9dia nacional em diversas \u00e1reas, alcan\u00e7ando impactos positivos para a inf\u00e2ncia e adolesc\u00eancia \u2013 e agora recebem o Selo UNICEF.<\/p>\n<p>Para chegar a grandes resultados, as cidades premiadas se empenharam em cuidar bem da primeira inf\u00e2ncia e da adolesc\u00eancia; melhorar a educa\u00e7\u00e3o \u2013 da creche at\u00e9 a transi\u00e7\u00e3o de jovens para o mundo do trabalho \u2013; investir na sa\u00fade f\u00edsica e mental de meninas e meninos; promover h\u00e1bitos de higiene e acesso \u00e0 \u00e1gua limpa; proteger crian\u00e7as e adolescentes das viol\u00eancias; e garantir a prote\u00e7\u00e3o social \u00e0s fam\u00edlias vulner\u00e1veis, em especial aquelas oriundas de povos e comunidades tradicionais.<\/p>\n<p>Todas elas participam do Selo UNICEF, estrat\u00e9gia do UNICEF \u2013 tendo a Asserte como parceira de implementa\u00e7\u00e3o na Para\u00edba, destinada a apoiar cidades das regi\u00f5es mais vulner\u00e1veis do Pa\u00eds para que melhorem pol\u00edticas p\u00fablicas voltadas \u00e0 inf\u00e2ncia e adolesc\u00eancia. Ap\u00f3s quatro anos engajadas na iniciativa, essas 88 cidades conseguiram melhorar mais do que a m\u00e9dia nacional em diferentes \u00e1reas, com destaque para:\u00a0imuniza\u00e7\u00e3o, educa\u00e7\u00e3o e prote\u00e7\u00e3o contra as viol\u00eancias.<\/p>\n<p>\u201cN\u00e3o estamos falando das cidades com os melhores indicadores, mas das cidades que mais melhoraram em rela\u00e7\u00e3o \u00e0 situa\u00e7\u00e3o em que elas estavam em 2021. O UNICEF comemora esse avan\u00e7o de cidades em regi\u00f5es vulner\u00e1veis que conseguiram tirar o atraso e melhorar mais. Com o apoio do UNICEF, esses munic\u00edpios conseguiram trazer mais efici\u00eancia para a sua gest\u00e3o em diferentes \u00e1reas ligadas aos direitos da inf\u00e2ncia e adolesc\u00eancia, passando a cumprir de forma mais eficiente o que j\u00e1 \u00e9 um dever do poder p\u00fablico\u201d, explica Youssouf Abdel-Jelil, Representante do UNICEF no Brasil.<\/p>\n<p>Embora ainda existam grandes desafios, os avan\u00e7os alcan\u00e7ados pelos munic\u00edpios que recebem o Selo UNICEF devem ser celebrados. \u201cO que estamos fazendo nas regi\u00f5es Norte e Nordeste \u00e9 um trabalho de larga escala visando \u00e0 garantia de direitos fundamentais para milhares de meninos e meninas. \u00c9 importante que essas cidades continuem se desenvolvendo e evoluindo para que crian\u00e7as e adolescentes que l\u00e1 vivem possam ter uma trajet\u00f3ria plena, com oportunidades, protegidos e tendo melhores condi\u00e7\u00f5es para viver\u201d, complementa Youssouf Abdel-Jelil.<\/p>\n<p>O Selo UNICEF ser\u00e1 entregue, oficialmente, aos munic\u00edpios da Para\u00edba em uma cerim\u00f4nia em Jo\u00e3o Pessoa, dia 21 de novembro. Mais informa\u00e7\u00f5es sobre local e credenciamento de imprensa ser\u00e3o compartilhadas em breve.<\/p>\n<p>Confira, a seguir, as principais conquistas que esses munic\u00edpios alcan\u00e7aram em quatro anos:<\/p>\n<p><strong>Mais crian\u00e7as imunizadas<\/strong><\/p>\n<p>Coberturas vacinais melhoraram mais nos munic\u00edpios paraibanos certificados com o Selo UNICEF, em compara\u00e7\u00e3o \u00e0 m\u00e9dia nacional. Enquanto,\u00a0no Brasil, de 2020 a 2023, as coberturas da Tr\u00edplice Viral D2<a href=\"https:\/\/www.asserte.org.br\/88-cidades-da-paraiba-melhoram-condicoes-de-vida-de-criancas-e-adolescentes-e-conquistam-selo-unicef\/#_edn1\" name=\"_ednref1\">[i]<\/a>\u00a0aumentaram 2,6%\u00a0(de 64,27% para 65,91%),\u00a0nos munic\u00edpios certificados pelo Selo UNICEF na Para\u00edba o aumento foi de 41,2%\u00a0(de 52,2% para 73,7%).<\/p>\n<p>\u201cAp\u00f3s anos de queda nas coberturas vacinais infantis, a retomada da imuniza\u00e7\u00e3o merece ser comemorada. Vacinas criaram uma barreira protetora para toda a comunidade, impedindo que diversas doen\u00e7as cheguem \u00e0 popula\u00e7\u00e3o. Vimos, nos munic\u00edpios que agora recebem o Selo UNICEF, grandes esfor\u00e7os que ultrapassaram os muros das unidades b\u00e1sicas de sa\u00fade e alcan\u00e7aram escolas, CRAS e outros espa\u00e7os e equipamentos p\u00fablicos. Os dados nos mostram que ainda h\u00e1 muito a fazer para chegar aos 95% de cobertura previstos pela OMS. Mas estamos no caminho certo\u201d, defende Luciana Phebo, chefe de Sa\u00fade do UNICEF no Brasil.<\/p>\n<p><strong>Mais crian\u00e7as na escola, aprendendo<\/strong><\/p>\n<p>O abandono escolar caiu mais nos munic\u00edpios certificados pelo Selo UNICEF, em compara\u00e7\u00e3o \u00e0 m\u00e9dia nacional.\u00a0<strong>No Brasil, de 2019 a 2023, o abandono escolar caiu 38%<\/strong>, passando de 1,3% para 0,8%.\u00a0<strong>J\u00e1 nos munic\u00edpios certificados na Para\u00edba, a queda foi maior: 46,6%<\/strong>\u00a0(saindo de 2,4% e chegando a 1,3%).<\/p>\n<p>\u201cH\u00e1, no Brasil, uma naturaliza\u00e7\u00e3o do fracasso escolar, fazendo com que a sociedade aceite que um perfil espec\u00edfico de estudante abandone a escola, ingresse de forma prec\u00e1ria no mundo do trabalho ou na criminalidade, se mantenha na pobreza e esteja mais suscet\u00edvel \u00e0s diversas viol\u00eancias, incluindo os homic\u00eddios. Quando vemos cidades reduzindo o abandono escolar, estamos diante de um resultado potente, capaz de garantir que mais meninos e mais meninas tenham trajet\u00f3rias de sucesso, com direitos garantidos\u201d, afirma M\u00f4nica Dias Pinto, chefe de Educa\u00e7\u00e3o do UNICEF no Brasil.<\/p>\n<p><strong>Mais crian\u00e7as protegidas<\/strong><\/p>\n<p>Quando falamos da prote\u00e7\u00e3o de crian\u00e7as e adolescentes contra as viol\u00eancias, \u00e9 fundamental que essas ocorr\u00eancias deixem de ser invisibilizadas e possam ser melhor prevenidas e endere\u00e7adas. Para tanto, existe um sistema de registro e encaminhamento de casos pelos Conselheiros Tutelares, chamado Sistema de Informa\u00e7\u00e3o para Inf\u00e2ncia e Adolesc\u00eancia (Sipia), que est\u00e1 dispon\u00edvel em todo o Pa\u00eds, mas que nem sempre \u00e9 utilizado.<\/p>\n<p>A ades\u00e3o e o uso adequado do Sipia estavam entre as a\u00e7\u00f5es que os munic\u00edpios que agora recebem o Selo UNICEF deveriam realizar. Nas cidades certificadas na Para\u00edba, o n\u00famero de notifica\u00e7\u00f5es de viol\u00eancias contra crian\u00e7as e adolescentes\u00a0<strong>aumentou, passando de 55 notifica\u00e7\u00f5es em 2020 para 3.465 em 2023<\/strong>. No mesmo per\u00edodo, nacionalmente, as notifica\u00e7\u00f5es aumentaram de 118.995 para 578.859.<\/p>\n<p>\u201cTirar a viol\u00eancia da invisibilidade \u00e9 o primeiro passo para proteger crian\u00e7as e adolescentes. Os avan\u00e7os nos registros de casos mostram que havia milhares de meninas e meninos sofrendo diferentes tipos de viol\u00eancia, sem que o poder p\u00fablico soubesse e pudesse atuar. Com esses casos registrados, toda uma rede de prote\u00e7\u00e3o pode ser acionada\u201d, explica Vanessa Wirth, chefe interina de prote\u00e7\u00e3o \u00e0 crian\u00e7a do UNICEF no Brasil.<\/p>\n<p><strong>Sobre os dados<\/strong><\/p>\n<p>Os dados contidos nesse release t\u00eam como base fontes oficiais: Vacina\u00e7\u00e3o: Sistema de Informa\u00e7\u00f5es do Programa Nacional de Imuniza\u00e7\u00e3o (SI-PNI); Abandono Escolar: Censo Escolar da Educa\u00e7\u00e3o B\u00e1sica; SIPIA: Minist\u00e9rio dos Direitos Humanos e da Cidadania (MDH).<\/p>\n<p><strong>Selo UNICEF<\/strong><\/p>\n<p>O Selo UNICEF \u00e9 uma iniciativa do UNICEF para fortalecer as pol\u00edticas p\u00fablicas municipais voltadas para crian\u00e7as e adolescentes. Ao aderir ao Selo UNICEF de forma espont\u00e2nea, os munic\u00edpios assumem o compromisso de manter a agenda de suas pol\u00edticas p\u00fablicas pela inf\u00e2ncia e adolesc\u00eancia como prioridade.<\/p>\n<p>A metodologia inclui o monitoramento de indicadores sociais e a implementa\u00e7\u00e3o de a\u00e7\u00f5es que ajudem o munic\u00edpio a cumprir a Conven\u00e7\u00e3o sobre os Direitos da Crian\u00e7a, que no Brasil \u00e9 refletida no Estatuto da Crian\u00e7a e do Adolescente. O sucesso do Selo UNICEF \u00e9 resultado da parceria entre UNICEF e governos estaduais e municipais por meio da atua\u00e7\u00e3o integrada e intersetorial. A atual edi\u00e7\u00e3o (2021-2024) contou com a participa\u00e7\u00e3o de 2.023 munic\u00edpios de 18 estados. Desses, 923 alcan\u00e7aram todas as metas e foram certificados.<\/p>\n<p>Para implementar o Selo UNICEF nas regi\u00f5es Norte e Nordeste do Pa\u00eds, o UNICEF conta com as parcerias estrat\u00e9gicas de B3 Social, Grupo Profarma, Instituto Claro, Ita\u00fa Social e RD Sa\u00fade.<\/p>\n<p><a href=\"https:\/\/www.asserte.org.br\/88-cidades-da-paraiba-melhoram-condicoes-de-vida-de-criancas-e-adolescentes-e-conquistam-selo-unicef\/#_ednref1\" name=\"_edn1\">[i]<\/a>\u00a0Vacina sarampo, caxumba, rub\u00e9ola (D2) + Vacina sarampo, caxumba, rub\u00e9ola e varicela (D2 e DU)<\/p>\n<p>(Fonte:\u00a0<a href=\"https:\/\/infoms.saude.gov.br\/content\/Default\/NOTA%20INFORMATIVA%20SOBRE%20CV%20na%20ROTINA_19_08_2024.pdf\"><em>Nota informativa sobre os dados de cobertura vacinal e transcri\u00e7\u00e3o de caderneta<\/em><\/a>)<\/p>\n<p>(Fonte: Nota informativa sobre os dados de cobertura vacinal e transcri\u00e7\u00e3o de caderneta<\/p>\n<p><div class=\"ose-wrapper ose-uid-d23064aed74b68f523aa2166c67b35b1 ose-embedpress-responsive\" style=\"width:600px; height:550px; max-height:550px; max-width:100%; display:inline-block;\" data-embed-type=\"saude\"><iframe allowFullScreen=\"true\" width=\"600\" height=\"550\" data-src=\"https:\/\/infoms.saude.gov.br\/content\/Default\/NOTA%20INFORMATIVA%20SOBRE%20CV%20na%20ROTINA_19_08_2024.pdf\"  src=\"data:image\/svg+xml;base64,PHN2ZyB3aWR0aD0iMSIgaGVpZ2h0PSIxIiB4bWxucz0iaHR0cDovL3d3dy53My5vcmcvMjAwMC9zdmciPjwvc3ZnPg==\" class=\"lazyload\" data-load-mode=\"1\"> <\/iframe>)<\/div><\/p>\n<p>&nbsp;<\/p>\n<div id=\"gallery-1\" class=\"gallery galleryid-23608 gallery-columns-3 gallery-size-medium\">\n<dl class=\"gallery-item\">\n<dt class=\"gallery-icon landscape\"><a href=\"https:\/\/www.asserte.org.br\/88-cidades-da-paraiba-melhoram-condicoes-de-vida-de-criancas-e-adolescentes-e-conquistam-selo-unicef\/attachment\/6\/\"><img fetchpriority=\"high\" decoding=\"async\" class=\"attachment-medium size-medium\" src=\"https:\/\/www.asserte.org.br\/wp-content\/uploads\/2024\/11\/6-300x300.png\" sizes=\"(max-width: 300px) 100vw, 300px\" srcset=\"https:\/\/www.asserte.org.br\/wp-content\/uploads\/2024\/11\/6-300x300.png 300w, https:\/\/www.asserte.org.br\/wp-content\/uploads\/2024\/11\/6-1024x1024.png 1024w, https:\/\/www.asserte.org.br\/wp-content\/uploads\/2024\/11\/6-150x150.png 150w, https:\/\/www.asserte.org.br\/wp-content\/uploads\/2024\/11\/6-768x768.png 768w, https:\/\/www.asserte.org.br\/wp-content\/uploads\/2024\/11\/6-1536x1536.png 1536w, https:\/\/www.asserte.org.br\/wp-content\/uploads\/2024\/11\/6-570x570.png 570w, https:\/\/www.asserte.org.br\/wp-content\/uploads\/2024\/11\/6-500x500.png 500w, https:\/\/www.asserte.org.br\/wp-content\/uploads\/2024\/11\/6-1000x1000.png 1000w, https:\/\/www.asserte.org.br\/wp-content\/uploads\/2024\/11\/6-700x700.png 700w, https:\/\/www.asserte.org.br\/wp-content\/uploads\/2024\/11\/6-650x650.png 650w, https:\/\/www.asserte.org.br\/wp-content\/uploads\/2024\/11\/6-1300x1300.png 1300w, https:\/\/www.asserte.org.br\/wp-content\/uploads\/2024\/11\/6.png 1620w\" alt=\"\" width=\"300\" height=\"300\" \/><\/a><\/dt>\n<\/dl>\n<dl class=\"gallery-item\">\n<dt class=\"gallery-icon landscape\"><a href=\"https:\/\/www.asserte.org.br\/88-cidades-da-paraiba-melhoram-condicoes-de-vida-de-criancas-e-adolescentes-e-conquistam-selo-unicef\/attachment\/7\/\"><img decoding=\"async\" class=\"attachment-medium size-medium lazyload\" data-src=\"https:\/\/www.asserte.org.br\/wp-content\/uploads\/2024\/11\/7-300x300.png\" data-sizes=\"(max-width: 300px) 100vw, 300px\" data-srcset=\"https:\/\/www.asserte.org.br\/wp-content\/uploads\/2024\/11\/7-300x300.png 300w, https:\/\/www.asserte.org.br\/wp-content\/uploads\/2024\/11\/7-1024x1024.png 1024w, https:\/\/www.asserte.org.br\/wp-content\/uploads\/2024\/11\/7-150x150.png 150w, https:\/\/www.asserte.org.br\/wp-content\/uploads\/2024\/11\/7-768x768.png 768w, https:\/\/www.asserte.org.br\/wp-content\/uploads\/2024\/11\/7-1536x1536.png 1536w, https:\/\/www.asserte.org.br\/wp-content\/uploads\/2024\/11\/7-570x570.png 570w, https:\/\/www.asserte.org.br\/wp-content\/uploads\/2024\/11\/7-500x500.png 500w, https:\/\/www.asserte.org.br\/wp-content\/uploads\/2024\/11\/7-1000x1000.png 1000w, https:\/\/www.asserte.org.br\/wp-content\/uploads\/2024\/11\/7-700x700.png 700w, https:\/\/www.asserte.org.br\/wp-content\/uploads\/2024\/11\/7-650x650.png 650w, https:\/\/www.asserte.org.br\/wp-content\/uploads\/2024\/11\/7-1300x1300.png 1300w, https:\/\/www.asserte.org.br\/wp-content\/uploads\/2024\/11\/7.png 1620w\" alt=\"\" width=\"300\" height=\"300\" src=\"data:image\/svg+xml;base64,PHN2ZyB3aWR0aD0iMSIgaGVpZ2h0PSIxIiB4bWxucz0iaHR0cDovL3d3dy53My5vcmcvMjAwMC9zdmciPjwvc3ZnPg==\" style=\"--smush-placeholder-width: 300px; --smush-placeholder-aspect-ratio: 300\/300;\" \/><\/a><\/dt>\n<\/dl>\n<dl class=\"gallery-item\">\n<dt class=\"gallery-icon landscape\"><a href=\"https:\/\/www.asserte.org.br\/88-cidades-da-paraiba-melhoram-condicoes-de-vida-de-criancas-e-adolescentes-e-conquistam-selo-unicef\/attachment\/8\/\"><img decoding=\"async\" class=\"attachment-medium size-medium lazyload\" data-src=\"https:\/\/www.asserte.org.br\/wp-content\/uploads\/2024\/11\/8-300x300.png\" data-sizes=\"(max-width: 300px) 100vw, 300px\" data-srcset=\"https:\/\/www.asserte.org.br\/wp-content\/uploads\/2024\/11\/8-300x300.png 300w, https:\/\/www.asserte.org.br\/wp-content\/uploads\/2024\/11\/8-1024x1024.png 1024w, https:\/\/www.asserte.org.br\/wp-content\/uploads\/2024\/11\/8-150x150.png 150w, https:\/\/www.asserte.org.br\/wp-content\/uploads\/2024\/11\/8-768x768.png 768w, https:\/\/www.asserte.org.br\/wp-content\/uploads\/2024\/11\/8-1536x1536.png 1536w, https:\/\/www.asserte.org.br\/wp-content\/uploads\/2024\/11\/8-570x570.png 570w, https:\/\/www.asserte.org.br\/wp-content\/uploads\/2024\/11\/8-500x500.png 500w, https:\/\/www.asserte.org.br\/wp-content\/uploads\/2024\/11\/8-1000x1000.png 1000w, https:\/\/www.asserte.org.br\/wp-content\/uploads\/2024\/11\/8-700x700.png 700w, https:\/\/www.asserte.org.br\/wp-content\/uploads\/2024\/11\/8-650x650.png 650w, https:\/\/www.asserte.org.br\/wp-content\/uploads\/2024\/11\/8-1300x1300.png 1300w, https:\/\/www.asserte.org.br\/wp-content\/uploads\/2024\/11\/8.png 1620w\" alt=\"\" width=\"300\" height=\"300\" src=\"data:image\/svg+xml;base64,PHN2ZyB3aWR0aD0iMSIgaGVpZ2h0PSIxIiB4bWxucz0iaHR0cDovL3d3dy53My5vcmcvMjAwMC9zdmciPjwvc3ZnPg==\" style=\"--smush-placeholder-width: 300px; --smush-placeholder-aspect-ratio: 300\/300;\" \/><\/a><\/dt>\n<\/dl>\n<dl class=\"gallery-item\">\n<dt class=\"gallery-icon landscape\"><a href=\"https:\/\/www.asserte.org.br\/88-cidades-da-paraiba-melhoram-condicoes-de-vida-de-criancas-e-adolescentes-e-conquistam-selo-unicef\/attachment\/9\/\"><img decoding=\"async\" class=\"attachment-medium size-medium lazyload\" data-src=\"https:\/\/www.asserte.org.br\/wp-content\/uploads\/2024\/11\/9-300x300.png\" data-sizes=\"(max-width: 300px) 100vw, 300px\" data-srcset=\"https:\/\/www.asserte.org.br\/wp-content\/uploads\/2024\/11\/9-300x300.png 300w, https:\/\/www.asserte.org.br\/wp-content\/uploads\/2024\/11\/9-1024x1024.png 1024w, https:\/\/www.asserte.org.br\/wp-content\/uploads\/2024\/11\/9-150x150.png 150w, https:\/\/www.asserte.org.br\/wp-content\/uploads\/2024\/11\/9-768x768.png 768w, https:\/\/www.asserte.org.br\/wp-content\/uploads\/2024\/11\/9-1536x1536.png 1536w, https:\/\/www.asserte.org.br\/wp-content\/uploads\/2024\/11\/9-570x570.png 570w, https:\/\/www.asserte.org.br\/wp-content\/uploads\/2024\/11\/9-500x500.png 500w, https:\/\/www.asserte.org.br\/wp-content\/uploads\/2024\/11\/9-1000x1000.png 1000w, https:\/\/www.asserte.org.br\/wp-content\/uploads\/2024\/11\/9-700x700.png 700w, https:\/\/www.asserte.org.br\/wp-content\/uploads\/2024\/11\/9-650x650.png 650w, https:\/\/www.asserte.org.br\/wp-content\/uploads\/2024\/11\/9-1300x1300.png 1300w, https:\/\/www.asserte.org.br\/wp-content\/uploads\/2024\/11\/9.png 1620w\" alt=\"\" width=\"300\" height=\"300\" src=\"data:image\/svg+xml;base64,PHN2ZyB3aWR0aD0iMSIgaGVpZ2h0PSIxIiB4bWxucz0iaHR0cDovL3d3dy53My5vcmcvMjAwMC9zdmciPjwvc3ZnPg==\" style=\"--smush-placeholder-width: 300px; --smush-placeholder-aspect-ratio: 300\/300;\" \/><\/a><\/dt>\n<\/dl>\n<dl class=\"gallery-item\">\n<dt class=\"gallery-icon landscape\"><a href=\"https:\/\/www.asserte.org.br\/88-cidades-da-paraiba-melhoram-condicoes-de-vida-de-criancas-e-adolescentes-e-conquistam-selo-unicef\/10-4\/\"><img decoding=\"async\" class=\"attachment-medium size-medium lazyload\" data-src=\"https:\/\/www.asserte.org.br\/wp-content\/uploads\/2024\/11\/10-300x300.png\" data-sizes=\"(max-width: 300px) 100vw, 300px\" data-srcset=\"https:\/\/www.asserte.org.br\/wp-content\/uploads\/2024\/11\/10-300x300.png 300w, https:\/\/www.asserte.org.br\/wp-content\/uploads\/2024\/11\/10-1024x1024.png 1024w, https:\/\/www.asserte.org.br\/wp-content\/uploads\/2024\/11\/10-150x150.png 150w, https:\/\/www.asserte.org.br\/wp-content\/uploads\/2024\/11\/10-768x768.png 768w, https:\/\/www.asserte.org.br\/wp-content\/uploads\/2024\/11\/10-1536x1536.png 1536w, https:\/\/www.asserte.org.br\/wp-content\/uploads\/2024\/11\/10-570x570.png 570w, https:\/\/www.asserte.org.br\/wp-content\/uploads\/2024\/11\/10-500x500.png 500w, https:\/\/www.asserte.org.br\/wp-content\/uploads\/2024\/11\/10-1000x1000.png 1000w, https:\/\/www.asserte.org.br\/wp-content\/uploads\/2024\/11\/10-700x700.png 700w, https:\/\/www.asserte.org.br\/wp-content\/uploads\/2024\/11\/10-650x650.png 650w, https:\/\/www.asserte.org.br\/wp-content\/uploads\/2024\/11\/10-1300x1300.png 1300w, https:\/\/www.asserte.org.br\/wp-content\/uploads\/2024\/11\/10.png 1620w\" alt=\"\" width=\"300\" height=\"300\" src=\"data:image\/svg+xml;base64,PHN2ZyB3aWR0aD0iMSIgaGVpZ2h0PSIxIiB4bWxucz0iaHR0cDovL3d3dy53My5vcmcvMjAwMC9zdmciPjwvc3ZnPg==\" style=\"--smush-placeholder-width: 300px; --smush-placeholder-aspect-ratio: 300\/300;\" \/><\/a><\/dt>\n<\/dl>\n<\/div>\n","protected":false},"excerpt":{"rendered":"<p>O Fundo das Na\u00e7\u00f5es Unidas para a Inf\u00e2ncia no Brasil (UNICEF) revelou, nessa quarta-feira, as 88 cidades da Para\u00edba que mais melhoraram as pol\u00edticas p\u00fablicas&hellip; <\/p>\n","protected":false},"author":6,"featured_media":292425,"comment_status":"closed","ping_status":"closed","sticky":false,"template":"","format":"standard","meta":{"sfsi_plus_gutenberg_text_before_share":"","sfsi_plus_gutenberg_show_text_before_share":"","sfsi_plus_gutenberg_icon_type":"","sfsi_plus_gutenberg_icon_alignemt":"","sfsi_plus_gutenburg_max_per_row":"","footnotes":""},"categories":[50,1,104],"tags":[],"class_list":["post-292424","post","type-post","status-publish","format-standard","has-post-thumbnail","hentry","category-destaque","category-o-site","category-paraiba"],"_links":{"self":[{"href":"https:\/\/www.caririemacao.com\/1\/wp-json\/wp\/v2\/posts\/292424","targetHints":{"allow":["GET"]}}],"collection":[{"href":"https:\/\/www.caririemacao.com\/1\/wp-json\/wp\/v2\/posts"}],"about":[{"href":"https:\/\/www.caririemacao.com\/1\/wp-json\/wp\/v2\/types\/post"}],"author":[{"embeddable":true,"href":"https:\/\/www.caririemacao.com\/1\/wp-json\/wp\/v2\/users\/6"}],"replies":[{"embeddable":true,"href":"https:\/\/www.caririemacao.com\/1\/wp-json\/wp\/v2\/comments?post=292424"}],"version-history":[{"count":1,"href":"https:\/\/www.caririemacao.com\/1\/wp-json\/wp\/v2\/posts\/292424\/revisions"}],"predecessor-version":[{"id":292426,"href":"https:\/\/www.caririemacao.com\/1\/wp-json\/wp\/v2\/posts\/292424\/revisions\/292426"}],"wp:featuredmedia":[{"embeddable":true,"href":"https:\/\/www.caririemacao.com\/1\/wp-json\/wp\/v2\/media\/292425"}],"wp:attachment":[{"href":"https:\/\/www.caririemacao.com\/1\/wp-json\/wp\/v2\/media?parent=292424"}],"wp:term":[{"taxonomy":"category","embeddable":true,"href":"https:\/\/www.caririemacao.com\/1\/wp-json\/wp\/v2\/categories?post=292424"},{"taxonomy":"post_tag","embeddable":true,"href":"https:\/\/www.caririemacao.com\/1\/wp-json\/wp\/v2\/tags?post=292424"}],"curies":[{"name":"wp","href":"https:\/\/api.w.org\/{rel}","templated":true}]}}