{"id":292427,"date":"2024-11-07T05:59:03","date_gmt":"2024-11-07T08:59:03","guid":{"rendered":"https:\/\/www.caririemacao.com\/1\/?p=292427"},"modified":"2024-11-07T05:59:03","modified_gmt":"2024-11-07T08:59:03","slug":"prefeito-eleito-de-serra-branca-alexandre-intensifica-articulacoes-em-brasilia-em-busca-de-recursos-para-inclusao-digital-e-desenvolvimento-da-cidade","status":"publish","type":"post","link":"https:\/\/www.caririemacao.com\/1\/2024\/11\/07\/prefeito-eleito-de-serra-branca-alexandre-intensifica-articulacoes-em-brasilia-em-busca-de-recursos-para-inclusao-digital-e-desenvolvimento-da-cidade\/","title":{"rendered":"Prefeito eleito de Serra Branca, Alexandre, intensifica articula\u00e7\u00f5es em Bras\u00edlia em busca de recursos para inclus\u00e3o digital e desenvolvimento da cidade"},"content":{"rendered":"<p>O prefeito eleito de Serra Branca, Michel Alexandre, continua sua agenda de compromissos em Bras\u00edlia. Recentemente, ele foi recebido pelo ministro das Comunica\u00e7\u00f5es, Juscelino Filho, onde discutiu diversas iniciativas espec\u00edficas para o desenvolvimento do munic\u00edpio, com \u00eanfase na inclus\u00e3o digital e na amplia\u00e7\u00e3o do acesso \u00e0 internet em \u00e1reas remotas.<\/p>\n<p>Durante o encontro, o prefeito destacou a import\u00e2ncia de levar tecnologia e conectividade para todos os setores da cidade, ressaltando o impacto positivo que essas melhorias ter\u00e3o na educa\u00e7\u00e3o, na sa\u00fade e no desenvolvimento econ\u00f4mico local.<\/p>\n<p>\u201cContinuando a nossa agenda de compromissos na capital federal, fui recebido pelo ministro das Comunica\u00e7\u00f5es, Juscelino Filho. Discutimos diversas iniciativas externas para o desenvolvimento da Serra Branca, com destaque para a inclus\u00e3o digital e a amplia\u00e7\u00e3o do acesso \u00e0 internet em \u00e1reas remotas do munic\u00edpio\u201d , explicou.<\/p>\n<div class=\"wp-block-image\">\n<figure class=\"aligncenter size-large is-resized\"><img fetchpriority=\"high\" decoding=\"async\" class=\"not-transparent wp-image-93852 aligncenter\" src=\"https:\/\/www.blogdobrunolira.com.br\/wp-content\/uploads\/2024\/11\/WhatsApp-Image-2024-11-06-at-13.01.14-1024x672.webp\" sizes=\"(max-width: 404px) 100vw, 404px\" srcset=\"https:\/\/www.blogdobrunolira.com.br\/wp-content\/uploads\/2024\/11\/WhatsApp-Image-2024-11-06-at-13.01.14-1024x672.webp 1024w, https:\/\/www.blogdobrunolira.com.br\/wp-content\/uploads\/2024\/11\/WhatsApp-Image-2024-11-06-at-13.01.14-300x197.webp 300w, https:\/\/www.blogdobrunolira.com.br\/wp-content\/uploads\/2024\/11\/WhatsApp-Image-2024-11-06-at-13.01.14-768x504.webp 768w, https:\/\/www.blogdobrunolira.com.br\/wp-content\/uploads\/2024\/11\/WhatsApp-Image-2024-11-06-at-13.01.14-jpeg.webp 1280w\" alt=\"\" width=\"404\" height=\"264\" data-dominant-color=\"7b736c\" data-has-transparency=\"false\" \/><\/figure>\n<\/div>\n<p>O prefeito tamb\u00e9m enfatizou que uma parceria com o Minist\u00e9rio das Comunica\u00e7\u00f5es ser\u00e1 fundamental para a implementa\u00e7\u00e3o desses projetos, que prometem fortalecer a infraestrutura e aumentar a qualidade de vida da popula\u00e7\u00e3o.<\/p>\n<p>Alexandre cumpre agenda em Bras\u00edlia, at\u00e9 esta sexta-feira (08), em busca de recursos para a gest\u00e3o que come\u00e7a em janeiro de 2025.<\/p>\n<p>&nbsp;<\/p>\n<p><b>CARIRI EM A\u00c7\u00c3O<\/b><\/p>\n<p><em>Com Blog do Bruno Lira<\/em><\/p>\n","protected":false},"excerpt":{"rendered":"<p>O prefeito eleito de Serra Branca, Michel Alexandre, continua sua agenda de compromissos em Bras\u00edlia. Recentemente, ele foi recebido pelo ministro das Comunica\u00e7\u00f5es, Juscelino Filho,&hellip; <\/p>\n","protected":false},"author":6,"featured_media":292428,"comment_status":"closed","ping_status":"closed","sticky":false,"template":"","format":"standard","meta":{"sfsi_plus_gutenberg_text_before_share":"","sfsi_plus_gutenberg_show_text_before_share":"","sfsi_plus_gutenberg_icon_type":"","sfsi_plus_gutenberg_icon_alignemt":"","sfsi_plus_gutenburg_max_per_row":"","footnotes":""},"categories":[50,93],"tags":[],"class_list":["post-292427","post","type-post","status-publish","format-standard","has-post-thumbnail","hentry","category-destaque","category-serra-branca"],"_links":{"self":[{"href":"https:\/\/www.caririemacao.com\/1\/wp-json\/wp\/v2\/posts\/292427","targetHints":{"allow":["GET"]}}],"collection":[{"href":"https:\/\/www.caririemacao.com\/1\/wp-json\/wp\/v2\/posts"}],"about":[{"href":"https:\/\/www.caririemacao.com\/1\/wp-json\/wp\/v2\/types\/post"}],"author":[{"embeddable":true,"href":"https:\/\/www.caririemacao.com\/1\/wp-json\/wp\/v2\/users\/6"}],"replies":[{"embeddable":true,"href":"https:\/\/www.caririemacao.com\/1\/wp-json\/wp\/v2\/comments?post=292427"}],"version-history":[{"count":1,"href":"https:\/\/www.caririemacao.com\/1\/wp-json\/wp\/v2\/posts\/292427\/revisions"}],"predecessor-version":[{"id":292429,"href":"https:\/\/www.caririemacao.com\/1\/wp-json\/wp\/v2\/posts\/292427\/revisions\/292429"}],"wp:featuredmedia":[{"embeddable":true,"href":"https:\/\/www.caririemacao.com\/1\/wp-json\/wp\/v2\/media\/292428"}],"wp:attachment":[{"href":"https:\/\/www.caririemacao.com\/1\/wp-json\/wp\/v2\/media?parent=292427"}],"wp:term":[{"taxonomy":"category","embeddable":true,"href":"https:\/\/www.caririemacao.com\/1\/wp-json\/wp\/v2\/categories?post=292427"},{"taxonomy":"post_tag","embeddable":true,"href":"https:\/\/www.caririemacao.com\/1\/wp-json\/wp\/v2\/tags?post=292427"}],"curies":[{"name":"wp","href":"https:\/\/api.w.org\/{rel}","templated":true}]}}