{"id":292433,"date":"2024-11-07T06:04:06","date_gmt":"2024-11-07T09:04:06","guid":{"rendered":"https:\/\/www.caririemacao.com\/1\/?p=292433"},"modified":"2024-11-07T06:04:06","modified_gmt":"2024-11-07T09:04:06","slug":"rede-prd-e-solidariedade-anunciam-apoio-a-candidatura-de-hugo-motta","status":"publish","type":"post","link":"https:\/\/www.caririemacao.com\/1\/2024\/11\/07\/rede-prd-e-solidariedade-anunciam-apoio-a-candidatura-de-hugo-motta\/","title":{"rendered":"Rede, PRD e Solidariedade anunciam apoio \u00e0 candidatura de Hugo Motta"},"content":{"rendered":"<p>O l\u00edder do Republicanos, deputado federal\u00a0Hugo Motta\u00a0(PB), se reuniu, na manh\u00e3 desta quarta-feira (6), com o deputado T\u00falio Gad\u00ealha (Rede-PE) e com o l\u00edder do PRD, deputado Fred Costa (MG). Ambos declararam apoio \u00e0 candidatura de Hugo Motta, que concorre \u00e0 presid\u00eancia da \u00a0C\u00e2mara dos Deputados.<\/p>\n<p>\u00c0 tarde, foi a vez de o Solidariedade integrar a campanha de Motta. O an\u00fancio foi dado pelo presidente nacional do Solidariedade, deputado Paulinho da For\u00e7a (SP), e pelo l\u00edder, deputado \u00c1ureo Ribeiro (RJ).<\/p>\n<p>T\u00falio Gad\u00ealha \u00e9 o \u00fanico deputado da Rede. O PRD tem cinco deputado e o Solidariedade, mais cinco. Com a ades\u00e3o desses partidos, Hugo Motta conta com o apoio de 385 deputados.<\/p>\n<p>Diante de todo o radicalismo registrado no Brasil e, no mundo, o l\u00edder Hugo Motta destaca que construir uma pol\u00edtica com consenso de tantos partidos \u00e9 um \u201csinal de esperan\u00e7a\u201d. Para ele, isso representa um ponto positivo, que demonstra maturidade pol\u00edtica.<\/p>\n<p>\u201cN\u00f3s precisamos prezar para que esse bom relacionamento persevere, que nos enfrentemos no debate de ideias, mas sem deixar de olhar para o futuro porque o Brasil necessita de n\u00f3s, nas tomadas de decis\u00e3o. A boa pol\u00edtica precisa ser maior do que aquilo que nos divide. \u00c9 com esse esp\u00edrito que, se Deus quiser, vamos chegar \u00e0 presid\u00eancia da Casa\u201d, disse Hugo Motta.<\/p>\n","protected":false},"excerpt":{"rendered":"<p>O l\u00edder do Republicanos, deputado federal\u00a0Hugo Motta\u00a0(PB), se reuniu, na manh\u00e3 desta quarta-feira (6), com o deputado T\u00falio Gad\u00ealha (Rede-PE) e com o l\u00edder do&hellip; <\/p>\n","protected":false},"author":6,"featured_media":233424,"comment_status":"closed","ping_status":"closed","sticky":false,"template":"","format":"standard","meta":{"sfsi_plus_gutenberg_text_before_share":"","sfsi_plus_gutenberg_show_text_before_share":"","sfsi_plus_gutenberg_icon_type":"","sfsi_plus_gutenberg_icon_alignemt":"","sfsi_plus_gutenburg_max_per_row":"","footnotes":""},"categories":[123,50,104,11],"tags":[],"class_list":["post-292433","post","type-post","status-publish","format-standard","has-post-thumbnail","hentry","category-brasil","category-destaque","category-paraiba","category-politica"],"_links":{"self":[{"href":"https:\/\/www.caririemacao.com\/1\/wp-json\/wp\/v2\/posts\/292433","targetHints":{"allow":["GET"]}}],"collection":[{"href":"https:\/\/www.caririemacao.com\/1\/wp-json\/wp\/v2\/posts"}],"about":[{"href":"https:\/\/www.caririemacao.com\/1\/wp-json\/wp\/v2\/types\/post"}],"author":[{"embeddable":true,"href":"https:\/\/www.caririemacao.com\/1\/wp-json\/wp\/v2\/users\/6"}],"replies":[{"embeddable":true,"href":"https:\/\/www.caririemacao.com\/1\/wp-json\/wp\/v2\/comments?post=292433"}],"version-history":[{"count":1,"href":"https:\/\/www.caririemacao.com\/1\/wp-json\/wp\/v2\/posts\/292433\/revisions"}],"predecessor-version":[{"id":292434,"href":"https:\/\/www.caririemacao.com\/1\/wp-json\/wp\/v2\/posts\/292433\/revisions\/292434"}],"wp:featuredmedia":[{"embeddable":true,"href":"https:\/\/www.caririemacao.com\/1\/wp-json\/wp\/v2\/media\/233424"}],"wp:attachment":[{"href":"https:\/\/www.caririemacao.com\/1\/wp-json\/wp\/v2\/media?parent=292433"}],"wp:term":[{"taxonomy":"category","embeddable":true,"href":"https:\/\/www.caririemacao.com\/1\/wp-json\/wp\/v2\/categories?post=292433"},{"taxonomy":"post_tag","embeddable":true,"href":"https:\/\/www.caririemacao.com\/1\/wp-json\/wp\/v2\/tags?post=292433"}],"curies":[{"name":"wp","href":"https:\/\/api.w.org\/{rel}","templated":true}]}}