{"id":292435,"date":"2024-11-07T06:06:45","date_gmt":"2024-11-07T09:06:45","guid":{"rendered":"https:\/\/www.caririemacao.com\/1\/?p=292435"},"modified":"2024-11-07T06:06:45","modified_gmt":"2024-11-07T09:06:45","slug":"chapa-da-oposicao-que-concorre-a-oab-cariri-e-obrigada-a-substituir-dois-de-seus-candidatos","status":"publish","type":"post","link":"https:\/\/www.caririemacao.com\/1\/2024\/11\/07\/chapa-da-oposicao-que-concorre-a-oab-cariri-e-obrigada-a-substituir-dois-de-seus-candidatos\/","title":{"rendered":"Chapa da oposi\u00e7\u00e3o que concorre \u00e0 OAB Cariri \u00e9 obrigada a substituir dois de seus candidatos"},"content":{"rendered":"<p>As elei\u00e7\u00f5es da OAB Para\u00edba est\u00e3o em pleno vapor, e no Cariri n\u00e3o seria diferente, onde disputam o comando da Diretoria da Subse\u00e7\u00e3o Cariri, com sede em Monteiro, a advogada Edilaine Ara\u00fajo (chapa 10) e Gregory Mayer (chapa 11).<\/p>\n<p>O jur\u00eddico da chapa de Situa\u00e7\u00e3o, encabe\u00e7ada por Edilaine, conseguiu impugnar as candidaturas de dois nomes da chapa de Oposi\u00e7\u00e3o, que \u00e9 encabe\u00e7ada por Gregory Mayer. As candidaturas estariam em desconformidade com a legisla\u00e7\u00e3o eleitoral do pleito.<\/p>\n<p>Foram impugnadas as candidaturas de Jo\u00e3o Jos\u00e9 (Secret\u00e1rio Geral) e Silvana Alves (Secret\u00e1ria Geral Adjunta), por\u00e9m, os nomes para os cargos j\u00e1 foram substitu\u00eddos por R\u00f4mulo Lucena e Samara Fernandes, respectivamente.<\/p>\n<p><strong>Sobre as elei\u00e7\u00f5es<\/strong><\/p>\n<p>As elei\u00e7\u00f5es da OAB-PB ser\u00e3o realizadas dia 19 de novembro (ter\u00e7a-feira), das 9h \u00e0s 17h. As elei\u00e7\u00f5es abrangem a Diretoria da Seccional, dos Conselheiros Seccionais, dos Conselheiros Federais, da Diretoria da Caixa de Assist\u00eancia dos Advogados, da Diretoria das Subse\u00e7\u00f5es e dos Conselheiros Subseccionais.<\/p>\n","protected":false},"excerpt":{"rendered":"<p>As elei\u00e7\u00f5es da OAB Para\u00edba est\u00e3o em pleno vapor, e no Cariri n\u00e3o seria diferente, onde disputam o comando da Diretoria da Subse\u00e7\u00e3o Cariri, com&hellip; <\/p>\n","protected":false},"author":6,"featured_media":292436,"comment_status":"closed","ping_status":"closed","sticky":false,"template":"","format":"standard","meta":{"sfsi_plus_gutenberg_text_before_share":"","sfsi_plus_gutenberg_show_text_before_share":"","sfsi_plus_gutenberg_icon_type":"","sfsi_plus_gutenberg_icon_alignemt":"","sfsi_plus_gutenburg_max_per_row":"","footnotes":""},"categories":[106,50],"tags":[],"class_list":["post-292435","post","type-post","status-publish","format-standard","has-post-thumbnail","hentry","category-cariri","category-destaque"],"_links":{"self":[{"href":"https:\/\/www.caririemacao.com\/1\/wp-json\/wp\/v2\/posts\/292435","targetHints":{"allow":["GET"]}}],"collection":[{"href":"https:\/\/www.caririemacao.com\/1\/wp-json\/wp\/v2\/posts"}],"about":[{"href":"https:\/\/www.caririemacao.com\/1\/wp-json\/wp\/v2\/types\/post"}],"author":[{"embeddable":true,"href":"https:\/\/www.caririemacao.com\/1\/wp-json\/wp\/v2\/users\/6"}],"replies":[{"embeddable":true,"href":"https:\/\/www.caririemacao.com\/1\/wp-json\/wp\/v2\/comments?post=292435"}],"version-history":[{"count":1,"href":"https:\/\/www.caririemacao.com\/1\/wp-json\/wp\/v2\/posts\/292435\/revisions"}],"predecessor-version":[{"id":292437,"href":"https:\/\/www.caririemacao.com\/1\/wp-json\/wp\/v2\/posts\/292435\/revisions\/292437"}],"wp:featuredmedia":[{"embeddable":true,"href":"https:\/\/www.caririemacao.com\/1\/wp-json\/wp\/v2\/media\/292436"}],"wp:attachment":[{"href":"https:\/\/www.caririemacao.com\/1\/wp-json\/wp\/v2\/media?parent=292435"}],"wp:term":[{"taxonomy":"category","embeddable":true,"href":"https:\/\/www.caririemacao.com\/1\/wp-json\/wp\/v2\/categories?post=292435"},{"taxonomy":"post_tag","embeddable":true,"href":"https:\/\/www.caririemacao.com\/1\/wp-json\/wp\/v2\/tags?post=292435"}],"curies":[{"name":"wp","href":"https:\/\/api.w.org\/{rel}","templated":true}]}}