{"id":29244,"date":"2017-09-24T11:05:44","date_gmt":"2017-09-24T14:05:44","guid":{"rendered":"http:\/\/caririemacao.com\/1\/?p=29244"},"modified":"2017-09-24T11:05:44","modified_gmt":"2017-09-24T14:05:44","slug":"vereador-comete-suicidio-por-enforcamento-na-paraiba","status":"publish","type":"post","link":"https:\/\/www.caririemacao.com\/1\/2017\/09\/24\/vereador-comete-suicidio-por-enforcamento-na-paraiba\/","title":{"rendered":"Vereador comete suic\u00eddio por enforcamento na Para\u00edba"},"content":{"rendered":"<p>Por volta das 20:00 h da noite deste s\u00e1bado (23), no S\u00edtio Saco, munic\u00edpio de Pedra Branca-PB, familiares encontraram j\u00e1 sem vida, o corpo do agricultor identificado pelo nome de Ardson Herbete Florentino, de 39 anos, conhecido popularmente pelo apelido de \u201cArdim\u201d.<\/p>\n<p>De acordo com as informa\u00e7\u00f5es, Ardim que est\u00e1 no cargo de Vereador no munic\u00edpio, teria entrado em um armaz\u00e9m que fica nas proximidades de sua resid\u00eancia, e tirado a pr\u00f3pria vida por meio de enforcamento.<\/p>\n<p><img fetchpriority=\"high\" decoding=\"async\" class=\"aligncenter wp-image-29245 size-full\" src=\"http:\/\/caririemacao.com\/1\/wp-content\/uploads\/2017\/09\/d405c4907ad1e2ae06-300x199.jpg\" alt=\"\" width=\"300\" height=\"199\" \/><\/p>\n<p>O vereador era uma pessoa bem relacionada com a sociedade e estava em seu primeiro mandato. Ardim era membro da bancada de situa\u00e7\u00e3o ao Prefeito Allan Bastos e foi eleito em outubro do ano passado pelo PR.<\/p>\n<p>O fato aconteceu nas proximidades da resid\u00eancia do vereador, que fica na \u00e1rea rural, j\u00e1 nas proximidades da cidade.<\/p>\n<p>A cidade de Pedra Branca est\u00e1 chocada com a triste not\u00edcia. Ardim era pai com comunicador Guilherme Epaminondas e cunhado do Vereador Geudiano de Sousa.<\/p>\n<p><strong>CARIRI EM A\u00c7\u00c3O<\/strong><\/p>\n<p><em>Com\u00a0Diamante Online\/Foto: Reprodu\u00e7\u00e3o\u00a0<\/em><\/p>\n<p><strong>Leia mais not\u00edcias em\u00a0<\/strong><a href=\"http:\/\/www.caririemacao.com\/\"><strong>caririemacao.com<\/strong><\/a><strong>, siga nossa p\u00e1gina no\u00a0<\/strong><a href=\"https:\/\/www.facebook.com\/CaririEmAcao\/?ref=aymt_homepage_panel\"><strong>Facebook<\/strong><\/a>,<strong>\u00a0<\/strong><a href=\"https:\/\/www.instagram.com\/cariri_em_acao\/?hl=pt-br\"><strong>Instagram<\/strong><\/a><strong>\u00a0e <\/strong><a href=\"https:\/\/www.youtube.com\/channel\/UCAptA0jQuYQy8vMhLt2m4qg\"><strong>Youtube<\/strong><\/a><strong>\u00a0e veja nossas mat\u00e9rias, v\u00eddeos e fotos. Voc\u00ea tamb\u00e9m pode enviar informa\u00e7\u00f5es \u00e0 Reda\u00e7\u00e3o do Portal Cariri em A\u00e7\u00e3o pelo WhatsApp (83) 9 9634.5791, (83) 9 9601-1162.<\/strong><\/p>\n","protected":false},"excerpt":{"rendered":"<p>Por volta das 20:00 h da noite deste s\u00e1bado (23), no S\u00edtio Saco, munic\u00edpio de Pedra Branca-PB, familiares encontraram j\u00e1 sem vida, o corpo do&hellip; <\/p>\n","protected":false},"author":2,"featured_media":25307,"comment_status":"closed","ping_status":"closed","sticky":false,"template":"","format":"standard","meta":{"sfsi_plus_gutenberg_text_before_share":"","sfsi_plus_gutenberg_show_text_before_share":"","sfsi_plus_gutenberg_icon_type":"","sfsi_plus_gutenberg_icon_alignemt":"","sfsi_plus_gutenburg_max_per_row":"","footnotes":""},"categories":[12],"tags":[],"class_list":["post-29244","post","type-post","status-publish","format-standard","has-post-thumbnail","hentry","category-policia"],"_links":{"self":[{"href":"https:\/\/www.caririemacao.com\/1\/wp-json\/wp\/v2\/posts\/29244","targetHints":{"allow":["GET"]}}],"collection":[{"href":"https:\/\/www.caririemacao.com\/1\/wp-json\/wp\/v2\/posts"}],"about":[{"href":"https:\/\/www.caririemacao.com\/1\/wp-json\/wp\/v2\/types\/post"}],"author":[{"embeddable":true,"href":"https:\/\/www.caririemacao.com\/1\/wp-json\/wp\/v2\/users\/2"}],"replies":[{"embeddable":true,"href":"https:\/\/www.caririemacao.com\/1\/wp-json\/wp\/v2\/comments?post=29244"}],"version-history":[{"count":0,"href":"https:\/\/www.caririemacao.com\/1\/wp-json\/wp\/v2\/posts\/29244\/revisions"}],"wp:featuredmedia":[{"embeddable":true,"href":"https:\/\/www.caririemacao.com\/1\/wp-json\/wp\/v2\/media\/25307"}],"wp:attachment":[{"href":"https:\/\/www.caririemacao.com\/1\/wp-json\/wp\/v2\/media?parent=29244"}],"wp:term":[{"taxonomy":"category","embeddable":true,"href":"https:\/\/www.caririemacao.com\/1\/wp-json\/wp\/v2\/categories?post=29244"},{"taxonomy":"post_tag","embeddable":true,"href":"https:\/\/www.caririemacao.com\/1\/wp-json\/wp\/v2\/tags?post=29244"}],"curies":[{"name":"wp","href":"https:\/\/api.w.org\/{rel}","templated":true}]}}