{"id":29247,"date":"2017-09-24T11:13:37","date_gmt":"2017-09-24T14:13:37","guid":{"rendered":"http:\/\/caririemacao.com\/1\/?p=29247"},"modified":"2017-09-24T12:48:28","modified_gmt":"2017-09-24T15:48:28","slug":"prefeitura-de-prata-atraves-da-secretaria-de-agricultura-realiza-curso-negocio-certo-rural","status":"publish","type":"post","link":"https:\/\/www.caririemacao.com\/1\/2017\/09\/24\/prefeitura-de-prata-atraves-da-secretaria-de-agricultura-realiza-curso-negocio-certo-rural\/","title":{"rendered":"Prefeitura de Prata atrav\u00e9s da secretaria de agricultura realiza curso &#8220;Neg\u00f3cio Certo Rural&#8217;."},"content":{"rendered":"<div>A Prefeitura de Prata, por meio da Secretaria Municipal de Agricultura, em parceria com o SENAR e o SEBRAE, realiza o curso Neg\u00f3cio Certo Rural, com foco nos pequenos e Grande produtores rurais, da agricultura familiar,<\/div>\n<div><\/div>\n<div>O curso, ser\u00e1 realizado em 05 etapas, teve in\u00edcio no dia 16 de Setembro, com a palestra de sensibiliza\u00e7\u00e3o. As demais fases acontecer\u00e3o as sextas-feiras, com treinamento onde os agricultores ir\u00e3o aprender a fazer a gest\u00e3o do seu neg\u00f3cio.<\/div>\n<div><\/div>\n<div>\u201cEssa \u00e9 mais uma iniciativa da prefeitura no intuito de incentivar o desenvolvimento dos produtores rurais da regi\u00e3o\u201d, afirmou o secret\u00e1rio de Agricultura, Genivaldo Temb\u00f3rio.<\/div>\n<div>\n<p><strong>CARIRI EM A\u00c7\u00c3O<\/strong><\/p>\n<p><em>Com Ascom\/Foto:Divulga\u00e7\u00e3o<\/em><\/p>\n<p><strong>Leia mais not\u00edcias em\u00a0<\/strong><a href=\"http:\/\/www.caririemacao.com\/\"><strong>caririemacao.com<\/strong><\/a><strong>, siga nossa p\u00e1gina no\u00a0<\/strong><a href=\"https:\/\/www.facebook.com\/CaririEmAcao\/?ref=aymt_homepage_panel\"><strong>Facebook<\/strong><\/a>,<strong>\u00a0<\/strong><a href=\"https:\/\/www.instagram.com\/cariri_em_acao\/?hl=pt-br\"><strong>Instagram<\/strong><\/a><strong>\u00a0e <\/strong><a href=\"https:\/\/www.youtube.com\/channel\/UCAptA0jQuYQy8vMhLt2m4qg\"><strong>Youtube<\/strong><\/a><strong>\u00a0e veja nossas mat\u00e9rias, v\u00eddeos e fotos. Voc\u00ea tamb\u00e9m pode enviar informa\u00e7\u00f5es \u00e0 Reda\u00e7\u00e3o do Portal Cariri em A\u00e7\u00e3o pelo WhatsApp (83) 9 9634.5791, (83) 9 9601-1162.<\/strong><\/p>\n<\/div>\n","protected":false},"excerpt":{"rendered":"<p>A Prefeitura de Prata, por meio da Secretaria Municipal de Agricultura, em parceria com o SENAR e o SEBRAE, realiza o curso Neg\u00f3cio Certo Rural,&hellip; <\/p>\n","protected":false},"author":2,"featured_media":29248,"comment_status":"closed","ping_status":"closed","sticky":false,"template":"","format":"standard","meta":{"sfsi_plus_gutenberg_text_before_share":"","sfsi_plus_gutenberg_show_text_before_share":"","sfsi_plus_gutenberg_icon_type":"","sfsi_plus_gutenberg_icon_alignemt":"","sfsi_plus_gutenburg_max_per_row":"","footnotes":""},"categories":[6],"tags":[],"class_list":["post-29247","post","type-post","status-publish","format-standard","has-post-thumbnail","hentry","category-cidades"],"_links":{"self":[{"href":"https:\/\/www.caririemacao.com\/1\/wp-json\/wp\/v2\/posts\/29247","targetHints":{"allow":["GET"]}}],"collection":[{"href":"https:\/\/www.caririemacao.com\/1\/wp-json\/wp\/v2\/posts"}],"about":[{"href":"https:\/\/www.caririemacao.com\/1\/wp-json\/wp\/v2\/types\/post"}],"author":[{"embeddable":true,"href":"https:\/\/www.caririemacao.com\/1\/wp-json\/wp\/v2\/users\/2"}],"replies":[{"embeddable":true,"href":"https:\/\/www.caririemacao.com\/1\/wp-json\/wp\/v2\/comments?post=29247"}],"version-history":[{"count":0,"href":"https:\/\/www.caririemacao.com\/1\/wp-json\/wp\/v2\/posts\/29247\/revisions"}],"wp:featuredmedia":[{"embeddable":true,"href":"https:\/\/www.caririemacao.com\/1\/wp-json\/wp\/v2\/media\/29248"}],"wp:attachment":[{"href":"https:\/\/www.caririemacao.com\/1\/wp-json\/wp\/v2\/media?parent=29247"}],"wp:term":[{"taxonomy":"category","embeddable":true,"href":"https:\/\/www.caririemacao.com\/1\/wp-json\/wp\/v2\/categories?post=29247"},{"taxonomy":"post_tag","embeddable":true,"href":"https:\/\/www.caririemacao.com\/1\/wp-json\/wp\/v2\/tags?post=29247"}],"curies":[{"name":"wp","href":"https:\/\/api.w.org\/{rel}","templated":true}]}}