{"id":292479,"date":"2024-11-08T06:13:22","date_gmt":"2024-11-08T09:13:22","guid":{"rendered":"https:\/\/www.caririemacao.com\/1\/?p=292479"},"modified":"2024-11-08T06:13:22","modified_gmt":"2024-11-08T09:13:22","slug":"ufpb-e-uepb-abrem-em-parceria-10-mil-vagas-para-curso-gratuito-de-educacao-inclusiva","status":"publish","type":"post","link":"https:\/\/www.caririemacao.com\/1\/2024\/11\/08\/ufpb-e-uepb-abrem-em-parceria-10-mil-vagas-para-curso-gratuito-de-educacao-inclusiva\/","title":{"rendered":"UFPB e UEPB abrem em parceria 10 mil vagas para curso gratuito de Educa\u00e7\u00e3o Inclusiva"},"content":{"rendered":"<p>A Universidade Federal da Para\u00edba (UFPB), em parceria com a Universidade Estadual da Para\u00edba (UEPB), anunciou ontem (07), a oferta de 10 mil vagas para o curso de extens\u00e3o \u201cEduca\u00e7\u00e3o Especial na Perspectiva da Educa\u00e7\u00e3o Inclusiva\u201d, na modalidade de educa\u00e7\u00e3o a dist\u00e2ncia (EaD). O curso \u00e9 gratuito e exclusivo para professores da educa\u00e7\u00e3o b\u00e1sica da Para\u00edba, com o objetivo de qualificar profissionais para o atendimento educacional especializado e inclusivo.<\/p>\n<p>Se voc\u00ea se interessou saiba que as as inscri\u00e7\u00f5es est\u00e3o abertas e podem ser realizadas at\u00e9 29 de novembro, por meio de um link exclusivo. O processo de inscri\u00e7\u00e3o exige que o candidato preencha uma ficha online e envie, em um \u00fanico arquivo PDF (com tamanho m\u00e1ximo de 5 MB), os documentos exigidos no edital. Esse arquivo dever\u00e1 ser assinado eletronicamente pelo candidato atrav\u00e9s do Portal de Assinaturas do Governo Federal. Ao enviar o e-mail, o candidato deve preencher o campo \u201cAssunto\u201d com seu nome completo e CPF, para facilitar a identifica\u00e7\u00e3o.<\/p>\n<p>A sele\u00e7\u00e3o dos candidatos ocorrer\u00e1 entre 27 de janeiro e 10 de fevereiro de 2025 e levar\u00e1 em considera\u00e7\u00e3o a confer\u00eancia dos documentos obrigat\u00f3rios, com car\u00e1ter eliminat\u00f3rio, e a ordem de inscri\u00e7\u00e3o. A qualifica\u00e7\u00e3o, que ter\u00e1 dura\u00e7\u00e3o de tr\u00eas meses (mar\u00e7o a maio de 2025), contar\u00e1 com 120 horas de carga hor\u00e1ria e ser\u00e1 realizada de forma s\u00edncrona e ass\u00edncrona no Ambiente Virtual de Aprendizagem (AVA).<\/p>\n<p>Ao final do curso, os participantes que cumprirem todos os requisitos exigidos e forem aprovados receber\u00e3o um certificado especificando a carga hor\u00e1ria total do curso, conforme previsto no edital.<\/p>\n<p>Interessados devem acessar o edital completo para obter informa\u00e7\u00f5es detalhadas sobre o processo seletivo, documenta\u00e7\u00e3o exigida, cronograma, crit\u00e9rios de aprova\u00e7\u00e3o, prazos de recursos e outras orienta\u00e7\u00f5es. Para mais esclarecimentos, tamb\u00e9m \u00e9 poss\u00edvel enviar d\u00favidas para o e-mail\u00a0educacaoespecial@evento.uepb.edu.br\u00a0ou consultar os sites da UFPB\/UAB e UEPB\/UAB.<\/p>\n","protected":false},"excerpt":{"rendered":"<p>A Universidade Federal da Para\u00edba (UFPB), em parceria com a Universidade Estadual da Para\u00edba (UEPB), anunciou ontem (07), a oferta de 10 mil vagas para&hellip; <\/p>\n","protected":false},"author":6,"featured_media":292480,"comment_status":"closed","ping_status":"closed","sticky":false,"template":"","format":"standard","meta":{"sfsi_plus_gutenberg_text_before_share":"","sfsi_plus_gutenberg_show_text_before_share":"","sfsi_plus_gutenberg_icon_type":"","sfsi_plus_gutenberg_icon_alignemt":"","sfsi_plus_gutenburg_max_per_row":"","footnotes":""},"categories":[50,104],"tags":[],"class_list":["post-292479","post","type-post","status-publish","format-standard","has-post-thumbnail","hentry","category-destaque","category-paraiba"],"_links":{"self":[{"href":"https:\/\/www.caririemacao.com\/1\/wp-json\/wp\/v2\/posts\/292479","targetHints":{"allow":["GET"]}}],"collection":[{"href":"https:\/\/www.caririemacao.com\/1\/wp-json\/wp\/v2\/posts"}],"about":[{"href":"https:\/\/www.caririemacao.com\/1\/wp-json\/wp\/v2\/types\/post"}],"author":[{"embeddable":true,"href":"https:\/\/www.caririemacao.com\/1\/wp-json\/wp\/v2\/users\/6"}],"replies":[{"embeddable":true,"href":"https:\/\/www.caririemacao.com\/1\/wp-json\/wp\/v2\/comments?post=292479"}],"version-history":[{"count":1,"href":"https:\/\/www.caririemacao.com\/1\/wp-json\/wp\/v2\/posts\/292479\/revisions"}],"predecessor-version":[{"id":292481,"href":"https:\/\/www.caririemacao.com\/1\/wp-json\/wp\/v2\/posts\/292479\/revisions\/292481"}],"wp:featuredmedia":[{"embeddable":true,"href":"https:\/\/www.caririemacao.com\/1\/wp-json\/wp\/v2\/media\/292480"}],"wp:attachment":[{"href":"https:\/\/www.caririemacao.com\/1\/wp-json\/wp\/v2\/media?parent=292479"}],"wp:term":[{"taxonomy":"category","embeddable":true,"href":"https:\/\/www.caririemacao.com\/1\/wp-json\/wp\/v2\/categories?post=292479"},{"taxonomy":"post_tag","embeddable":true,"href":"https:\/\/www.caririemacao.com\/1\/wp-json\/wp\/v2\/tags?post=292479"}],"curies":[{"name":"wp","href":"https:\/\/api.w.org\/{rel}","templated":true}]}}