{"id":292482,"date":"2024-11-08T06:15:45","date_gmt":"2024-11-08T09:15:45","guid":{"rendered":"https:\/\/www.caririemacao.com\/1\/?p=292482"},"modified":"2024-11-08T06:16:02","modified_gmt":"2024-11-08T09:16:02","slug":"deusdete-garante-que-joao-e-favorito-ao-senado-mas-prega-base-unida-para-gestor-deixar-governo-com-tranquilidade","status":"publish","type":"post","link":"https:\/\/www.caririemacao.com\/1\/2024\/11\/08\/deusdete-garante-que-joao-e-favorito-ao-senado-mas-prega-base-unida-para-gestor-deixar-governo-com-tranquilidade\/","title":{"rendered":"Deusdete garante que Jo\u00e3o \u00e9 favorito ao Senado, mas prega base unida para gestor deixar governo com tranquilidade"},"content":{"rendered":"<p>O secret\u00e1rio de Recursos H\u00eddricos da Para\u00edba, Deusdete Queiroga, avaliou que o governador Jo\u00e3o Azev\u00eado (PSB) \u00e9 um forte candidato ao Senado em 2026 e, caso decida concorrer, ter\u00e1 grandes chances de vit\u00f3ria em qualquer cen\u00e1rio pol\u00edtico.<\/p>\n<p>De acordo com Deusdete, Jo\u00e3o Azev\u00eado, principal lideran\u00e7a do PSB na Para\u00edba, possui perfil e apoio pol\u00edtico para garantir uma cadeira no Senado, mas a decis\u00e3o de renunciar ao mandato de governador antes do prazo exige cautela, especialmente em rela\u00e7\u00e3o \u00e0 estabilidade e unidade da base aliada.<\/p>\n<p>\u201cDo ponto de vista do partido, seria positivo que ele permanecesse no cargo. No entanto, ele j\u00e1 expressou a inten\u00e7\u00e3o de disputar o Senado, e essa escolha depende da avalia\u00e7\u00e3o do cen\u00e1rio, considerando a harmonia dentro da base\u201d, comentou Queiroga.<\/p>\n<p>A possibilidade de Jo\u00e3o renunciar ao governo para disputar o Senado alimenta as discuss\u00f5es pol\u00edticas locais, uma vez que a transi\u00e7\u00e3o tranquila do cargo depende de um alinhamento s\u00f3lido entre as lideran\u00e7as aliadas.<\/p>\n<p>&nbsp;<\/p>\n<p>PB Agora<\/p>\n","protected":false},"excerpt":{"rendered":"<p>O secret\u00e1rio de Recursos H\u00eddricos da Para\u00edba, Deusdete Queiroga, avaliou que o governador Jo\u00e3o Azev\u00eado (PSB) \u00e9 um forte candidato ao Senado em 2026 e,&hellip; <\/p>\n","protected":false},"author":6,"featured_media":292483,"comment_status":"closed","ping_status":"closed","sticky":false,"template":"","format":"standard","meta":{"sfsi_plus_gutenberg_text_before_share":"","sfsi_plus_gutenberg_show_text_before_share":"","sfsi_plus_gutenberg_icon_type":"","sfsi_plus_gutenberg_icon_alignemt":"","sfsi_plus_gutenburg_max_per_row":"","footnotes":""},"categories":[50,1,11],"tags":[],"class_list":["post-292482","post","type-post","status-publish","format-standard","has-post-thumbnail","hentry","category-destaque","category-o-site","category-politica"],"_links":{"self":[{"href":"https:\/\/www.caririemacao.com\/1\/wp-json\/wp\/v2\/posts\/292482","targetHints":{"allow":["GET"]}}],"collection":[{"href":"https:\/\/www.caririemacao.com\/1\/wp-json\/wp\/v2\/posts"}],"about":[{"href":"https:\/\/www.caririemacao.com\/1\/wp-json\/wp\/v2\/types\/post"}],"author":[{"embeddable":true,"href":"https:\/\/www.caririemacao.com\/1\/wp-json\/wp\/v2\/users\/6"}],"replies":[{"embeddable":true,"href":"https:\/\/www.caririemacao.com\/1\/wp-json\/wp\/v2\/comments?post=292482"}],"version-history":[{"count":1,"href":"https:\/\/www.caririemacao.com\/1\/wp-json\/wp\/v2\/posts\/292482\/revisions"}],"predecessor-version":[{"id":292484,"href":"https:\/\/www.caririemacao.com\/1\/wp-json\/wp\/v2\/posts\/292482\/revisions\/292484"}],"wp:featuredmedia":[{"embeddable":true,"href":"https:\/\/www.caririemacao.com\/1\/wp-json\/wp\/v2\/media\/292483"}],"wp:attachment":[{"href":"https:\/\/www.caririemacao.com\/1\/wp-json\/wp\/v2\/media?parent=292482"}],"wp:term":[{"taxonomy":"category","embeddable":true,"href":"https:\/\/www.caririemacao.com\/1\/wp-json\/wp\/v2\/categories?post=292482"},{"taxonomy":"post_tag","embeddable":true,"href":"https:\/\/www.caririemacao.com\/1\/wp-json\/wp\/v2\/tags?post=292482"}],"curies":[{"name":"wp","href":"https:\/\/api.w.org\/{rel}","templated":true}]}}