{"id":29250,"date":"2017-09-24T11:31:00","date_gmt":"2017-09-24T14:31:00","guid":{"rendered":"http:\/\/caririemacao.com\/1\/?p=29250"},"modified":"2017-09-24T11:31:00","modified_gmt":"2017-09-24T14:31:00","slug":"caps-de-prata-realiza-caminhada-em-apoio-a-campanha-setembro-amarelo","status":"publish","type":"post","link":"https:\/\/www.caririemacao.com\/1\/2017\/09\/24\/caps-de-prata-realiza-caminhada-em-apoio-a-campanha-setembro-amarelo\/","title":{"rendered":"Caps de Prata realiza caminhada em apoio \u00e0 campanha \u2018Setembro Amarelo\u2019"},"content":{"rendered":"<div>O Centro de Aten\u00e7\u00e3o Psicossocial (Caps ); de Prata \u00a0com o apoio da secret\u00e1ria municipal de sa\u00fade, junto com as escolas Estadual e Municipal e a popula\u00e7\u00e3o \u00a0fazem caminhada pelas principais ruas da cidade,mostrando a import\u00e2ncia do SETEMBRO AMARELO, uma campanha de conscientiza\u00e7\u00e3o sobre \u00a0a preven\u00e7\u00e3o do suic\u00eddio, com o objeto de alertar a popula\u00e7\u00e3o a respeito da realidade do suic\u00eddio no Brasil e no mundo e suas formas de preven\u00e7\u00e3o.<\/div>\n<div><\/div>\n<div>Que tem sido um mal silencioso, pois as pessoas fogem do assunto e por medo ou desconhecimento, n\u00e3o veem os sinais de que uma pessoa pr\u00f3xima est\u00e1 com ideias suicidas.<\/div>\n<div><\/div>\n<div>A esperan\u00e7a \u00e9 o fato de que, segundo a Organiza\u00e7\u00e3o Mundial da Sa\u00fade, nove em cada dez casos poderiam ser prevenidos. \u00c9 necess\u00e1rio a pessoa buscar ajuda e aten\u00e7\u00e3o de quem est\u00e1 \u00e0 sua volta\u201c,Essa campanha ocorre no m\u00eas de setembro, desde 2015.<\/div>\n<div><\/div>\n<div>Para a psic\u00f3loga Juci Castro, eventos como esses promovem uma intera\u00e7\u00e3o entre pacientes e sociedade. \u201cMuitos sentem-se exclu\u00eddos e essa \u00e9 a oportunidade de conscientizar todas as pessoas sobre a import\u00e2ncia da inclus\u00e3o\u201d, explica.<\/div>\n<div>\n<p><strong>CARIRI EM A\u00c7\u00c3O<\/strong><\/p>\n<p><em>Com Portal Cariri PB\/Foto:Reprodu\u00e7\u00e3o \u00a0 \u00a0<\/em><\/p>\n<p><strong>Leia mais not\u00edcias em\u00a0<\/strong><a href=\"http:\/\/www.caririemacao.com\/\"><strong>caririemacao.com<\/strong><\/a><strong>, siga nossa p\u00e1gina no\u00a0<\/strong><a href=\"https:\/\/www.facebook.com\/CaririEmAcao\/?ref=aymt_homepage_panel\"><strong>Facebook<\/strong><\/a>,<strong>\u00a0<\/strong><a href=\"https:\/\/www.instagram.com\/cariri_em_acao\/?hl=pt-br\"><strong>Instagram<\/strong><\/a><strong>\u00a0e <\/strong><a href=\"https:\/\/www.youtube.com\/channel\/UCAptA0jQuYQy8vMhLt2m4qg\"><strong>Youtube<\/strong><\/a><strong>\u00a0e veja nossas mat\u00e9rias, v\u00eddeos e fotos. Voc\u00ea tamb\u00e9m pode enviar informa\u00e7\u00f5es \u00e0 Reda\u00e7\u00e3o do Portal Cariri em A\u00e7\u00e3o pelo WhatsApp (83) 9 9634.5791, (83) 9 9601-1162.<\/strong><\/p>\n<\/div>\n","protected":false},"excerpt":{"rendered":"<p>O Centro de Aten\u00e7\u00e3o Psicossocial (Caps ); de Prata \u00a0com o apoio da secret\u00e1ria municipal de sa\u00fade, junto com as escolas Estadual e Municipal e&hellip; <\/p>\n","protected":false},"author":2,"featured_media":29251,"comment_status":"closed","ping_status":"closed","sticky":false,"template":"","format":"standard","meta":{"sfsi_plus_gutenberg_text_before_share":"","sfsi_plus_gutenberg_show_text_before_share":"","sfsi_plus_gutenberg_icon_type":"","sfsi_plus_gutenberg_icon_alignemt":"","sfsi_plus_gutenburg_max_per_row":"","footnotes":""},"categories":[16],"tags":[],"class_list":["post-29250","post","type-post","status-publish","format-standard","has-post-thumbnail","hentry","category-saude"],"_links":{"self":[{"href":"https:\/\/www.caririemacao.com\/1\/wp-json\/wp\/v2\/posts\/29250","targetHints":{"allow":["GET"]}}],"collection":[{"href":"https:\/\/www.caririemacao.com\/1\/wp-json\/wp\/v2\/posts"}],"about":[{"href":"https:\/\/www.caririemacao.com\/1\/wp-json\/wp\/v2\/types\/post"}],"author":[{"embeddable":true,"href":"https:\/\/www.caririemacao.com\/1\/wp-json\/wp\/v2\/users\/2"}],"replies":[{"embeddable":true,"href":"https:\/\/www.caririemacao.com\/1\/wp-json\/wp\/v2\/comments?post=29250"}],"version-history":[{"count":0,"href":"https:\/\/www.caririemacao.com\/1\/wp-json\/wp\/v2\/posts\/29250\/revisions"}],"wp:featuredmedia":[{"embeddable":true,"href":"https:\/\/www.caririemacao.com\/1\/wp-json\/wp\/v2\/media\/29251"}],"wp:attachment":[{"href":"https:\/\/www.caririemacao.com\/1\/wp-json\/wp\/v2\/media?parent=29250"}],"wp:term":[{"taxonomy":"category","embeddable":true,"href":"https:\/\/www.caririemacao.com\/1\/wp-json\/wp\/v2\/categories?post=29250"},{"taxonomy":"post_tag","embeddable":true,"href":"https:\/\/www.caririemacao.com\/1\/wp-json\/wp\/v2\/tags?post=29250"}],"curies":[{"name":"wp","href":"https:\/\/api.w.org\/{rel}","templated":true}]}}