{"id":29253,"date":"2017-09-24T11:36:40","date_gmt":"2017-09-24T14:36:40","guid":{"rendered":"http:\/\/caririemacao.com\/1\/?p=29253"},"modified":"2017-09-24T11:36:40","modified_gmt":"2017-09-24T14:36:40","slug":"psb-define-candidatos-a-deputado-e-faz-mocao-de-apoio-a-joao-azevedo","status":"publish","type":"post","link":"https:\/\/www.caririemacao.com\/1\/2017\/09\/24\/psb-define-candidatos-a-deputado-e-faz-mocao-de-apoio-a-joao-azevedo\/","title":{"rendered":"PSB define candidatos a deputado e faz mo\u00e7\u00e3o de apoio a Jo\u00e3o Azevedo"},"content":{"rendered":"<p>O Congresso Estadual do Partido Socialista Brasileiro no Estado da Para\u00edba terminou neste s\u00e1bado (23) com a defini\u00e7\u00e3o dos nomes para a disputa dos cargos proporcionais nas elei\u00e7\u00f5es de 2018 e uma mo\u00e7\u00e3o de apoio ao nome do secret\u00e1rio Jo\u00e3o Azevedo para a disputa do governo. O evento contou com a participa\u00e7\u00e3o do governador Ricardo Coutinho (PSB), que enfrenta press\u00f5es internas para disputar vaga no Senado.<\/p>\n<p>Quinze nomes foram colocados na mesa para a disputa de vaga na Assembleia Legislativa. A rela\u00e7\u00e3o inclui Herv\u00e1zio Bezerra, Jeov\u00e1 Campos, Estela Bezerra, Ricardo Barbosa, Buba Germano e Z\u00e9 Paulo, j\u00e1 detentores de mandato, al\u00e9m de C\u00e9lio Alves, Poliana Dutra, Aledson Moura, Cida Ramos, Romualdo, F\u00e1bio Maia, Alexandre Braga, Evaldo Rom\u00e3o e Kezzio. A lista para federal inclui Gerv\u00e1sio Maia, Chico Lopes, Denise Albuquerque, Vieirinha, Emilia Correia Lima e Bruno Deriu.<\/p>\n<p>Em rela\u00e7\u00e3o ao secret\u00e1rio de Infraestrutura, Recursos H\u00eddricos, Meio Ambiente e da Ci\u00eancia e Tecnologia, Jo\u00e3o Azevedo, os delegados do PSB elaboraram uma mo\u00e7\u00e3o de apoio \u00e0 pr\u00e9-candidatura dele para a sucess\u00e3o de Coutinho. A mo\u00e7\u00e3o foi assinada tamb\u00e9m por deputados, prefeitos, vice-prefeitos e os presidentes do partido nos 223 munic\u00edpios do Estado. O apoio foi apresentado como irrestrito.<\/p>\n<p>Os participantes do evento tamb\u00e9m ignoraram o desejo do governador Ricardo Coutinho em rela\u00e7\u00e3o ao futuro dele. O socialista tem dito que vai ficar no mandato at\u00e9 o final, em dezembro do ano que vem. Os aliados dele, no entanto, pretendem ver o gestor disputando a vaga para o Senado. Caso ele se afaste do cargo, a vice-governadora, L\u00edgia Feliciano (PDT), assume o mandato.<\/p>\n<p><strong>CARIRI EM A\u00c7\u00c3O<\/strong><\/p>\n<p><em>Com Jornal da Para\u00edba\u00a0\/Foto: Reprodu\u00e7\u00e3o \u00a0<\/em><\/p>\n<p><strong>Leia mais not\u00edcias em\u00a0<\/strong><a href=\"http:\/\/www.caririemacao.com\/\"><strong>caririemacao.com<\/strong><\/a><strong>, siga nossa p\u00e1gina no\u00a0<\/strong><a href=\"https:\/\/www.facebook.com\/CaririEmAcao\/?ref=aymt_homepage_panel\"><strong>Facebook<\/strong><\/a>,<strong>\u00a0<\/strong><a href=\"https:\/\/www.instagram.com\/cariri_em_acao\/?hl=pt-br\"><strong>Instagram<\/strong><\/a><strong>\u00a0e <\/strong><a href=\"https:\/\/www.youtube.com\/channel\/UCAptA0jQuYQy8vMhLt2m4qg\"><strong>Youtube<\/strong><\/a><strong>\u00a0e veja nossas mat\u00e9rias, v\u00eddeos e fotos. Voc\u00ea tamb\u00e9m pode enviar informa\u00e7\u00f5es \u00e0 Reda\u00e7\u00e3o do Portal Cariri em A\u00e7\u00e3o pelo WhatsApp (83) 9 9634.5791, (83) 9 9601-1162.<\/strong><\/p>\n","protected":false},"excerpt":{"rendered":"<p>O Congresso Estadual do Partido Socialista Brasileiro no Estado da Para\u00edba terminou neste s\u00e1bado (23) com a defini\u00e7\u00e3o dos nomes para a disputa dos cargos&hellip; <\/p>\n","protected":false},"author":2,"featured_media":29254,"comment_status":"closed","ping_status":"closed","sticky":false,"template":"","format":"standard","meta":{"sfsi_plus_gutenberg_text_before_share":"","sfsi_plus_gutenberg_show_text_before_share":"","sfsi_plus_gutenberg_icon_type":"","sfsi_plus_gutenberg_icon_alignemt":"","sfsi_plus_gutenburg_max_per_row":"","footnotes":""},"categories":[11],"tags":[],"class_list":["post-29253","post","type-post","status-publish","format-standard","has-post-thumbnail","hentry","category-politica"],"_links":{"self":[{"href":"https:\/\/www.caririemacao.com\/1\/wp-json\/wp\/v2\/posts\/29253","targetHints":{"allow":["GET"]}}],"collection":[{"href":"https:\/\/www.caririemacao.com\/1\/wp-json\/wp\/v2\/posts"}],"about":[{"href":"https:\/\/www.caririemacao.com\/1\/wp-json\/wp\/v2\/types\/post"}],"author":[{"embeddable":true,"href":"https:\/\/www.caririemacao.com\/1\/wp-json\/wp\/v2\/users\/2"}],"replies":[{"embeddable":true,"href":"https:\/\/www.caririemacao.com\/1\/wp-json\/wp\/v2\/comments?post=29253"}],"version-history":[{"count":0,"href":"https:\/\/www.caririemacao.com\/1\/wp-json\/wp\/v2\/posts\/29253\/revisions"}],"wp:featuredmedia":[{"embeddable":true,"href":"https:\/\/www.caririemacao.com\/1\/wp-json\/wp\/v2\/media\/29254"}],"wp:attachment":[{"href":"https:\/\/www.caririemacao.com\/1\/wp-json\/wp\/v2\/media?parent=29253"}],"wp:term":[{"taxonomy":"category","embeddable":true,"href":"https:\/\/www.caririemacao.com\/1\/wp-json\/wp\/v2\/categories?post=29253"},{"taxonomy":"post_tag","embeddable":true,"href":"https:\/\/www.caririemacao.com\/1\/wp-json\/wp\/v2\/tags?post=29253"}],"curies":[{"name":"wp","href":"https:\/\/api.w.org\/{rel}","templated":true}]}}