{"id":292546,"date":"2024-11-09T19:57:05","date_gmt":"2024-11-09T22:57:05","guid":{"rendered":"https:\/\/www.caririemacao.com\/1\/?p=292546"},"modified":"2024-11-09T19:57:29","modified_gmt":"2024-11-09T22:57:29","slug":"iii-expobrejinho-celebra-cultura-e-empreendedorismo-com-programacao-especial-de-22-a-24-de-novembro","status":"publish","type":"post","link":"https:\/\/www.caririemacao.com\/1\/2024\/11\/09\/iii-expobrejinho-celebra-cultura-e-empreendedorismo-com-programacao-especial-de-22-a-24-de-novembro\/","title":{"rendered":"III ExpoBrejinho celebra cultura e empreendedorismo com programa\u00e7\u00e3o especial de 22 a 24 de novembro"},"content":{"rendered":"<p>Brejinho se prepara para receber a terceira edi\u00e7\u00e3o da ExpoBrejinho, um evento que une cultura, empreendedorismo e muita anima\u00e7\u00e3o nos dias 22, 23 e 24 de novembro. Realizada no P\u00e1tio de Eventos Raimundo Adialy, a feira promete ser um marco para o munic\u00edpio, reunindo m\u00fasica, gastronomia e talentos locais em uma celebra\u00e7\u00e3o inesquec\u00edvel.<\/p>\n<p>O evento contar\u00e1 com uma programa\u00e7\u00e3o diversificada, com destaque para atra\u00e7\u00f5es musicais de peso.<\/p>\n<p>No dia 22, quem sobe ao palco \u00e9 Gustavinho Ronaldo. J\u00e1 no dia 23, ser\u00e1 uma vez de Jobim e Seu Marquinhos animarem o p\u00fablico. No encerramento, no dia 24, Jackson Monteiro promete fechar a festa com chave de ouro.<\/p>\n<p>Al\u00e9m da m\u00fasica, os visitantes poder\u00e3o desfrutar de exposi\u00e7\u00f5es de produtos locais, saborear pratos t\u00edpicos e mergulhar na rica cultura brejinhense.<\/p>\n<p>Para o prefeito Gilson Bento, a ExpoBrejinho \u00e9 mais do que uma festa, \u00e9 uma celebra\u00e7\u00e3o da identidade e do potencial da regi\u00e3o.<\/p>\n<p>\u201cA ExpoBrejinho \u00e9 uma oportunidade \u00fanica para valorizar o talento dos nossos empreendedores e fortalecer a cultura local. Estamos preparando tudo com muito carinho para que nossa popula\u00e7\u00e3o e visitantes vivam momentos inesquec\u00edveis. Brejinho merece essa festa e muito mais! \u201d, destacou o gestor..<\/p>\n<p>A expectativa \u00e9 de que a edi\u00e7\u00e3o 2024 atraia um grande p\u00fablico, consolidando-se como um dos principais eventos do Paje\u00fa.<\/p>\n<p>&nbsp;<\/p>\n<p><strong>CARIRI EM A\u00c7\u00c3O<\/strong><\/p>\n","protected":false},"excerpt":{"rendered":"<p>Brejinho se prepara para receber a terceira edi\u00e7\u00e3o da ExpoBrejinho, um evento que une cultura, empreendedorismo e muita anima\u00e7\u00e3o nos dias 22, 23 e 24 de novembro. Realizada no P\u00e1tio de Eventos Raimundo Adialy, a feira promete ser um marco para o munic\u00edpio, reunindo m\u00fasica, gastronomia e talentos locais em uma celebra\u00e7\u00e3o inesquec\u00edvel. O evento contar\u00e1 com uma programa\u00e7\u00e3o diversificada, com destaque para atra\u00e7\u00f5es musicais de peso. No dia 22, quem sobe ao palco \u00e9 Gustavinho Ronaldo. J\u00e1 no dia 23, ser\u00e1 uma vez de Jobim e Seu Marquinhos animarem o p\u00fablico. No encerramento, no dia 24, Jackson Monteiro promete fechar a festa com chave de ouro. Al\u00e9m da m\u00fasica, os visitantes poder\u00e3o desfrutar de exposi\u00e7\u00f5es de produtos locais, saborear pratos t\u00edpicos e mergulhar na rica cultura brejinhense. Para o prefeito Gilson Bento, a ExpoBrejinho \u00e9 mais do que uma festa, \u00e9 uma celebra\u00e7\u00e3o da identidade e do potencial da regi\u00e3o. \u201cA ExpoBrejinho \u00e9 uma oportunidade \u00fanica para valorizar o talento dos nossos empreendedores e fortalecer a cultura local. Estamos preparando tudo com muito carinho para que nossa popula\u00e7\u00e3o e visitantes vivam momentos inesquec\u00edveis. Brejinho merece essa festa e muito mais! \u201d, destacou o gestor.. A expectativa \u00e9 de que a edi\u00e7\u00e3o 2024 atraia um grande p\u00fablico, consolidando-se como um dos principais eventos do Paje\u00fa. &nbsp; CARIRI EM A\u00c7\u00c3O<\/p>\n","protected":false},"author":6,"featured_media":292547,"comment_status":"closed","ping_status":"closed","sticky":false,"template":"","format":"standard","meta":{"sfsi_plus_gutenberg_text_before_share":"","sfsi_plus_gutenberg_show_text_before_share":"","sfsi_plus_gutenberg_icon_type":"","sfsi_plus_gutenberg_icon_alignemt":"","sfsi_plus_gutenburg_max_per_row":"","footnotes":""},"categories":[50,1,125],"tags":[],"class_list":["post-292546","post","type-post","status-publish","format-standard","has-post-thumbnail","hentry","category-destaque","category-o-site","category-pernambuco"],"_links":{"self":[{"href":"https:\/\/www.caririemacao.com\/1\/wp-json\/wp\/v2\/posts\/292546","targetHints":{"allow":["GET"]}}],"collection":[{"href":"https:\/\/www.caririemacao.com\/1\/wp-json\/wp\/v2\/posts"}],"about":[{"href":"https:\/\/www.caririemacao.com\/1\/wp-json\/wp\/v2\/types\/post"}],"author":[{"embeddable":true,"href":"https:\/\/www.caririemacao.com\/1\/wp-json\/wp\/v2\/users\/6"}],"replies":[{"embeddable":true,"href":"https:\/\/www.caririemacao.com\/1\/wp-json\/wp\/v2\/comments?post=292546"}],"version-history":[{"count":1,"href":"https:\/\/www.caririemacao.com\/1\/wp-json\/wp\/v2\/posts\/292546\/revisions"}],"predecessor-version":[{"id":292548,"href":"https:\/\/www.caririemacao.com\/1\/wp-json\/wp\/v2\/posts\/292546\/revisions\/292548"}],"wp:featuredmedia":[{"embeddable":true,"href":"https:\/\/www.caririemacao.com\/1\/wp-json\/wp\/v2\/media\/292547"}],"wp:attachment":[{"href":"https:\/\/www.caririemacao.com\/1\/wp-json\/wp\/v2\/media?parent=292546"}],"wp:term":[{"taxonomy":"category","embeddable":true,"href":"https:\/\/www.caririemacao.com\/1\/wp-json\/wp\/v2\/categories?post=292546"},{"taxonomy":"post_tag","embeddable":true,"href":"https:\/\/www.caririemacao.com\/1\/wp-json\/wp\/v2\/tags?post=292546"}],"curies":[{"name":"wp","href":"https:\/\/api.w.org\/{rel}","templated":true}]}}