{"id":29256,"date":"2017-09-24T11:47:45","date_gmt":"2017-09-24T14:47:45","guid":{"rendered":"http:\/\/caririemacao.com\/1\/?p=29256"},"modified":"2017-09-24T11:47:45","modified_gmt":"2017-09-24T14:47:45","slug":"realizada-formatura-de-estagio-de-operacoes-taticas-com-apoio-de-motocicletas-eotam-da-pm-em-monteiro","status":"publish","type":"post","link":"https:\/\/www.caririemacao.com\/1\/2017\/09\/24\/realizada-formatura-de-estagio-de-operacoes-taticas-com-apoio-de-motocicletas-eotam-da-pm-em-monteiro\/","title":{"rendered":"Realizada formatura de est\u00e1gio de opera\u00e7\u00f5es t\u00e1ticas com apoio de motocicletas (EOTAM) da PM em Monteiro"},"content":{"rendered":"<p>Foi realizada na manha deste s\u00e1bado na cidade de Monteiro, a formatura dos policiais que participaram do est\u00e1gio de opera\u00e7\u00f5es t\u00e1ticas com apoio de motocicletas (EOTAM).<\/p>\n<p>Ao todo foram 27 alunos que tiveram uma carga hor\u00e1ria de 96 horas\/aula em 07 disciplinas e cuja tropa foi comandada pelo Capit\u00e3o Guilherme Rodrigues.<\/p>\n<p>Participaram da cerim\u00f4nia, o Coronel Severino Sim\u00e3o, Comandante do 11\u00ba BPM de Monteiro, os capit\u00e3es Cl\u00e1udio e Miguel das companhias de Serra Branca e Monteiro respectivamente, o diretor da cadeia p\u00fablica de Monteiro Alexandre Macedo, o presidente do conselho municipal de seguran\u00e7a p\u00fablica Dr. Nilo Feitosa, os vereadores de Monteiro Sargento Farias, Raul Formiga e Edilson Mendes, de Sum\u00e9 Bonilson Tim\u00f3teo e Daniel L\u00eala, al\u00e9m de vereadores e secret\u00e1rios municipais de cidades como Amparo, Congo, S\u00e3o Sebasti\u00e3o do Umbuzeiro, Zabel\u00ea, entre outras.<\/p>\n<p>Representando a prefeita de Monteiro Anna Lorena, esteve o superintendente da MONTRAN Jos\u00e9 Valdeci, al\u00e9m de familiares, padrinhos dos formandos na cerim\u00f4nia que foi abrilhantada ainda pela banda de m\u00fasica do 2\u00ba BPM.<\/p>\n<p>\u201cH\u00e1 185 anos a PM sobrevive. \u00c9 uma institui\u00e7\u00e3o secular que persiste pela preserva\u00e7\u00e3o do intuito de prestar servi\u00e7o \u00e0 popula\u00e7\u00e3o desenvolvendo e aprimorando as t\u00e9cnicas de enfrentamento a momentos como este que vivemos hoje, que \u00e9 um verdadeiro novo canga\u00e7o que se instalou no Cariri, por isso nos aprimoramos cada dia mais e nos preparamos cada vez mais para levar um servi\u00e7o cada vez melhor \u00e0 nossa sociedade\u201d, disse o Tenente Coronel Sim\u00e3o durante a formatura.<\/p>\n<p><strong>CARIRI EM A\u00c7\u00c3O<\/strong><\/p>\n<p><em>Com Tribuna do Cariri\/Foto: Reprodu\u00e7\u00e3o<\/em><\/p>\n<p><strong>Leia mais not\u00edcias em\u00a0<\/strong><a href=\"http:\/\/www.caririemacao.com\/\"><strong>caririemacao.com<\/strong><\/a><strong>, siga nossa p\u00e1gina no\u00a0<\/strong><a href=\"https:\/\/www.facebook.com\/CaririEmAcao\/?ref=aymt_homepage_panel\"><strong>Facebook<\/strong><\/a>,<strong>\u00a0<\/strong><a href=\"https:\/\/www.instagram.com\/cariri_em_acao\/?hl=pt-br\"><strong>Instagram<\/strong><\/a><strong>\u00a0e <\/strong><a href=\"https:\/\/www.youtube.com\/channel\/UCAptA0jQuYQy8vMhLt2m4qg\"><strong>Youtube<\/strong><\/a><strong>\u00a0e veja nossas mat\u00e9rias, v\u00eddeos e fotos. Voc\u00ea tamb\u00e9m pode enviar informa\u00e7\u00f5es \u00e0 Reda\u00e7\u00e3o do Portal Cariri em A\u00e7\u00e3o pelo WhatsApp (83) 9 9634.5791, (83) 9 9601-1162.<\/strong><\/p>\n<p>&nbsp;<\/p>\n","protected":false},"excerpt":{"rendered":"<p>Foi realizada na manha deste s\u00e1bado na cidade de Monteiro, a formatura dos policiais que participaram do est\u00e1gio de opera\u00e7\u00f5es t\u00e1ticas com apoio de motocicletas&hellip; <\/p>\n","protected":false},"author":2,"featured_media":29257,"comment_status":"closed","ping_status":"closed","sticky":false,"template":"","format":"standard","meta":{"sfsi_plus_gutenberg_text_before_share":"","sfsi_plus_gutenberg_show_text_before_share":"","sfsi_plus_gutenberg_icon_type":"","sfsi_plus_gutenberg_icon_alignemt":"","sfsi_plus_gutenburg_max_per_row":"","footnotes":""},"categories":[2],"tags":[],"class_list":["post-29256","post","type-post","status-publish","format-standard","has-post-thumbnail","hentry","category-geral"],"_links":{"self":[{"href":"https:\/\/www.caririemacao.com\/1\/wp-json\/wp\/v2\/posts\/29256","targetHints":{"allow":["GET"]}}],"collection":[{"href":"https:\/\/www.caririemacao.com\/1\/wp-json\/wp\/v2\/posts"}],"about":[{"href":"https:\/\/www.caririemacao.com\/1\/wp-json\/wp\/v2\/types\/post"}],"author":[{"embeddable":true,"href":"https:\/\/www.caririemacao.com\/1\/wp-json\/wp\/v2\/users\/2"}],"replies":[{"embeddable":true,"href":"https:\/\/www.caririemacao.com\/1\/wp-json\/wp\/v2\/comments?post=29256"}],"version-history":[{"count":0,"href":"https:\/\/www.caririemacao.com\/1\/wp-json\/wp\/v2\/posts\/29256\/revisions"}],"wp:featuredmedia":[{"embeddable":true,"href":"https:\/\/www.caririemacao.com\/1\/wp-json\/wp\/v2\/media\/29257"}],"wp:attachment":[{"href":"https:\/\/www.caririemacao.com\/1\/wp-json\/wp\/v2\/media?parent=29256"}],"wp:term":[{"taxonomy":"category","embeddable":true,"href":"https:\/\/www.caririemacao.com\/1\/wp-json\/wp\/v2\/categories?post=29256"},{"taxonomy":"post_tag","embeddable":true,"href":"https:\/\/www.caririemacao.com\/1\/wp-json\/wp\/v2\/tags?post=29256"}],"curies":[{"name":"wp","href":"https:\/\/api.w.org\/{rel}","templated":true}]}}