{"id":292566,"date":"2024-11-10T10:21:58","date_gmt":"2024-11-10T13:21:58","guid":{"rendered":"https:\/\/www.caririemacao.com\/1\/?p=292566"},"modified":"2024-11-10T10:22:15","modified_gmt":"2024-11-10T13:22:15","slug":"governador-em-exercicio-entrega-unidades-habitacionais-em-sume-e-recebe-titulo-de-cidadao-de-zabele","status":"publish","type":"post","link":"https:\/\/www.caririemacao.com\/1\/2024\/11\/10\/governador-em-exercicio-entrega-unidades-habitacionais-em-sume-e-recebe-titulo-de-cidadao-de-zabele\/","title":{"rendered":"Governador em exerc\u00edcio entrega unidades habitacionais em Sum\u00e9 e recebe T\u00edtulo de Cidad\u00e3o de Zabel\u00ea"},"content":{"rendered":"<p>O governador em exerc\u00edcio, Lucas Ribeiro, entregou, neste s\u00e1bado (9), unidades habitacionais do Programa Parceiros da Habita\u00e7\u00e3o (PPH), em Sum\u00e9, com investimento de R$ 2,1 milh\u00f5es. Ele tamb\u00e9m recebeu o T\u00edtulo de Cidad\u00e3o de Zabel\u00ea em uma sess\u00e3o solene no munic\u00edpio.<\/p>\n<p>Em Sum\u00e9, o governador em exerc\u00edcio enfatizou a import\u00e2ncia das moradias para a popula\u00e7\u00e3o. \u201cEstamos aqui entregando 13 casas e inspecionando as restantes que totalizar\u00e3o 56 unidades habitacionais neste munic\u00edpio. Casa \u00e9 tudo na vida de uma pessoa. \u00c9 o lugar que voc\u00ea vai chamar de lar, onde vai descansar, criar os filhos, enfim, essa \u00e9 uma das a\u00e7\u00f5es que este Governo tem mais orgulho de realizar\u201d, destacou Lucas Ribeiro.<\/p>\n<p>O PPH \u00e9 uma iniciativa do Governo da Para\u00edba desenvolvida pela Companhia Estadual de Habita\u00e7\u00e3o Popular da Para\u00edba\u00a0(Cehap) para estimular a constru\u00e7\u00e3o de unidades habitacionais para a popula\u00e7\u00e3o de baixa renda, instituindo parcerias do Estado com munic\u00edpios (que cedem os terrenos), movimentos de moradia ou entidades sem fins lucrativos.<\/p>\n<p>No total, ser\u00e3o entregues, em Sum\u00e9, 56 casas que possuem o mesmo padr\u00e3o, com cerca de 44m\u00b2 compostas por sala, dois quartos, cozinha, \u00e1rea de servi\u00e7o e banheiro, seguindo a recomenda\u00e7\u00e3o do Programa Parceiros da Habita\u00e7\u00e3o.<\/p>\n<p>\u201cO PPH foi criado pelo Governo do Estado para viabilizar a constru\u00e7\u00e3o de unidades habitacionais para fam\u00edlias vulner\u00e1veis. V\u00e1rias cidades aderiram ao programa e j\u00e1 tiveram resid\u00eancias entregues. Em breve, vamos entregar, por completo, essas casas de Sum\u00e9\u201d, adiantou a presidente da Cehap, Em\u00edlia Correia Lima.<\/p>\n<p>A dona de casa Erica J\u00falia da Silva tem quatro filhos e afirmou que esta casa ser\u00e1 um sonho realizado. \u201cQuando fiz a inscri\u00e7\u00e3o, pensei que n\u00e3o conseguiria, mas hoje sei que terei minha casa. A gente passa muita dificuldade na vida, por isso meu cora\u00e7\u00e3o \u00e9 s\u00f3 gratid\u00e3o a Deus por essa b\u00ean\u00e7\u00e3o. A casa est\u00e1 bonita e bem organizada. Agora vou ter um lar para morar com meus filhos\u201d, comemorou emocionada.<\/p>\n<p>Estiveram presentes os prefeitos Eden Duarte, de Sum\u00e9; Adriano Wolf, de S\u00e3o Sebasti\u00e3o do Umbuzeiro; M\u00e1rcio Leite, de S\u00e3o Jo\u00e3o do Tigre; Z\u00e9 Elias, de Gurj\u00e3o; e Silvano Dudu, de Cara\u00fabas; al\u00e9m de vereadores, auxiliares do Governo e outras autoridades.<\/p>\n<p><b>Sess\u00e3o solene em Zabel\u00ea<\/b>\u00a0&#8211; Ap\u00f3s a entrega de casas em Sum\u00e9, o governador em exerc\u00edcio foi para Zabel\u00ea onde participou da sess\u00e3o solene onde recebeu o T\u00edtulo de Cidad\u00e3o do Munic\u00edpio, Medalha de Honra ao M\u00e9rito e Certificados de Mo\u00e7\u00e3o de Aplausos.<\/p>\n<p>\u201cHoje me sinto honrado e feliz em poder receber esse T\u00edtulo e participar desse momento. Agrade\u00e7o a todos e refor\u00e7o nosso compromisso com Zabel\u00ea e com o Cariri. Este Governo trabalha por todas as cidades, porque entende que as pol\u00edticas p\u00fablicas devem chegar para todos os cidad\u00e3os\u201d, ressaltou Lucas Ribeiro.<\/p>\n<p>O autor da propositura do T\u00edtulo de Cidad\u00e3o de Zabel\u00ea foi o vereador Vagner Dantas, que destacou que a honraria representa um reconhecimento pelas a\u00e7\u00f5es voltadas ao munic\u00edpio e toda regi\u00e3o.<\/p>\n<p>Participaram da sess\u00e3o solene os prefeitos Dalyson Neves, de Zabel\u00ea; Eden Duarte, de Sum\u00e9; Adriano Wolf, de S\u00e3o Sebasti\u00e3o do Umbuzeiro; e Silvano Dudu, de Cara\u00fabas. Al\u00e9m dos deputados estaduais In\u00e1cio Falc\u00e3o e Michel Henrique, o presidente da C\u00e2mara Municipal de Zabel\u00ea, Vanderl\u00e2ndio Monteiro; vereadores e outras autoridades.<\/p>\n<p>Lucas Ribeiro ainda aproveitou a passagem por Zabel\u00ea para visitar as obras da constru\u00e7\u00e3o do novo pr\u00e9dio e Gin\u00e1sio da Escola Estadual de Ensino Fundamental e M\u00e9dio Maria Celeste do Nascimento. A obra recebeu investimentos de mais de R$ 6 milh\u00f5es.<\/p>\n<p>&nbsp;<\/p>\n","protected":false},"excerpt":{"rendered":"<p>O governador em exerc\u00edcio, Lucas Ribeiro, entregou, neste s\u00e1bado (9), unidades habitacionais do Programa Parceiros da Habita\u00e7\u00e3o (PPH), em Sum\u00e9, com investimento de R$ 2,1 milh\u00f5es. Ele tamb\u00e9m recebeu o T\u00edtulo de Cidad\u00e3o de Zabel\u00ea em uma sess\u00e3o solene no munic\u00edpio. Em Sum\u00e9, o governador em exerc\u00edcio enfatizou a import\u00e2ncia das moradias para a popula\u00e7\u00e3o. \u201cEstamos aqui entregando 13 casas e inspecionando as restantes que totalizar\u00e3o 56 unidades habitacionais neste munic\u00edpio. Casa \u00e9 tudo na vida de uma pessoa. \u00c9 o lugar que voc\u00ea vai chamar de lar, onde vai descansar, criar os filhos, enfim, essa \u00e9 uma das a\u00e7\u00f5es que este Governo tem mais orgulho de realizar\u201d, destacou Lucas Ribeiro. O PPH \u00e9 uma iniciativa do Governo da Para\u00edba desenvolvida pela Companhia Estadual de Habita\u00e7\u00e3o Popular da Para\u00edba\u00a0(Cehap) para estimular a constru\u00e7\u00e3o de unidades habitacionais para a popula\u00e7\u00e3o de baixa renda, instituindo parcerias do Estado com munic\u00edpios (que cedem os terrenos), movimentos de moradia ou entidades sem fins lucrativos. No total, ser\u00e3o entregues, em Sum\u00e9, 56 casas que possuem o mesmo padr\u00e3o, com cerca de 44m\u00b2 compostas por sala, dois quartos, cozinha, \u00e1rea de servi\u00e7o e banheiro, seguindo a recomenda\u00e7\u00e3o do Programa Parceiros da Habita\u00e7\u00e3o. \u201cO PPH foi criado pelo Governo do Estado para viabilizar a constru\u00e7\u00e3o de unidades habitacionais para fam\u00edlias vulner\u00e1veis. V\u00e1rias cidades aderiram ao programa e j\u00e1 tiveram resid\u00eancias entregues. Em breve, vamos entregar, por completo, essas casas de Sum\u00e9\u201d, adiantou a presidente da Cehap, Em\u00edlia Correia Lima. A dona de casa Erica J\u00falia da Silva tem quatro filhos e afirmou que esta casa ser\u00e1 um sonho realizado. \u201cQuando fiz a inscri\u00e7\u00e3o, pensei que n\u00e3o conseguiria, mas hoje sei que terei minha casa. A gente passa muita dificuldade na vida, por isso meu cora\u00e7\u00e3o \u00e9 s\u00f3 gratid\u00e3o a Deus por essa b\u00ean\u00e7\u00e3o. A casa est\u00e1 bonita e bem organizada. Agora vou ter um lar para morar com meus filhos\u201d, comemorou emocionada. Estiveram presentes os prefeitos Eden Duarte, de Sum\u00e9; Adriano Wolf, de S\u00e3o Sebasti\u00e3o do Umbuzeiro; M\u00e1rcio Leite, de S\u00e3o Jo\u00e3o do Tigre; Z\u00e9 Elias, de Gurj\u00e3o; e Silvano Dudu, de Cara\u00fabas; al\u00e9m de vereadores, auxiliares do Governo e outras autoridades. Sess\u00e3o solene em Zabel\u00ea\u00a0&#8211; Ap\u00f3s a entrega de casas em Sum\u00e9, o governador em exerc\u00edcio foi para Zabel\u00ea onde participou da sess\u00e3o solene onde recebeu o T\u00edtulo de Cidad\u00e3o do Munic\u00edpio, Medalha de Honra ao M\u00e9rito e Certificados de Mo\u00e7\u00e3o de Aplausos. \u201cHoje me sinto honrado e feliz em poder receber esse T\u00edtulo e participar desse momento. Agrade\u00e7o a todos e refor\u00e7o nosso compromisso com Zabel\u00ea e com o Cariri. Este Governo trabalha por todas as cidades, porque entende que as pol\u00edticas p\u00fablicas devem chegar para todos os cidad\u00e3os\u201d, ressaltou Lucas Ribeiro. O autor da propositura do T\u00edtulo de Cidad\u00e3o de Zabel\u00ea foi o vereador Vagner Dantas, que destacou que a honraria representa um reconhecimento pelas a\u00e7\u00f5es voltadas ao munic\u00edpio e toda regi\u00e3o. Participaram da sess\u00e3o solene os prefeitos Dalyson Neves, de Zabel\u00ea; Eden Duarte, de Sum\u00e9; Adriano Wolf, de S\u00e3o Sebasti\u00e3o do Umbuzeiro; e Silvano Dudu, de Cara\u00fabas. Al\u00e9m dos deputados estaduais In\u00e1cio Falc\u00e3o e Michel Henrique, o presidente da C\u00e2mara Municipal de Zabel\u00ea, Vanderl\u00e2ndio Monteiro; vereadores e outras autoridades. Lucas Ribeiro ainda aproveitou a passagem por Zabel\u00ea para visitar as obras da constru\u00e7\u00e3o do novo pr\u00e9dio e Gin\u00e1sio da Escola Estadual de Ensino Fundamental e M\u00e9dio Maria Celeste do Nascimento. A obra recebeu investimentos de mais de R$ 6 milh\u00f5es. &nbsp;<\/p>\n","protected":false},"author":6,"featured_media":292567,"comment_status":"closed","ping_status":"closed","sticky":false,"template":"","format":"standard","meta":{"sfsi_plus_gutenberg_text_before_share":"","sfsi_plus_gutenberg_show_text_before_share":"","sfsi_plus_gutenberg_icon_type":"","sfsi_plus_gutenberg_icon_alignemt":"","sfsi_plus_gutenburg_max_per_row":"","footnotes":""},"categories":[50,1,104],"tags":[],"class_list":["post-292566","post","type-post","status-publish","format-standard","has-post-thumbnail","hentry","category-destaque","category-o-site","category-paraiba"],"_links":{"self":[{"href":"https:\/\/www.caririemacao.com\/1\/wp-json\/wp\/v2\/posts\/292566","targetHints":{"allow":["GET"]}}],"collection":[{"href":"https:\/\/www.caririemacao.com\/1\/wp-json\/wp\/v2\/posts"}],"about":[{"href":"https:\/\/www.caririemacao.com\/1\/wp-json\/wp\/v2\/types\/post"}],"author":[{"embeddable":true,"href":"https:\/\/www.caririemacao.com\/1\/wp-json\/wp\/v2\/users\/6"}],"replies":[{"embeddable":true,"href":"https:\/\/www.caririemacao.com\/1\/wp-json\/wp\/v2\/comments?post=292566"}],"version-history":[{"count":1,"href":"https:\/\/www.caririemacao.com\/1\/wp-json\/wp\/v2\/posts\/292566\/revisions"}],"predecessor-version":[{"id":292568,"href":"https:\/\/www.caririemacao.com\/1\/wp-json\/wp\/v2\/posts\/292566\/revisions\/292568"}],"wp:featuredmedia":[{"embeddable":true,"href":"https:\/\/www.caririemacao.com\/1\/wp-json\/wp\/v2\/media\/292567"}],"wp:attachment":[{"href":"https:\/\/www.caririemacao.com\/1\/wp-json\/wp\/v2\/media?parent=292566"}],"wp:term":[{"taxonomy":"category","embeddable":true,"href":"https:\/\/www.caririemacao.com\/1\/wp-json\/wp\/v2\/categories?post=292566"},{"taxonomy":"post_tag","embeddable":true,"href":"https:\/\/www.caririemacao.com\/1\/wp-json\/wp\/v2\/tags?post=292566"}],"curies":[{"name":"wp","href":"https:\/\/api.w.org\/{rel}","templated":true}]}}