{"id":29259,"date":"2017-09-24T11:51:56","date_gmt":"2017-09-24T14:51:56","guid":{"rendered":"http:\/\/caririemacao.com\/1\/?p=29259"},"modified":"2017-09-24T11:51:56","modified_gmt":"2017-09-24T14:51:56","slug":"trabalho-infantil-afetou-80-mil-criancas-na-pb-em-2-anos","status":"publish","type":"post","link":"https:\/\/www.caririemacao.com\/1\/2017\/09\/24\/trabalho-infantil-afetou-80-mil-criancas-na-pb-em-2-anos\/","title":{"rendered":"Trabalho infantil afetou 80 mil crian\u00e7as na PB em 2 anos"},"content":{"rendered":"<p>O trabalho infantil na Para\u00edba afetou nos \u00faltimos dois anos pelo menos 80 mil crian\u00e7as e adolescentes em todo o estado, segundo revela o coordenador do F\u00f3rum de Preven\u00e7\u00e3o e Erradica\u00e7\u00e3o do Trabalho Infantil e Prote\u00e7\u00e3o ao Trabalhador Adolescente na Para\u00edba (Fepeti), Dimas Gomes. O n\u00famero corresponde ao per\u00edodo de 2015 a 2016 e inclui a faixa et\u00e1ria de crian\u00e7as e adolescentes com idades de 5 a 17 anos.<\/p>\n<p>Segundo Dimas Gomes, o n\u00famero tem como base o levantamento de dados feito pela Pesquisa Nacional por Amostragem de Domic\u00edlios (PNAD). \u201c\u00c9 uma situa\u00e7\u00e3o preocupante\u201d, comentou, frisando que, apesar dos avan\u00e7os voltados \u00e0s pol\u00edticas p\u00fablicas e em campanhas de conscientiza\u00e7\u00e3o desenvolvidas durante os \u00faltimos anos, o enfrentamento ao trabalho infantil ainda \u00e9 uma a\u00e7\u00e3o dif\u00edcil.<\/p>\n<p>\u201cExistem dois grandes desafios: o primeiro relacionado \u00e0 situa\u00e7\u00e3o da naturaliza\u00e7\u00e3o, onde as pessoas consideram o trabalho infantil algo normal, e o segundo, \u00e0 condi\u00e7\u00e3o do mito em afirmar que para a crian\u00e7a \u00e9 melhor trabalhar do que estar na rua&#8221;, diz.<\/p>\n<p>&#8220;Isso tudo prejudica muito o trabalho de conscientiza\u00e7\u00e3o e, infelizmente, a interfer\u00eancia econ\u00f4mica \u00e9 ainda um tra\u00e7o muito forte. N\u00e3o se pode concordar com uma realidade, onde se observa apenas crian\u00e7as pobres trabalhando\u201d, complementa o coordenador do Fepeti.<\/p>\n<p>Os dados da realidade da Para\u00edba, conforme ele, incluem diversas atividades de ordem econ\u00f4mica no estado, sendo a principal delas a agricultura. \u201cMas existem outras ocupa\u00e7\u00f5es preocupantes tamb\u00e9m, a exemplo de casos de trabalhos domiciliares, servi\u00e7os em pequenas empresas e situa\u00e7\u00f5es de rua, entre outros\u201d, contou Dimas.<\/p>\n<p><strong>Munic\u00edpios com maior \u00edndice<br \/>\n<\/strong><br \/>\nA assistente social e t\u00e9cnica de refer\u00eancia de A\u00e7\u00f5es Estrat\u00e9gicas do Programa de Erradica\u00e7\u00e3o do Trabalho Infantil (AEPETI) da secretaria de Desenvolvimento Humano da Para\u00edba, Anna Paula Batista, ressaltou que 18 munic\u00edpios no estado recebem investimentos estrat\u00e9gicos por apresentarem situa\u00e7\u00f5es de risco. Os munic\u00edpios s\u00e3o: Araruna, Boqueir\u00e3o, Bayeux, Jo\u00e3o Pessoa, Campina Grande, Patos, Areia, Queimada, Aroeira, Cacimba de Dentro, Santa Rita, Esperan\u00e7a, Sousa, Cuit\u00e9, S\u00e3o Bento, Sap\u00e9, Cajazeiras e Lagoa Seca.<\/p>\n<p>\u201cEsses munic\u00edpios s\u00e3o contemplados com recursos, por meio um cofinanciamento do governo federal para desenvolver a\u00e7\u00f5es estrat\u00e9gicas em combate ao trabalho infantil. A classifica\u00e7\u00e3o dos munic\u00edpios tem como base os dados do PNAD, considerando os registros de incid\u00eancia ao trabalho infantil\u201d, explicou.<\/p>\n<p>Ainda de acordo com informa\u00e7\u00f5es da t\u00e9cnica, a Para\u00edba tem atualmente 26 Centros de Refer\u00eancia Especializado de Assist\u00eancia Social (CREAS) regionais e 78 municipais. \u201cEssa rede atua de forma estrat\u00e9gica atendendo aos casos de den\u00fancias, inclusive, na promo\u00e7\u00e3o de atividades e oficinas educativas. Existe tamb\u00e9m o processo articula\u00e7\u00e3o de campanhas que s\u00e3o realizadas pelo governo em todos os munic\u00edpios, incluindo, o trabalho de assist\u00eancia t\u00e9cnica\u201d, ressaltou.<\/p>\n<p><strong>Desigualdade social<br \/>\n<\/strong><br \/>\nDe acordo com a assistente social Maria Senharinha Soares, o trabalho infantil \u00e9 uma consequ\u00eancia de v\u00e1rios fatores sociais. \u201cOs grandes pesquisadores da \u00e1rea apontam o capitalismo como o fator principal e isso ocorre em quest\u00e3o das desigualdades existentes. A maioria das crian\u00e7as em situa\u00e7\u00e3o de trabalho fazem isso porque os pa\u00eds sofrem financeiramente em casa. O grupo infantil \u00e9 a parte mais fr\u00e1gil de nossa sociedade. \u00c9 uma realidade que nasce v\u00edtima da aus\u00eancia de pol\u00edticas p\u00fablicas eficazes\u201d, disse.<\/p>\n<p>Para o procurador do Minist\u00e9rio P\u00fablico do Trabalho na Para\u00edba (MPT-PB), Eduardo Varandas, o enfrentamento n\u00e3o se resolve apenas no aspecto jur\u00eddico. \u201cA explora\u00e7\u00e3o atualmente ocorre em todos os espa\u00e7os, inclusive, na pr\u00e1tica de atividades dom\u00e9sticas, onde \u00e9 muito dif\u00edcil o identificar. \u00c9 preciso um trabalho de conscientiza\u00e7\u00e3o forte, partindo da educa\u00e7\u00e3o e tamb\u00e9m da cria\u00e7\u00e3o de oportunidades em redu\u00e7\u00e3o das desigualdades, o caminho mais curto para a mudan\u00e7a \u00e9 esse\u201d, comentou.<\/p>\n<p>\u201cRecentemente o MPT realizou uma exposi\u00e7\u00e3o retratando \u00e0s diferen\u00e7as de crian\u00e7as que cresceram dentro da explora\u00e7\u00e3o do trabalho, e fora dela, com o acesso a educa\u00e7\u00e3o e outros direitos b\u00e1sicos. Essa exposi\u00e7\u00e3o gerou um choque grande, porque pedimos \u00e0s pessoas para escreverem a opini\u00e3o delas sobre o assunto e a grande maioria defendeu a explora\u00e7\u00e3o como uma a\u00e7\u00e3o de combate a marginalidade. Isso \u00e9 preocupante, porque demonstra uma l\u00f3gica inversa, o trabalho infantil \u00e9 na verdade o caminho para marginalidade. A maioria dos detentos no pa\u00eds hoje trabalharam enquanto crian\u00e7a\u201d, ressaltou.<\/p>\n<p><strong>CARIRI EM A\u00c7\u00c3O<\/strong><\/p>\n<p><em>Com Jornal da Para\u00edba\/Foto: Rizemberg Felipe<\/em><\/p>\n<p><strong>Leia mais not\u00edcias em\u00a0<\/strong><a href=\"http:\/\/www.caririemacao.com\/\"><strong>caririemacao.com<\/strong><\/a><strong>, siga nossa p\u00e1gina no\u00a0<\/strong><a href=\"https:\/\/www.facebook.com\/CaririEmAcao\/?ref=aymt_homepage_panel\"><strong>Facebook<\/strong><\/a>,<strong>\u00a0<\/strong><a href=\"https:\/\/www.instagram.com\/cariri_em_acao\/?hl=pt-br\"><strong>Instagram<\/strong><\/a><strong>\u00a0e <\/strong><a href=\"https:\/\/www.youtube.com\/channel\/UCAptA0jQuYQy8vMhLt2m4qg\"><strong>Youtube<\/strong><\/a><strong>\u00a0e veja nossas mat\u00e9rias, v\u00eddeos e fotos. Voc\u00ea tamb\u00e9m pode enviar informa\u00e7\u00f5es \u00e0 Reda\u00e7\u00e3o do Portal Cariri em A\u00e7\u00e3o pelo WhatsApp (83) 9 9634.5791, (83) 9 9601-1162.<\/strong><\/p>\n","protected":false},"excerpt":{"rendered":"<p>O trabalho infantil na Para\u00edba afetou nos \u00faltimos dois anos pelo menos 80 mil crian\u00e7as e adolescentes em todo o estado, segundo revela o coordenador&hellip; <\/p>\n","protected":false},"author":2,"featured_media":29260,"comment_status":"closed","ping_status":"closed","sticky":false,"template":"","format":"standard","meta":{"sfsi_plus_gutenberg_text_before_share":"","sfsi_plus_gutenberg_show_text_before_share":"","sfsi_plus_gutenberg_icon_type":"","sfsi_plus_gutenberg_icon_alignemt":"","sfsi_plus_gutenburg_max_per_row":"","footnotes":""},"categories":[2],"tags":[],"class_list":["post-29259","post","type-post","status-publish","format-standard","has-post-thumbnail","hentry","category-geral"],"_links":{"self":[{"href":"https:\/\/www.caririemacao.com\/1\/wp-json\/wp\/v2\/posts\/29259","targetHints":{"allow":["GET"]}}],"collection":[{"href":"https:\/\/www.caririemacao.com\/1\/wp-json\/wp\/v2\/posts"}],"about":[{"href":"https:\/\/www.caririemacao.com\/1\/wp-json\/wp\/v2\/types\/post"}],"author":[{"embeddable":true,"href":"https:\/\/www.caririemacao.com\/1\/wp-json\/wp\/v2\/users\/2"}],"replies":[{"embeddable":true,"href":"https:\/\/www.caririemacao.com\/1\/wp-json\/wp\/v2\/comments?post=29259"}],"version-history":[{"count":0,"href":"https:\/\/www.caririemacao.com\/1\/wp-json\/wp\/v2\/posts\/29259\/revisions"}],"wp:featuredmedia":[{"embeddable":true,"href":"https:\/\/www.caririemacao.com\/1\/wp-json\/wp\/v2\/media\/29260"}],"wp:attachment":[{"href":"https:\/\/www.caririemacao.com\/1\/wp-json\/wp\/v2\/media?parent=29259"}],"wp:term":[{"taxonomy":"category","embeddable":true,"href":"https:\/\/www.caririemacao.com\/1\/wp-json\/wp\/v2\/categories?post=29259"},{"taxonomy":"post_tag","embeddable":true,"href":"https:\/\/www.caririemacao.com\/1\/wp-json\/wp\/v2\/tags?post=29259"}],"curies":[{"name":"wp","href":"https:\/\/api.w.org\/{rel}","templated":true}]}}