{"id":29264,"date":"2017-09-24T11:59:05","date_gmt":"2017-09-24T14:59:05","guid":{"rendered":"http:\/\/caririemacao.com\/1\/?p=29264"},"modified":"2017-09-24T11:59:05","modified_gmt":"2017-09-24T14:59:05","slug":"lava-jato-amplia-cerco-a-lula-com-mais-6-apuracoes","status":"publish","type":"post","link":"https:\/\/www.caririemacao.com\/1\/2017\/09\/24\/lava-jato-amplia-cerco-a-lula-com-mais-6-apuracoes\/","title":{"rendered":"Lava Jato amplia cerco a Lula com mais 6 apura\u00e7\u00f5es"},"content":{"rendered":"<section class=\"l-noticia\">A Opera\u00e7\u00e3o Lava Jato e seus desdobramentos ampliam o cerco ao ex-presidente Luiz In\u00e1cio Lula da Silva e dificultam ainda mais seu plano de disputar um terceiro mandato na elei\u00e7\u00e3o de 2018. Condenado pelo juiz S\u00e9rgio Moro a 9 anos e 6 meses de pris\u00e3o no caso triplex do Guaruj\u00e1, r\u00e9u em seis a\u00e7\u00f5es penais e denunciado em outros dois casos, o petista agora \u00e9 alvo de seis procedimentos de investiga\u00e7\u00e3o criminal abertos pela Pol\u00edcia Federal e pelo Minist\u00e9rio P\u00fablico Federal em Curitiba, S\u00e3o Paulo e Bras\u00edlia.<\/p>\n<p>As novas apura\u00e7\u00f5es podem resultar em processos na Justi\u00e7a por crimes de corrup\u00e7\u00e3o, lavagem de dinheiro, tr\u00e1fico de influ\u00eancia e obstru\u00e7\u00e3o a investiga\u00e7\u00f5es. Com as investiga\u00e7\u00f5es em curso e os processos na Justi\u00e7a contra o ex-presidente, partidos de esquerda j\u00e1 tra\u00e7am caminhos alternativos \u00e0 disputa presidencial. Caso o Tribunal Regional Federal da 4.\u00aa Regi\u00e3o (TRF-4), em Porto Alegre, confirme a senten\u00e7a de Moro, de julho, o petista pode at\u00e9 ficar ineleg\u00edvel.<\/p>\n<p>O principal ponto de partida das novas investiga\u00e7\u00f5es s\u00e3o os acordos de colabora\u00e7\u00e3o dos executivos da Odebrecht, homologados pelo Supremo Tribunal Federal em janeiro deste ano. As informa\u00e7\u00f5es colhidas pela for\u00e7a-tarefa da Lava Jato e documentos entregues pelos delatores geraram frentes de apura\u00e7\u00f5es em tr\u00eas estados.<\/p>\n<p>Em S\u00e3o Paulo, os procedimentos instaurados desde julho deste ano tratam de supostos pagamentos em benef\u00edcio do filho ca\u00e7ula do ex-presidente, Lu\u00eds Cl\u00e1udio, por meio da contrata\u00e7\u00e3o de uma empresa de eventos esportivos, ao repasse de uma mesada a seu irm\u00e3o Frei Chico e de desvios na constru\u00e7\u00e3o da Arena Corinthians, o Itaquer\u00e3o.<\/p>\n<p>Os investigadores em Bras\u00edlia apuram uma suspeita de obstru\u00e7\u00e3o da Justi\u00e7a. Em\u00edlio Odebrecht, patrono da empreiteira, e o ex-diretor da empresa Cl\u00e1udio Melo Filho relataram \u00e0 Procuradoria-Geral da Rep\u00fablica que o ex-presidente e o ex-ministro e ex-governador da Bahia Jaques Wagner (PT) atuaram no governo Dilma Rousseff para edi\u00e7\u00e3o de uma Medida Provis\u00f3ria\u00a0 (MP 703\/2015) que possibilitasse que a empresa fizesse um acordo de leni\u00eancia sem a interven\u00e7\u00e3o do Minist\u00e9rio P\u00fablico. A medida beneficiaria diretamente a construtora e outras investigadas.<\/p>\n<p>S\u00e3o apura\u00e7\u00f5es que chegaram a ser enviadas \u00e0 Curitiba, mas depois foram redistribu\u00eddas, a partir de julho, por decis\u00e3o do ministro Edison Fachin, relator da Lava Jato no Supremo.<\/p>\n<p>Paran\u00e1. Em Curitiba, a capital da Lava Jato, h\u00e1 duas frentes abertas: uma para apurar fraudes e corrup\u00e7\u00e3o em neg\u00f3cios do setor petroqu\u00edmico relacionados \u00e0 Braskem e outra, a mais avan\u00e7ada, para investigar doa\u00e7\u00f5es ao Instituto Lula e pagamentos por palestras via Lils Palestras, Comunica\u00e7\u00e3o e Eventos &#8211; empresa aberta por Lula em 2011, ap\u00f3s deixar a Presid\u00eancia.<\/p>\n<p>No caso dos benef\u00edcios para a Braskem, empresa que tem Odebrecht e Petrobr\u00e1s como maiores acionistas, s\u00e3o investigados tamb\u00e9m a ex-presidente Dilma e os ex-ministros Guido Mantega e Antonio Palocci &#8211; que negocia um acordo de dela\u00e7\u00e3o premiada com o MPF.<\/p>\n<p>As novas frentes de investiga\u00e7\u00e3o abrangem os per\u00edodos de presidente, entre 2002 a 2010, e de palestrante, \u00e0 partir de 2011. S\u00e3o suspeitas que buscam identificar propinas arrecadadas para o partido e tamb\u00e9m para benef\u00edcio pessoal e da fam\u00edlia.<\/p>\n<p>As apura\u00e7\u00f5es enviadas para S\u00e3o Paulo contra Lula decorrem das revela\u00e7\u00f5es de &#8220;contrapartidas&#8221; dadas pelo empres\u00e1rio Em\u00edlio Oderecht ao ex-presidente e seus familiares em troca de neg\u00f3cios e boas rela\u00e7\u00f5es com os governos do PT. Supostos acertos que resultaram em uma &#8216;conta corrente&#8221; de propinas que a empresa teria mantido com Lula e o PT, confessa pelo ex-ministro Antonio Palocci, no dia 6 de setembro, que admitiu em ju\u00edzo ser o respons\u00e1vel pelo gerenciamento dos valores &#8211; que teriam chegado a R$ 300 milh\u00f5es &#8211; e incriminou o ex-presidente.<\/p>\n<p>Uma das apura\u00e7\u00f5es em andamento na for\u00e7a-tarefa da Lava Jato paulista, criada em julho, \u00e9 o de ajuda financeira da Odebrecht para o filho de Lula Lu\u00eds Cl\u00e1udio Lula da Silva montar a empresa Touchdown Promo\u00e7\u00e3o de Eventos Esportivos, que montou uma liga de futebol americano no Brasil. O acerto teria sido feito, segundo os delatores, entre Em\u00edlio e o petista, em 2011, em troca de sua atua\u00e7\u00e3o para melhorar a rela\u00e7\u00e3o do filho Marcelo Odebrecht com a presidente Dilma.<\/p>\n<p>&#8220;Procurei dar, como se meu filho fosse, um processo de forma\u00e7\u00e3o e de empreendedorismo para que ele pudesse montar aquilo que ele desejava e tivesse sucesso&#8221;, disse Em\u00edlio, em seu termo de dela\u00e7\u00e3o 30. O empres\u00e1rio diz que indicou o ex-executivo da Odebrecht Alexandrino Alencar para cuidar do assunto.<\/p>\n<p>Tamb\u00e9m delator, Alexandrino deu detalhes dos repasses que s\u00e3o ponto de partida das investiga\u00e7\u00f5es. &#8220;Lembro que minha primeira reuni\u00e3o com Luis Cl\u00e1udio Lula foi em 16 de janeiro de 2012.&#8221; Trataram do in\u00edcio dos neg\u00f3cios da Touchdown. &#8220;Era um relacionamento com contrapartida.&#8221;<\/p>\n<p>Os delatores entregaram registros dos pagamentos feitos durante tr\u00eas anos, que totalizaram cerca de R$ 2 milh\u00f5es, por meio de uma empresa que j\u00e1 prestava servi\u00e7os para a Odebrecht. &#8220;Na \u00e1rea de marketing j\u00e1 t\u00ednhamos como um fornecedor nosso a Concept, que nos apoiava em nossas estruturas dos est\u00e1dios de futebol. A nosso pedido, a Concept prestou servi\u00e7os para a Touchdown, empresa de Luis Cl\u00e1udio, e mediante pagamento efetuado por uma das empresas do Grupo Odebrecht.&#8221;<\/p>\n<p>O executivo explicou que a Odebrecht pagava 90% de um contrato anual de R$ 700 mil para a Concept, que tinha como benefici\u00e1rio a Touchdown. O delator diz que o acordo inicial era de ajuda mensal por dois anos, mas os repasses continuaram por mais um, pois os neg\u00f3cios do filho de Lula n\u00e3o teria &#8220;decolado&#8221;.<\/p>\n<p>Mesada irm\u00e3o. Lula tamb\u00e9m pode ser denunciado em 2018 pelo pagamento de propinas para seu irm\u00e3o mais velho, Jos\u00e9 Ferreira da Silva. A apura\u00e7\u00e3o parte da revela\u00e7\u00e3o da Odebrecht de que durante 13 anos (2003 a 2015) repassou a Frei Chico, como \u00e9 conhecido, uma &#8220;mesada&#8221; em nome das &#8220;boas rela\u00e7\u00f5es&#8221; da empresa com o ex-presidente. Os valores seriam entregues em dinheiro vivo pelo ex-executivo Alexandrino Alencar em encontros em locais p\u00fablicos de S\u00e3o Paulo, como shoppings e restaurantes.<\/p>\n<p>Seriam R$ 5 mil mensais, entregues a cada tr\u00eas meses. Hilberto Mascarenhas Alves da Silva Filho, que chefiou o chamado departamento de propinas da empreiteira, confirmou que os valores para repasse sa\u00edram do setor. Nas planilhas do departamento da propina da Odebrecht, ele tinha o codinome &#8220;Metralha&#8221;. Frei Chico foi militante do Partido Comunista e um dos respons\u00e1veis por levar Lula para a pol\u00edtica e para o sindicalismo.<\/p>\n<p>No material enviado para S\u00e3o Paulo, est\u00e3o tr\u00eas registros de pagamentos do Setor de Opera\u00e7\u00e3o Estruturadas da Odebrecht para Frei Chico, ou &#8220;Metralha&#8221;, como prova de corrobora\u00e7\u00e3o. S\u00e3o valores de R$ 15 mil, supostamente feitos em 2008. Em dois deles, constam as senhas &#8220;Amora&#8221; e &#8220;Palmito&#8221; usadas nas retiradas dos valores.<\/p>\n<p>Alexandrino, que era pr\u00f3ximo de Lula, afirmou que o ex-presidente &#8220;sabia&#8221; dos pagamentos. O caso tamb\u00e9m foi enviado inicialmente a Moro, mas depois redistribu\u00eddo para S\u00e3o Paulo, por Fachin, que afirmou na peti\u00e7\u00e3o: &#8220;Narram os executivos que os pagamentos eram efetuados em dinheiro e contavam com a ci\u00eancia do ex-presidente, noticiando-se, ainda, que esse contexto pode ser enquadrado &#8216;na mesma rela\u00e7\u00e3o esp\u00faria de troca de favores que se estabeleceu entre agentes p\u00fablicos e empres\u00e1rios'&#8221;.<\/p>\n<p>Em Bras\u00edlia, Lula caminha para sua primeira vit\u00f3ria na batalha judicial imposta pela Lava Jato. O MPF considerou n\u00e3o existirem provas para uma condena\u00e7\u00e3o do petista no processo em que \u00e9 acusado de obstru\u00e7\u00e3o de Justi\u00e7a decorrente da dela\u00e7\u00e3o premiada de Delc\u00eddio Amaral, no epis\u00f3dio de suposta compra do sil\u00eancio do ex-diretor da Petrobr\u00e1s Nestor Cerver\u00f3. A Justi\u00e7a julgar\u00e1 nos pr\u00f3ximos dias a a\u00e7\u00e3o e o ex-presidente deve ser absolvido. O epis\u00f3dio, no entanto, n\u00e3o encerra as acusa\u00e7\u00f5es contra ele por supostamente tramar contra a Lava Jato. Duas frentes pode resultar em novos processos penais e enfraquecer seu discurso de que foi o presidente que mais combateu a corrup\u00e7\u00e3o no governo.<\/p>\n<p>Lula \u00e9 alvo de um pedido de investiga\u00e7\u00e3o enviado a Curitiba e depois remetido ao Tribunal Regional Federal da 1\u00aa Regi\u00e3o (TRF-1), em Bras\u00edlia, por suposta participa\u00e7\u00e3o il\u00edcita na edi\u00e7\u00e3o da Medida Provis\u00f3ria 703\/2015. A MP permitiria que a Odebrecht e outras investigadas buscassem acordos de leni\u00eancia com a Controladoria Geral da Uni\u00e3o (CGU), \u00f3rg\u00e3o do governo, excluindo a necessidade de dela\u00e7\u00f5es dos executivos com o Minist\u00e9rio P\u00fablico Federal (MPF).<\/p>\n<p>A MP foi editada em novembro de 2015 por Dilma, mas n\u00e3o foi convertida em lei, ap\u00f3s forte rea\u00e7\u00e3o do MPF e de entidades, que alegaram que ela inviabilizaria novas dela\u00e7\u00f5es e prejudicariam a Lava Jato. Meses depois, a Odebrecht iniciava tratativas para seu acordo que envolveu 77 executivos e Lula seria alvo de condu\u00e7\u00e3o coercitiva e buscas, na 24\u00aa fase da Lava Jato, deflagrada em 4 de mar\u00e7o de 2016.<\/p>\n<p>Em\u00edlio Odebrecht e Cl\u00e1udio Melo Filho, alto executivo do grupo, relataram que buscaram Lula e Wagner, ap\u00f3s a pris\u00e3o de Marcelo Odebrecht, em junho de 2015, e conseguiram que por interm\u00e9dio dos dois petistas que a ex-presidente Dilma editasse a medida atendendo seus interesses.<\/p>\n<p>Lula tamb\u00e9m foi denunciado pela Procuradoria Geral da Rep\u00fablica (PGR) no dia 6 de setembro junto com Dilma por suposto crime de obstru\u00e7\u00e3o \u00e0 Justi\u00e7a, ao combinarem a nomea\u00e7\u00e3o do ex-presidente como ministro da Casa Civil &#8211; fato revelado em grampo, em que os dois foram flagrados acertando a entrega de sua nomea\u00e7\u00e3o &#8211; para atrapalhar a Lava Jato. O STF ainda vai decidir se aceita a den\u00fancia, se arquiva ou remete para a primeira inst\u00e2ncia.<\/p>\n<p>LAntes do final do ano, Lula pode ser novamente condenado por Moro e virar r\u00e9u acusado de ser o l\u00edder da organiza\u00e7\u00e3o criminosa que em seu governo e no governo Dilma desviou mais de R$ 2 bilh\u00f5es em propinas ao partido, o PT, e em benef\u00edcio pessoal dos envolvidos, gra\u00e7as a desvios e corrup\u00e7\u00e3o em contratos da Petrobr\u00e1s e de outros \u00f3rg\u00e3os federais.<\/p>\n<p>No dia 6 de setembro, Lula foi denunciado pelo ex-procurador-geral da Rep\u00fablica Rodrigo Janot em uma de suas \u00faltimas &#8220;flechadas&#8221; no cargo &#8211; ele passou o bast\u00e3o no dia 17 para Raquel Dodge. A den\u00fancia do chamado &#8220;quadrilh\u00e3o do PT&#8221; imputa ao petista papel de figura central no esquema de fatiamento de cargos estrat\u00e9gicos do governo, com pol\u00edticos do PT, PMDB e do PP, para arrecada\u00e7\u00e3o de propinas.<\/p>\n<p>Outro obst\u00e1culo \u00e0 vista no caminho de Lula rumo a 2018 \u00e9 a nova senten\u00e7a que deve ser dada pelo juiz S\u00e9rgio Moro, onde foi condenado pela primeira vez em julho por corrup\u00e7\u00e3o passiva e lavagem de dinheiro no processo de propina de R$ 3 milh\u00f5es da OAS, no caso tr\u00edplex do Guaruj\u00e1.<\/p>\n<p>Com o t\u00e9rmino da fase de instru\u00e7\u00e3o da a\u00e7\u00e3o penal em que \u00e9 acusado de receber propina de R$ 12,5 milh\u00f5es da Odebrecht, de forma dissimulada na compra do terreno para o Instituto Lula e do apartamento para a fam\u00edlia em S\u00e3o Bernardo do Campo, em 2010, Moro deve decidir se condena ou absolve o petista at\u00e9 novembro. A confiss\u00e3o do ex-ministro Antonio Palocci (Fazenda\/Lula e Casa Civil\/Dilma Rousseff) e dos executivos da Odebrecht aumentaram as chances de condena\u00e7\u00e3o do ex-presidente nesse processo, segundo membros da for\u00e7a-tarefa e advogados.<\/p>\n<p>Lula \u00e9 r\u00e9u em Curitiba ainda em uma terceira a\u00e7\u00e3o penal, que trata de suposta propina paga pela Odebrech e OAS nas reformas do S\u00edtio Santa B\u00e1rbara, em Atibaia (SP) &#8211; que a Lava Jato diz ser do petista e ele nega. Esse processo est\u00e1 ainda em fase inicial e deve ser julgado no in\u00edcio de 2018.<br \/>\nNa \u00faltima semana, o juiz federal Vallisney de Souza Oliveira, da 10\u00aa Vara Federal, no Distrito Federal, abriu novo processo em que ele \u00e9 acusado de vender em 2009 uma MP para beneficiar montadoras de ve\u00edculos &#8211; caso da Opera\u00e7\u00e3o Zelotes, que compartilha dados com a Lava Jato. Nessa mesma vara, Lula ser\u00e1 julgado por crime de tr\u00e1fico de influ\u00eancia no governo Dilma para beneficiar empresas do setor automotivo, com a edi\u00e7\u00e3o de outra MP, e na compra de ca\u00e7as suecos pelo governo.<\/p>\n<p>Pr\u00e9-campanha. Interrogado pela segunda vez como r\u00e9u da Lava Jato em Curitiba, na quarta-feira, 13, Lula deixou claro que as den\u00fancias do MPF, processos e eventuais condena\u00e7\u00f5es n\u00e3o ser\u00e3o obst\u00e1culos intranspon\u00edveis no seu caminho em busca de um terceiro mandato presidencial.<\/p>\n<p>Amparado pelos n\u00fameros das pesquisas que o colocam \u00e0 frente em todos os cen\u00e1rios e no embalo da caravana ao Nordeste, em que colocou nas ruas sua pr\u00e9-campanha &#8211; prometida na primeira vez que esteve diante de Moro, em 10 de maio -, o ex-presidente trabalhar\u00e1 para evitar que o cerco que se fecha contra ele na Justi\u00e7a torne insustent\u00e1vel seus planos eleitorais, antes mesmo do processo de escolha dos candidatos pelos partidos, em julho.<\/p>\n<p>Com \u00eanfase na defesa de que ele virou um perseguido pol\u00edtico e que s\u00f3 cortes internacionais poderiam julgados de forma isenta, Lula busca frear movimenta\u00e7\u00f5es internas do PT, que passaram a trabalhar pela necessidade de um nome de segunda via para a disputa presidencial, ao mesmo tempo que tenta uma nulidade nos processos e nas investiga\u00e7\u00f5es, que derrubem o quadro de suspeitas e condena\u00e7\u00f5es contra ele.<\/p>\n<p>O ex-presidente nega todas as acusa\u00e7\u00f5es contra ele e a fam\u00edlia, sustenta que os procuradores da Lava Jato empreendem uma &#8220;ca\u00e7a \u00e0s bruxas&#8221; para imputar lhe falsamente papel de lideran\u00e7a no bilion\u00e1rio esquema de corrup\u00e7\u00e3o descoberto na Petrobr\u00e1s e que seus delatores mentem.<\/p>\n<p>Nos tribunais, o criminalista Cristiano Zanin Martins, que defende o ex-presidente nos processos, tem questionado a isen\u00e7\u00e3o dos julgadores, como Moro, e apontado ilegalidades processuais e investigativas &#8211; at\u00e9 agora, sem sucesso efetivo. A defesa tamb\u00e9m levou pedido \u00e0 Organiza\u00e7\u00e3o das Na\u00e7\u00f5es Unidas (ONU) para que interfira no caso.<\/p>\n<p>COM A PALAVRA, A DEFESA DE LULA<\/p>\n<p>&#8220;Tanto as a\u00e7\u00f5es penais em curso como as investiga\u00e7\u00f5es que foram abertas contra o ex-Presidente Lula n\u00e3o t\u00eam materialidade. Todas elas est\u00e3o baseadas em hip\u00f3teses criadas pelo Minist\u00e9rio P\u00fablico para perseguir Lula ou, ainda, em afirma\u00e7\u00f5es de delatores ou candidatos a delatores que precisam fazer refer\u00eancia ao nome do ex-Presidente para poderem destravar a negocia\u00e7\u00e3o e obter benef\u00edcios, seja para sa\u00edrem da pris\u00e3o, seja para desbloquearem patrim\u00f4nio constitu\u00eddo de forma il\u00edcita.<\/p>\n<p>H\u00e1 procedimentos vinculados artificialmente \u00e0 Lava Jato, pois n\u00e3o h\u00e1 nenhuma prova ou ind\u00edcio de que valores provenientes de contratos da Petrobras tenham sido destinados para o pagamento de vantagens a Lula, o que seria imprescind\u00edvel segundo a orienta\u00e7\u00e3o do Supremo Tribunal Federal (Inq\/QO 4.130). Essa afirma\u00e7\u00e3o de v\u00ednculo com tais contratos da Petrobras \u00e9 feita pelo Minist\u00e9rio P\u00fablico para escolher a jurisdi\u00e7\u00e3o da 13\u00aa. Vara Federal Criminal de Curitiba para julgar Lula, diante da parcialidade do juiz em rela\u00e7\u00e3o ao ex-Presidente, o que \u00e9 incompat\u00edvel com a Constitui\u00e7\u00e3o Federal.<\/p>\n<p>Quando a verdade prevalece sobre o \u00edmpeto persecut\u00f3rio que orienta as a\u00e7\u00f5es de alguns investigadores, a inoc\u00eancia de Lula \u00e9 reconhecida at\u00e9 por seus acusadores, como ocorreu em a\u00e7\u00e3o recente que tramita em Bras\u00edlia, na qual o ex-Presidente foi indevidamente acusado pela compra do sil\u00eancio do ex-diretor da Petrobras Nestor Cerver\u00f3 com base em afirma\u00e7\u00f5es mentirosas de Delc\u00eddio do Amaral no \u00e2mbito de sua dela\u00e7\u00e3o premiada.<\/p>\n<p>Lula jamais praticou ou deixou de praticar qualquer ato da compet\u00eancia do Presidente da Rep\u00fablica, o chamado ato de of\u00edcio, vinculado a vantagens para si, para seus familiares ou terceiros. Por isso, \u00e9 absolutamente despropositado cogitar-se da pr\u00e1tica do crime de corrup\u00e7\u00e3o, que pressup\u00f5e que um funcion\u00e1rio p\u00fablico pratique ou deixe de praticar um ato de of\u00edcio e receba vantagens em contrapartida.<\/p>\n<p>Somente nas a\u00e7\u00f5es penais que tramitam em Curitiba j\u00e1 foram coletados mais de 200 depoimentos de testemunhas e nenhuma delas confirmou qualquer das acusa\u00e7\u00f5es que o Minist\u00e9rio P\u00fablico faz contra Lula. Essa situa\u00e7\u00e3o refor\u00e7a que o ex-Presidente \u00e9 alvo do uso indevido dos procedimentos jur\u00eddicos para persegui-lo politicamente, pr\u00e1tica conhecida internacionalmente como &#8220;lawfare&#8221;.<\/p>\n<p>Caso Lula seja submetido a julgamentos justos, imparciais e independentes, como \u00e9 assegurado pela Constitui\u00e7\u00e3o Federal e pelas leis internacionais que o Brasil se obrigou a cumprir, ele ser\u00e1 absolvido de todas as acusa\u00e7\u00f5es que foram indevidamente formuladas pelo Minist\u00e9rio P\u00fablico, que sequer deveriam ter sido recebidas pelos ju\u00edzes por absoluta aus\u00eancia de justa causa, ou seja, de qualquer ind\u00edcio da pr\u00e1tica de crimes.&#8221;<\/p>\n<p><strong>CARIRI EM A\u00c7\u00c3O<\/strong><\/p>\n<p><em>Com MSN\/Foto: Google\u00a0\u00a0 <\/em><\/p>\n<p><strong>Leia mais not\u00edcias em\u00a0<\/strong><a href=\"http:\/\/www.caririemacao.com\/\"><strong>caririemacao.com<\/strong><\/a><strong>, siga nossa p\u00e1gina no\u00a0<\/strong><a href=\"https:\/\/www.facebook.com\/CaririEmAcao\/?ref=aymt_homepage_panel\"><strong>Facebook<\/strong><\/a>,<strong>\u00a0<\/strong><a href=\"https:\/\/www.instagram.com\/cariri_em_acao\/?hl=pt-br\"><strong>Instagram<\/strong><\/a><strong>\u00a0e <\/strong><a href=\"https:\/\/www.youtube.com\/channel\/UCAptA0jQuYQy8vMhLt2m4qg\"><strong>Youtube<\/strong><\/a><strong>\u00a0e veja nossas mat\u00e9rias, v\u00eddeos e fotos. Voc\u00ea tamb\u00e9m pode enviar informa\u00e7\u00f5es \u00e0 Reda\u00e7\u00e3o do Portal Cariri em A\u00e7\u00e3o pelo WhatsApp (83) 9 9634.5791, (83) 9 9601-1162.<\/strong><\/p>\n<\/section>\n","protected":false},"excerpt":{"rendered":"<p>A Opera\u00e7\u00e3o Lava Jato e seus desdobramentos ampliam o cerco ao ex-presidente Luiz In\u00e1cio Lula da Silva e dificultam ainda mais seu plano de disputar&hellip; <\/p>\n","protected":false},"author":2,"featured_media":18647,"comment_status":"closed","ping_status":"closed","sticky":false,"template":"","format":"standard","meta":{"sfsi_plus_gutenberg_text_before_share":"","sfsi_plus_gutenberg_show_text_before_share":"","sfsi_plus_gutenberg_icon_type":"","sfsi_plus_gutenberg_icon_alignemt":"","sfsi_plus_gutenburg_max_per_row":"","footnotes":""},"categories":[11],"tags":[],"class_list":["post-29264","post","type-post","status-publish","format-standard","has-post-thumbnail","hentry","category-politica"],"_links":{"self":[{"href":"https:\/\/www.caririemacao.com\/1\/wp-json\/wp\/v2\/posts\/29264","targetHints":{"allow":["GET"]}}],"collection":[{"href":"https:\/\/www.caririemacao.com\/1\/wp-json\/wp\/v2\/posts"}],"about":[{"href":"https:\/\/www.caririemacao.com\/1\/wp-json\/wp\/v2\/types\/post"}],"author":[{"embeddable":true,"href":"https:\/\/www.caririemacao.com\/1\/wp-json\/wp\/v2\/users\/2"}],"replies":[{"embeddable":true,"href":"https:\/\/www.caririemacao.com\/1\/wp-json\/wp\/v2\/comments?post=29264"}],"version-history":[{"count":0,"href":"https:\/\/www.caririemacao.com\/1\/wp-json\/wp\/v2\/posts\/29264\/revisions"}],"wp:featuredmedia":[{"embeddable":true,"href":"https:\/\/www.caririemacao.com\/1\/wp-json\/wp\/v2\/media\/18647"}],"wp:attachment":[{"href":"https:\/\/www.caririemacao.com\/1\/wp-json\/wp\/v2\/media?parent=29264"}],"wp:term":[{"taxonomy":"category","embeddable":true,"href":"https:\/\/www.caririemacao.com\/1\/wp-json\/wp\/v2\/categories?post=29264"},{"taxonomy":"post_tag","embeddable":true,"href":"https:\/\/www.caririemacao.com\/1\/wp-json\/wp\/v2\/tags?post=29264"}],"curies":[{"name":"wp","href":"https:\/\/api.w.org\/{rel}","templated":true}]}}