{"id":29269,"date":"2017-09-24T12:10:25","date_gmt":"2017-09-24T15:10:25","guid":{"rendered":"http:\/\/caririemacao.com\/1\/?p=29269"},"modified":"2017-09-24T12:16:52","modified_gmt":"2017-09-24T15:16:52","slug":"justica-federal-na-pb-inscreve-ate-este-domingo-para-estagios-com-bolsa-de-r-845","status":"publish","type":"post","link":"https:\/\/www.caririemacao.com\/1\/2017\/09\/24\/justica-federal-na-pb-inscreve-ate-este-domingo-para-estagios-com-bolsa-de-r-845\/","title":{"rendered":"Justi\u00e7a Federal na PB inscreve at\u00e9 este domingo para est\u00e1gios com bolsa de R$ 845"},"content":{"rendered":"<p>A Justi\u00e7a Federal na Para\u00edba (JFPB) termina \u00e0s 17h deste domingo (24) as inscri\u00e7\u00f5es para sele\u00e7\u00e3o de estagi\u00e1rios do curso de Direito, com seis vagas dispon\u00edveis e forma\u00e7\u00e3o de cadastro de reserva para aproveitamento, a depender da necessidade do \u00f3rg\u00e3o. O\u00a0<strong><a href=\"http:\/\/www.jfpb.jus.br\/arquivos\/editais\/editalestagiodireito2017.pdf\" target=\"_blank\" rel=\"noopener\">edital<\/a><\/strong>\u00a0com todos os detalhes do processo seletivo foi divulgado no Di\u00e1rio Oficial Eletr\u00f4nico da 5\u00aa Regi\u00e3o.<\/p>\n<p>Os interessados em participar da sele\u00e7\u00e3o dever\u00e3o se inscrever pelo site da organizadora\u00a0<strong><a href=\"http:\/\/www.ciee.org.br\/portal\/index.asp\" target=\"_blank\" rel=\"noopener\">(Centro de Integra\u00e7\u00e3o Empresa Escola &#8211; CIEE)<\/a><\/strong>\u00a0e estar cursando, no m\u00ednimo, a metade do curso. O est\u00e1gio ter\u00e1 validade de um ano, podendo ser prorrogado por igual per\u00edodo, e ser\u00e1 remunerado com bolsa-aux\u00edlio de R$ 845, aux\u00edlio transporte di\u00e1rio de R$ 7 e seguro contra acidentes pessoais.<\/p>\n<p>As vagas ser\u00e3o destinadas \u00e0s Varas Federais, \u00e0 Turma Recursal dos Juizados Especiais Federais, \u00e0 Assessoria Jur\u00eddica da Dire\u00e7\u00e3o do Foro, ao Centro Judici\u00e1rio de Solu\u00e7\u00e3o Consensual de Conflitos e Cidadania (Cejusc) e ao Setor Administrativo, nas cidades de Jo\u00e3o Pessoa, Campina Grande, Sousa, Monteiro, Guarabira e Patos.<\/p>\n<p>O processo seletivo compreender\u00e1 uma prova objetiva, que ter\u00e1 dura\u00e7\u00e3o de tr\u00eas horas e contar\u00e1 com 50 quest\u00f5es de m\u00faltipla escolha, sendo 30 espec\u00edficas de Direito, 10 de L\u00edngua Portuguesa e 10 de No\u00e7\u00f5es de Inform\u00e1tica. Os candidatos dever\u00e3o comparecer munidos de documento de identidade original e de caneta esferogr\u00e1fica preta ou azul. A divulga\u00e7\u00e3o do resultado definitivo da prova e da habilita\u00e7\u00e3o dos candidatos ser\u00e1 feita nos sites do\u00a0<strong><a href=\"http:\/\/www.ciee.org.br\/portal\/index.asp\" target=\"_blank\" rel=\"noopener\">CIEE<\/a><\/strong>\u00a0e da\u00a0<strong><a href=\"http:\/\/www.jfpb.jus.br\/\" target=\"_blank\" rel=\"noopener\">JFPB<\/a><\/strong>at\u00e9 o dia 31 de outubro.<\/p>\n<p><strong>CARIRI EM A\u00c7\u00c3O<\/strong><\/p>\n<p><em>Com\u00a0Portal Correio\/Foto: Google\u00a0\u00a0 <\/em><\/p>\n<p><strong>Leia mais not\u00edcias em\u00a0<\/strong><a href=\"http:\/\/www.caririemacao.com\/\"><strong>caririemacao.com<\/strong><\/a><strong>, siga nossa p\u00e1gina no\u00a0<\/strong><a href=\"https:\/\/www.facebook.com\/CaririEmAcao\/?ref=aymt_homepage_panel\"><strong>Facebook<\/strong><\/a>,<strong>\u00a0<\/strong><a href=\"https:\/\/www.instagram.com\/cariri_em_acao\/?hl=pt-br\"><strong>Instagram<\/strong><\/a><strong>\u00a0e <\/strong><a href=\"https:\/\/www.youtube.com\/channel\/UCAptA0jQuYQy8vMhLt2m4qg\"><strong>Youtube<\/strong><\/a><strong>\u00a0e veja nossas mat\u00e9rias, v\u00eddeos e fotos. Voc\u00ea tamb\u00e9m pode enviar informa\u00e7\u00f5es \u00e0 Reda\u00e7\u00e3o do Portal Cariri em A\u00e7\u00e3o pelo WhatsApp (83) 9 9634.5791, (83) 9 9601-1162.<\/strong><\/p>\n","protected":false},"excerpt":{"rendered":"<p>A Justi\u00e7a Federal na Para\u00edba (JFPB) termina \u00e0s 17h deste domingo (24) as inscri\u00e7\u00f5es para sele\u00e7\u00e3o de estagi\u00e1rios do curso de Direito, com seis vagas&hellip; <\/p>\n","protected":false},"author":2,"featured_media":29271,"comment_status":"closed","ping_status":"closed","sticky":false,"template":"","format":"standard","meta":{"sfsi_plus_gutenberg_text_before_share":"","sfsi_plus_gutenberg_show_text_before_share":"","sfsi_plus_gutenberg_icon_type":"","sfsi_plus_gutenberg_icon_alignemt":"","sfsi_plus_gutenburg_max_per_row":"","footnotes":""},"categories":[14],"tags":[],"class_list":["post-29269","post","type-post","status-publish","format-standard","has-post-thumbnail","hentry","category-educacao"],"_links":{"self":[{"href":"https:\/\/www.caririemacao.com\/1\/wp-json\/wp\/v2\/posts\/29269","targetHints":{"allow":["GET"]}}],"collection":[{"href":"https:\/\/www.caririemacao.com\/1\/wp-json\/wp\/v2\/posts"}],"about":[{"href":"https:\/\/www.caririemacao.com\/1\/wp-json\/wp\/v2\/types\/post"}],"author":[{"embeddable":true,"href":"https:\/\/www.caririemacao.com\/1\/wp-json\/wp\/v2\/users\/2"}],"replies":[{"embeddable":true,"href":"https:\/\/www.caririemacao.com\/1\/wp-json\/wp\/v2\/comments?post=29269"}],"version-history":[{"count":0,"href":"https:\/\/www.caririemacao.com\/1\/wp-json\/wp\/v2\/posts\/29269\/revisions"}],"wp:featuredmedia":[{"embeddable":true,"href":"https:\/\/www.caririemacao.com\/1\/wp-json\/wp\/v2\/media\/29271"}],"wp:attachment":[{"href":"https:\/\/www.caririemacao.com\/1\/wp-json\/wp\/v2\/media?parent=29269"}],"wp:term":[{"taxonomy":"category","embeddable":true,"href":"https:\/\/www.caririemacao.com\/1\/wp-json\/wp\/v2\/categories?post=29269"},{"taxonomy":"post_tag","embeddable":true,"href":"https:\/\/www.caririemacao.com\/1\/wp-json\/wp\/v2\/tags?post=29269"}],"curies":[{"name":"wp","href":"https:\/\/api.w.org\/{rel}","templated":true}]}}