{"id":29270,"date":"2017-09-24T12:47:39","date_gmt":"2017-09-24T15:47:39","guid":{"rendered":"http:\/\/caririemacao.com\/1\/?p=29270"},"modified":"2017-09-24T13:13:08","modified_gmt":"2017-09-24T16:13:08","slug":"festival-do-mel-confira-o-que-aconteceu-na-noite-deste-sabado-23","status":"publish","type":"post","link":"https:\/\/www.caririemacao.com\/1\/2017\/09\/24\/festival-do-mel-confira-o-que-aconteceu-na-noite-deste-sabado-23\/","title":{"rendered":"FESTIVAL DO MEL: Confira o que aconteceu na noite deste s\u00e1bado (23)"},"content":{"rendered":"<p>A segunda noite da 9\u00aa edi\u00e7\u00e3o do Festival do Mel atraiu milhares de pessoas a capital do mel, S\u00e3o Jos\u00e9 dos Cordeiros, que contou com shows musicais e muita gente bonita.<\/p>\n<p><a href=\"http:\/\/caririemacao.com\/1\/wp-content\/uploads\/2017\/09\/DSC_0063-1.jpg\"><img fetchpriority=\"high\" decoding=\"async\" class=\"aligncenter wp-image-29281 size-full\" src=\"http:\/\/caririemacao.com\/1\/wp-content\/uploads\/2017\/09\/DSC_0063-1.jpg\" alt=\"\" width=\"800\" height=\"532\" srcset=\"https:\/\/www.caririemacao.com\/1\/wp-content\/uploads\/2017\/09\/DSC_0063-1.jpg 800w, https:\/\/www.caririemacao.com\/1\/wp-content\/uploads\/2017\/09\/DSC_0063-1-300x200.jpg 300w, https:\/\/www.caririemacao.com\/1\/wp-content\/uploads\/2017\/09\/DSC_0063-1-768x511.jpg 768w\" sizes=\"(max-width: 800px) 100vw, 800px\" \/><\/a><\/p>\n<p>Iniciando a noite deste s\u00e1bado, dia 23 de setembro, o Forr\u00f3 Gente Boa trouxe o aut\u00eantico forr\u00f3 p\u00e9 de serra, com m\u00fasicas que traduzem a cultura nordestina e suas hist\u00f3rias.<\/p>\n<p><a href=\"http:\/\/caririemacao.com\/1\/wp-content\/uploads\/2017\/09\/DSC_0054-2.jpg\"><img decoding=\"async\" class=\"aligncenter wp-image-29280 size-full lazyload\" data-src=\"http:\/\/caririemacao.com\/1\/wp-content\/uploads\/2017\/09\/DSC_0054-2.jpg\" alt=\"\" width=\"800\" height=\"533\" data-srcset=\"https:\/\/www.caririemacao.com\/1\/wp-content\/uploads\/2017\/09\/DSC_0054-2.jpg 800w, https:\/\/www.caririemacao.com\/1\/wp-content\/uploads\/2017\/09\/DSC_0054-2-300x200.jpg 300w, https:\/\/www.caririemacao.com\/1\/wp-content\/uploads\/2017\/09\/DSC_0054-2-768x512.jpg 768w\" data-sizes=\"(max-width: 800px) 100vw, 800px\" src=\"data:image\/svg+xml;base64,PHN2ZyB3aWR0aD0iMSIgaGVpZ2h0PSIxIiB4bWxucz0iaHR0cDovL3d3dy53My5vcmcvMjAwMC9zdmciPjwvc3ZnPg==\" style=\"--smush-placeholder-width: 800px; --smush-placeholder-aspect-ratio: 800\/533;\" \/><\/a><\/p>\n<p>Logo ap\u00f3s o show de Gente Boa, foi a vez de subir ao palco o grande cantador Santana. Ele cantou os seus grandes sucessos, fazendo uma multid\u00e3o cantar e dan\u00e7ar.<\/p>\n<p><a href=\"http:\/\/caririemacao.com\/1\/wp-content\/uploads\/2017\/09\/DSC_0028-2.jpg\"><img decoding=\"async\" class=\"aligncenter wp-image-29279 size-full lazyload\" data-src=\"http:\/\/caririemacao.com\/1\/wp-content\/uploads\/2017\/09\/DSC_0028-2.jpg\" alt=\"\" width=\"800\" height=\"533\" data-srcset=\"https:\/\/www.caririemacao.com\/1\/wp-content\/uploads\/2017\/09\/DSC_0028-2.jpg 800w, https:\/\/www.caririemacao.com\/1\/wp-content\/uploads\/2017\/09\/DSC_0028-2-300x200.jpg 300w, https:\/\/www.caririemacao.com\/1\/wp-content\/uploads\/2017\/09\/DSC_0028-2-768x512.jpg 768w\" data-sizes=\"(max-width: 800px) 100vw, 800px\" src=\"data:image\/svg+xml;base64,PHN2ZyB3aWR0aD0iMSIgaGVpZ2h0PSIxIiB4bWxucz0iaHR0cDovL3d3dy53My5vcmcvMjAwMC9zdmciPjwvc3ZnPg==\" style=\"--smush-placeholder-width: 800px; --smush-placeholder-aspect-ratio: 800\/533;\" \/><\/a><\/p>\n<p>Antes de subir ao palco, Santana conversou com a reportagem do Cariri em A\u00e7\u00e3o e disse que os nordestinos devem valorizar mais sua cultura e que preserv\u00e1-la \u00e9 importante para a sobreviv\u00eancia cultural das futuras gera\u00e7\u00f5es.<\/p>\n<p><div class=\"ose- ose-uid-9d6954142b1ac3acbcb27be313df2737 ose-embedpress-responsive\" style=\"width:600px; height:550px; max-height:550px; max-width:100%; display:inline-block;\" data-embed-type=\"Facebook\"><iframe allowFullScreen=\"true\" class=\"embera-facebook-iframe-9d695 lazyload\" data-src=\"https:\/\/www.facebook.com\/plugins\/post.php?href=https%3A%2F%2Fwww.facebook.com%2FCaririEmAcao%2Fvideos%2F1101204613348894%2F&width=600&height=550&show_text=true\" width=\"600\" height=\"550\" style=\"border:none;overflow:hidden\" scrolling=\"no\" frameborder=\"0\" allowTransparency=\"true\" src=\"data:image\/svg+xml;base64,PHN2ZyB3aWR0aD0iMSIgaGVpZ2h0PSIxIiB4bWxucz0iaHR0cDovL3d3dy53My5vcmcvMjAwMC9zdmciPjwvc3ZnPg==\" data-load-mode=\"1\"><\/iframe><\/div><\/p>\n<p style=\"text-align: center;\"><strong>Acompanhe entrevista exclusiva com o cantor Santana.<\/strong><\/p>\n<p><a href=\"http:\/\/caririemacao.com\/1\/wp-content\/uploads\/2017\/09\/DSC_0156.jpg\"><img decoding=\"async\" class=\"aligncenter wp-image-29282 size-full lazyload\" data-src=\"http:\/\/caririemacao.com\/1\/wp-content\/uploads\/2017\/09\/DSC_0156.jpg\" alt=\"\" width=\"800\" height=\"533\" data-srcset=\"https:\/\/www.caririemacao.com\/1\/wp-content\/uploads\/2017\/09\/DSC_0156.jpg 800w, https:\/\/www.caririemacao.com\/1\/wp-content\/uploads\/2017\/09\/DSC_0156-300x200.jpg 300w, https:\/\/www.caririemacao.com\/1\/wp-content\/uploads\/2017\/09\/DSC_0156-768x512.jpg 768w\" data-sizes=\"(max-width: 800px) 100vw, 800px\" src=\"data:image\/svg+xml;base64,PHN2ZyB3aWR0aD0iMSIgaGVpZ2h0PSIxIiB4bWxucz0iaHR0cDovL3d3dy53My5vcmcvMjAwMC9zdmciPjwvc3ZnPg==\" style=\"--smush-placeholder-width: 800px; --smush-placeholder-aspect-ratio: 800\/533;\" \/><\/a><\/p>\n<p>A terceira atra\u00e7\u00e3o foi Bob Leo que finalizou a grande noite em S\u00e3o Jos\u00e9 dos Cordeiros, fazendo animar mais ainda o p\u00fabico presente.<\/p>\n<p><a href=\"http:\/\/caririemacao.com\/1\/wp-content\/uploads\/2017\/09\/fetivalpage-20170924-122920.jpg\"><img decoding=\"async\" class=\"aligncenter wp-image-29284 size-full lazyload\" data-src=\"http:\/\/caririemacao.com\/1\/wp-content\/uploads\/2017\/09\/fetivalpage-20170924-122920.jpg\" alt=\"\" width=\"600\" height=\"402\" data-srcset=\"https:\/\/www.caririemacao.com\/1\/wp-content\/uploads\/2017\/09\/fetivalpage-20170924-122920.jpg 600w, https:\/\/www.caririemacao.com\/1\/wp-content\/uploads\/2017\/09\/fetivalpage-20170924-122920-300x201.jpg 300w\" data-sizes=\"(max-width: 600px) 100vw, 600px\" src=\"data:image\/svg+xml;base64,PHN2ZyB3aWR0aD0iMSIgaGVpZ2h0PSIxIiB4bWxucz0iaHR0cDovL3d3dy53My5vcmcvMjAwMC9zdmciPjwvc3ZnPg==\" style=\"--smush-placeholder-width: 600px; --smush-placeholder-aspect-ratio: 600\/402;\" \/><\/a><\/p>\n<p>Durante este s\u00e1bado, dia 23, v\u00e1rias lideran\u00e7as pol\u00edticas estiveram prestigiando a festa, entre elas, o deputado Adriano Galdino, ex-prefeito do Congo e pr\u00e9-candidato a deputado estadual, Dr. Romualdo, ex-prefeito Fernando Queiroz, prefeito de Parari, Jos\u00e9 Josemar, vice-prefeito de Santo Andr\u00e9, Arimateia Porto, vereadores e lideran\u00e7as do segmento ap\u00edcola.<\/p>\n<p>O prefeito de S\u00e3o Jos\u00e9 dos Cordeiros, Jefferson Roberto, aproveitou para convidar toda popula\u00e7\u00e3o participar da programa\u00e7\u00e3o durante o dia no Pavilh\u00e3o do Mel. Ele lembrou que a noite haver\u00e1 shows com Mano Walter, Wallas Arraes e Karas do Forr\u00f3.<\/p>\n<p><a href=\"https:\/\/www.facebook.com\/media\/set\/?set=a.1101196646683024.1073742573.302749469861083&amp;type=1&amp;l=35d54e4ac3\"><strong style=\"font-style: inherit;\">ACOMPANHE COM EXCLUSIVIDADE NO CARIRI EM A\u00c7\u00c3O TODA COBERTURA DO 9\u00ba FESTIVAL DO MEL<\/strong><\/a><\/p>\n<p><div class=\"ose- ose-uid-d0674283f17be07780ec43c3b933242f ose-embedpress-responsive\" style=\"width:600px; height:550px; max-height:550px; max-width:100%; display:inline-block;\" data-embed-type=\"Facebook\"><iframe allowFullScreen=\"true\" class=\"embera-facebook-iframe-78074 lazyload\" data-src=\"https:\/\/www.facebook.com\/plugins\/post.php?href=https%3A%2F%2Fwww.facebook.com%2Fmedia%2Fset%2F%3Fset%3Da.1101196646683024.1073742573.302749469861083%26%23038%3Btype%3D1%26%23038%3Bl%3D35d54e4ac3&width=600&height=550&show_text=true\" width=\"600\" height=\"550\" style=\"border:none;overflow:hidden\" scrolling=\"no\" frameborder=\"0\" allowTransparency=\"true\" src=\"data:image\/svg+xml;base64,PHN2ZyB3aWR0aD0iMSIgaGVpZ2h0PSIxIiB4bWxucz0iaHR0cDovL3d3dy53My5vcmcvMjAwMC9zdmciPjwvc3ZnPg==\" data-load-mode=\"1\"><\/iframe><\/div><\/p>\n<p><strong>CARIRI EM A\u00c7\u00c3O<\/strong><\/p>\n<p>Leia mais not\u00edcias em\u00a0<a style=\"font-style: inherit; font-weight: inherit;\" href=\"http:\/\/www.caririemacao.com\/\">caririemacao.com<\/a>, siga nossa p\u00e1gina no\u00a0<a style=\"font-style: inherit; font-weight: inherit;\" href=\"https:\/\/www.facebook.com\/CaririEmAcao\/?ref=aymt_homepage_panel\">Facebook<\/a>,\u00a0<a style=\"font-style: inherit; font-weight: inherit;\" href=\"https:\/\/www.instagram.com\/cariri_em_acao\/?hl=pt-br\">Instagram<\/a>\u00a0e\u00a0<a style=\"font-style: inherit; font-weight: inherit;\" href=\"https:\/\/www.youtube.com\/channel\/UCAptA0jQuYQy8vMhLt2m4qg\">Youtube<\/a>\u00a0e veja nossas mat\u00e9rias, v\u00eddeos e fotos. Voc\u00ea tamb\u00e9m pode enviar informa\u00e7\u00f5es \u00e0 Reda\u00e7\u00e3o do Portal Cariri em A\u00e7\u00e3o pelo WhatsApp (83) 9 9634.5791, (83) 9 9601-1162.<\/p>\n","protected":false},"excerpt":{"rendered":"<p>A segunda noite da 9\u00aa edi\u00e7\u00e3o do Festival do Mel atraiu milhares de pessoas a capital do mel, S\u00e3o Jos\u00e9 dos Cordeiros, que contou com&hellip; <\/p>\n","protected":false},"author":2,"featured_media":29274,"comment_status":"closed","ping_status":"closed","sticky":false,"template":"","format":"standard","meta":{"sfsi_plus_gutenberg_text_before_share":"","sfsi_plus_gutenberg_show_text_before_share":"","sfsi_plus_gutenberg_icon_type":"","sfsi_plus_gutenberg_icon_alignemt":"","sfsi_plus_gutenburg_max_per_row":"","footnotes":""},"categories":[2],"tags":[],"class_list":["post-29270","post","type-post","status-publish","format-standard","has-post-thumbnail","hentry","category-geral"],"_links":{"self":[{"href":"https:\/\/www.caririemacao.com\/1\/wp-json\/wp\/v2\/posts\/29270","targetHints":{"allow":["GET"]}}],"collection":[{"href":"https:\/\/www.caririemacao.com\/1\/wp-json\/wp\/v2\/posts"}],"about":[{"href":"https:\/\/www.caririemacao.com\/1\/wp-json\/wp\/v2\/types\/post"}],"author":[{"embeddable":true,"href":"https:\/\/www.caririemacao.com\/1\/wp-json\/wp\/v2\/users\/2"}],"replies":[{"embeddable":true,"href":"https:\/\/www.caririemacao.com\/1\/wp-json\/wp\/v2\/comments?post=29270"}],"version-history":[{"count":0,"href":"https:\/\/www.caririemacao.com\/1\/wp-json\/wp\/v2\/posts\/29270\/revisions"}],"wp:featuredmedia":[{"embeddable":true,"href":"https:\/\/www.caririemacao.com\/1\/wp-json\/wp\/v2\/media\/29274"}],"wp:attachment":[{"href":"https:\/\/www.caririemacao.com\/1\/wp-json\/wp\/v2\/media?parent=29270"}],"wp:term":[{"taxonomy":"category","embeddable":true,"href":"https:\/\/www.caririemacao.com\/1\/wp-json\/wp\/v2\/categories?post=29270"},{"taxonomy":"post_tag","embeddable":true,"href":"https:\/\/www.caririemacao.com\/1\/wp-json\/wp\/v2\/tags?post=29270"}],"curies":[{"name":"wp","href":"https:\/\/api.w.org\/{rel}","templated":true}]}}