{"id":292796,"date":"2024-11-15T07:57:14","date_gmt":"2024-11-15T10:57:14","guid":{"rendered":"https:\/\/www.caririemacao.com\/1\/?p=292796"},"modified":"2024-11-15T07:57:14","modified_gmt":"2024-11-15T10:57:14","slug":"ceo-do-supermercado-bom-demais-mario-participa-da-maior-rodada-de-negocios-do-varejo-atacadista-do-rio-grande-do-norte","status":"publish","type":"post","link":"https:\/\/www.caririemacao.com\/1\/2024\/11\/15\/ceo-do-supermercado-bom-demais-mario-participa-da-maior-rodada-de-negocios-do-varejo-atacadista-do-rio-grande-do-norte\/","title":{"rendered":"CEO do Supermercado Bom Demais, M\u00e1rio, participa da maior rodada de neg\u00f3cios do varejo atacadista do Rio Grande do Norte"},"content":{"rendered":"<p>M\u00e1rio, CEO do Supermercado Bom Demais em Monteiro, participou da maior rodada de neg\u00f3cios do varejo atacadista do estado do Rio Grande do Norte, um evento significativo para o setor que reuniu empres\u00e1rios e profissionais em busca de novas oportunidades de crescimento e parcerias estrat\u00e9gicas.<\/p>\n<p>Durante o evento, M\u00e1rio teve a oportunidade de aprender com as tend\u00eancias do mercado e expandir sua rede de contatos, em colabora\u00e7\u00e3o com a Rede Gente Econ\u00f4mica e o Comarketing .<\/p>\n<p>Em entrevista, M\u00e1rio apresentou a import\u00e2ncia desse tipo de evento para o Supermercado Bom Demais.<\/p>\n<p>\u201cParticipar da maior rodada de neg\u00f3cios do varejo atacadista \u00e9 uma experi\u00eancia enriquecedora, tanto no aspecto de aprendizagem quanto de crescimento. Oportunidades como essas nos permitem deixar atualiza\u00e7\u00f5es com as tend\u00eancias do mercado e fortalecer nossa rede de parcerias, o que \u00e9 fundamental para o nosso desenvolvimento cont\u00ednuo em Monteiro e na regi\u00e3o,&#8221; disse.<\/p>\n<p>O evento se destacou como uma plataforma ideal para o fortalecimento de la\u00e7os comerciais, inova\u00e7\u00e3o e troca de experi\u00eancias entre os players do setor, consolidando-se como um marco para os neg\u00f3cios do varejo e atacado no estado.<\/p>\n<p>&nbsp;<\/p>\n<p><strong>CARIRI EM A\u00c7\u00c3O<\/strong><\/p>\n","protected":false},"excerpt":{"rendered":"<p>M\u00e1rio, CEO do Supermercado Bom Demais em Monteiro, participou da maior rodada de neg\u00f3cios do varejo atacadista do estado do Rio Grande do Norte, um&hellip; <\/p>\n","protected":false},"author":6,"featured_media":292802,"comment_status":"closed","ping_status":"closed","sticky":false,"template":"","format":"standard","meta":{"sfsi_plus_gutenberg_text_before_share":"","sfsi_plus_gutenberg_show_text_before_share":"","sfsi_plus_gutenberg_icon_type":"","sfsi_plus_gutenberg_icon_alignemt":"","sfsi_plus_gutenburg_max_per_row":"","footnotes":""},"categories":[50,81,1],"tags":[],"class_list":["post-292796","post","type-post","status-publish","format-standard","has-post-thumbnail","hentry","category-destaque","category-monteiro","category-o-site"],"_links":{"self":[{"href":"https:\/\/www.caririemacao.com\/1\/wp-json\/wp\/v2\/posts\/292796","targetHints":{"allow":["GET"]}}],"collection":[{"href":"https:\/\/www.caririemacao.com\/1\/wp-json\/wp\/v2\/posts"}],"about":[{"href":"https:\/\/www.caririemacao.com\/1\/wp-json\/wp\/v2\/types\/post"}],"author":[{"embeddable":true,"href":"https:\/\/www.caririemacao.com\/1\/wp-json\/wp\/v2\/users\/6"}],"replies":[{"embeddable":true,"href":"https:\/\/www.caririemacao.com\/1\/wp-json\/wp\/v2\/comments?post=292796"}],"version-history":[{"count":2,"href":"https:\/\/www.caririemacao.com\/1\/wp-json\/wp\/v2\/posts\/292796\/revisions"}],"predecessor-version":[{"id":292805,"href":"https:\/\/www.caririemacao.com\/1\/wp-json\/wp\/v2\/posts\/292796\/revisions\/292805"}],"wp:featuredmedia":[{"embeddable":true,"href":"https:\/\/www.caririemacao.com\/1\/wp-json\/wp\/v2\/media\/292802"}],"wp:attachment":[{"href":"https:\/\/www.caririemacao.com\/1\/wp-json\/wp\/v2\/media?parent=292796"}],"wp:term":[{"taxonomy":"category","embeddable":true,"href":"https:\/\/www.caririemacao.com\/1\/wp-json\/wp\/v2\/categories?post=292796"},{"taxonomy":"post_tag","embeddable":true,"href":"https:\/\/www.caririemacao.com\/1\/wp-json\/wp\/v2\/tags?post=292796"}],"curies":[{"name":"wp","href":"https:\/\/api.w.org\/{rel}","templated":true}]}}