{"id":29283,"date":"2017-09-24T12:40:14","date_gmt":"2017-09-24T15:40:14","guid":{"rendered":"http:\/\/caririemacao.com\/1\/?p=29283"},"modified":"2017-09-24T12:40:14","modified_gmt":"2017-09-24T15:40:14","slug":"trump-responde-ministro-coreano-e-aumenta-as-ameacas-a-coreia-do-norte","status":"publish","type":"post","link":"https:\/\/www.caririemacao.com\/1\/2017\/09\/24\/trump-responde-ministro-coreano-e-aumenta-as-ameacas-a-coreia-do-norte\/","title":{"rendered":"Trump responde ministro coreano e aumenta as amea\u00e7as \u00e0 Coreia do Norte"},"content":{"rendered":"<p>O presidente dos Estados Unidos, Donald Trump, retomou a ret\u00f3rica contra a Coreia do Norte neste fim de semana, alertando o ministro das Rela\u00e7\u00f5es Exteriores do pa\u00eds que ele e o l\u00edder Kim Jong-Un &#8220;n\u00e3o estar\u00e3o por perto por muito tempo&#8221;, com Pyongyang montando um grande evento contra os EUA.<\/p>\n<p>O ministro das Rela\u00e7\u00f5es Exteriores da Coreia do Norte, Ri Yong Ho, disse\u00a0durante a Assembleia Geral das Na\u00e7\u00f5es Unidas, neste s\u00e1bado (23), que mirar os EUA com seus foguetes era inevit\u00e1vel ap\u00f3s o &#8220;Sr. Presidente Maligno&#8221; ter chamado o l\u00edder de Pyongyang de &#8220;piloto de foguete&#8221; em uma miss\u00e3o suicida.<\/p>\n<p>&#8220;Acabei de saber que o ministro das Rela\u00e7\u00f5es Exteriores da Coreia do Norte falou na ONU. Se ele estiver transmitindo os pensamentos do\u00a0pilotinho de foguete, eles n\u00e3o estar\u00e3o por perto por muito tempo&#8221;, disse Trump, no Twitter, s\u00e1bado \u00e0 noite.<\/p>\n<p class=\"tweet\">Donald Trump<\/p>\n<p>Trump e Kim t\u00eam trocado cada vez mais insultos e amea\u00e7as pessoais enquanto Pyongyang corre para atingir sua meta de desenvolver um m\u00edssil nuclear capaz de atingir os Estados Unidos \u2013algo que Trump jurou impedir.<\/p>\n<p>Analistas dizem que o crescimento da ret\u00f3rica est\u00e1 aumentando os riscos de um erro de c\u00e1lculo de um lado ou do outro que pode gerar repercuss\u00f5es massivas.<\/p>\n<p>A KRT, televis\u00e3o estatal da Coreia do Norte, exibiu um v\u00eddeo neste domingo (24) mostrando dezenas de milhares de pessoas participando de um evento contra os Estados Unidos na pra\u00e7a Kim Il Sung em Pyongyang.<\/p>\n<p>A KCNA, ag\u00eancia de not\u00edcias oficial da Coreia do Norte, disse que mais de 100 mil pessoas se reuniram para o evento no s\u00e1bado e fizeram discursos apoiando os coment\u00e1rios que Kim fez mais cedo esta semana.<\/p>\n<p>&#8220;Estamos aguardando o momento certo para ter a batalha final contra os EUA, o imp\u00e9rio maligno, e remover os EUA do mundo&#8221;, disse a KCNA, citando Ri Il-bae, comandante dos Guardas Vermelhos. &#8220;Uma vez que o respeitoso comandante supremo Kim Jong-Un der a ordem, n\u00f3s iremos aniquilar o grupo de agressores&#8221;.<\/p>\n<p><strong>CARIRI EM A\u00c7\u00c3O<\/strong><\/p>\n<p><em>Com Folha SP \/Foto: Google\u00a0\u00a0 <\/em><\/p>\n<p><strong>Leia mais not\u00edcias em\u00a0<\/strong><a href=\"http:\/\/www.caririemacao.com\/\"><strong>caririemacao.com<\/strong><\/a><strong>, siga nossa p\u00e1gina no\u00a0<\/strong><a href=\"https:\/\/www.facebook.com\/CaririEmAcao\/?ref=aymt_homepage_panel\"><strong>Facebook<\/strong><\/a>,<strong>\u00a0<\/strong><a href=\"https:\/\/www.instagram.com\/cariri_em_acao\/?hl=pt-br\"><strong>Instagram<\/strong><\/a><strong>\u00a0e <\/strong><a href=\"https:\/\/www.youtube.com\/channel\/UCAptA0jQuYQy8vMhLt2m4qg\"><strong>Youtube<\/strong><\/a><strong>\u00a0e veja nossas mat\u00e9rias, v\u00eddeos e fotos. Voc\u00ea tamb\u00e9m pode enviar informa\u00e7\u00f5es \u00e0 Reda\u00e7\u00e3o do Portal Cariri em A\u00e7\u00e3o pelo WhatsApp (83) 9 9634.5791, (83) 9 9601-1162.<\/strong><\/p>\n","protected":false},"excerpt":{"rendered":"<p>O presidente dos Estados Unidos, Donald Trump, retomou a ret\u00f3rica contra a Coreia do Norte neste fim de semana, alertando o ministro das Rela\u00e7\u00f5es Exteriores&hellip; <\/p>\n","protected":false},"author":2,"featured_media":12703,"comment_status":"closed","ping_status":"closed","sticky":false,"template":"","format":"standard","meta":{"sfsi_plus_gutenberg_text_before_share":"","sfsi_plus_gutenberg_show_text_before_share":"","sfsi_plus_gutenberg_icon_type":"","sfsi_plus_gutenberg_icon_alignemt":"","sfsi_plus_gutenburg_max_per_row":"","footnotes":""},"categories":[11],"tags":[],"class_list":["post-29283","post","type-post","status-publish","format-standard","has-post-thumbnail","hentry","category-politica"],"_links":{"self":[{"href":"https:\/\/www.caririemacao.com\/1\/wp-json\/wp\/v2\/posts\/29283","targetHints":{"allow":["GET"]}}],"collection":[{"href":"https:\/\/www.caririemacao.com\/1\/wp-json\/wp\/v2\/posts"}],"about":[{"href":"https:\/\/www.caririemacao.com\/1\/wp-json\/wp\/v2\/types\/post"}],"author":[{"embeddable":true,"href":"https:\/\/www.caririemacao.com\/1\/wp-json\/wp\/v2\/users\/2"}],"replies":[{"embeddable":true,"href":"https:\/\/www.caririemacao.com\/1\/wp-json\/wp\/v2\/comments?post=29283"}],"version-history":[{"count":0,"href":"https:\/\/www.caririemacao.com\/1\/wp-json\/wp\/v2\/posts\/29283\/revisions"}],"wp:featuredmedia":[{"embeddable":true,"href":"https:\/\/www.caririemacao.com\/1\/wp-json\/wp\/v2\/media\/12703"}],"wp:attachment":[{"href":"https:\/\/www.caririemacao.com\/1\/wp-json\/wp\/v2\/media?parent=29283"}],"wp:term":[{"taxonomy":"category","embeddable":true,"href":"https:\/\/www.caririemacao.com\/1\/wp-json\/wp\/v2\/categories?post=29283"},{"taxonomy":"post_tag","embeddable":true,"href":"https:\/\/www.caririemacao.com\/1\/wp-json\/wp\/v2\/tags?post=29283"}],"curies":[{"name":"wp","href":"https:\/\/api.w.org\/{rel}","templated":true}]}}