{"id":29287,"date":"2017-09-24T12:47:15","date_gmt":"2017-09-24T15:47:15","guid":{"rendered":"http:\/\/caririemacao.com\/1\/?p=29287"},"modified":"2017-09-24T12:47:15","modified_gmt":"2017-09-24T15:47:15","slug":"partidos-resistem-a-expulsar-membros-condenados-e-ate-presos-mas-punem-rebeldes","status":"publish","type":"post","link":"https:\/\/www.caririemacao.com\/1\/2017\/09\/24\/partidos-resistem-a-expulsar-membros-condenados-e-ate-presos-mas-punem-rebeldes\/","title":{"rendered":"Partidos resistem a expulsar membros condenados e at\u00e9 presos, mas punem rebeldes"},"content":{"rendered":"<p>Em propaganda partid\u00e1ria veiculada em maio de 2015, o Partido dos Trabalhadores afirmou que expulsaria integrantes da legenda que fossem condenados na Justi\u00e7a. Desde ent\u00e3o, v\u00e1rios pol\u00edticos not\u00f3rios do partido, incluindo o ex-presidente Lula, foram condenados, mas at\u00e9 agora ningu\u00e9m foi expulso. Apenas o ex-senador Delc\u00eddio do Amaral (MS) \u2013 que delatou Lula e a ex-presidente Dilma Rousseff na\u00a0<strong>Opera\u00e7\u00e3o Lava Jato<\/strong>\u00a0\u2013 teve processo de expuls\u00e3o iniciado, mas pediu desfilia\u00e7\u00e3o antes que viesse a ser defenestrado das fileiras petistas. Agora, o ex-ministro Antonio Palocci, que prestou depoimento a Sergio Moro afirmando que Lula fez um \u201cpacto de sangue\u201d com Odebrecht, \u00e9 alvo de processo na comiss\u00e3o de \u00e9tica do PT que pode culminar em sua expuls\u00e3o. Preso na Lava Jato, Palocci j\u00e1 foi suspenso por 60 dias.<\/p>\n<p>Por meio de nota, o PT diz que Palocci se p\u00f4s \u201ca servi\u00e7o da persegui\u00e7\u00e3o pol\u00edtico-eleitoral\u201d que estaria em curso contra o partido e seu principal expoente, Lula. \u201cAo mentir, sem apresentar provas e seguindo um roteiro pr\u00e9-estabelecido em seu depoimento na 13\u00aa Vara da\u00a0Justi\u00e7a\u00a0Federal, em Curitiba, no \u00faltimo dia 06 de setembro, Palocci colocou-se deliberadamente a servi\u00e7o da persegui\u00e7\u00e3o pol\u00edtico-eleitoral que \u00e9 movida contra a lideran\u00e7a popular de\u00a0Lula\u00a0e o PT. Desta forma, rompeu seu v\u00ednculo com o partido e descomprometeu-se com a sua\u00a0milit\u00e2ncia\u201d, diz trecho do comunicado.<\/p>\n<p>Mas se engana quem pensa que apenas o PT n\u00e3o pune seus membros \u00e0s voltas com a Justi\u00e7a. Tome-se o caso dos tr\u00eas maiores partidos da atualidade (PMDB, PT e PSDB), por exemplo. No PMDB, h\u00e1 at\u00e9 presidi\u00e1rio representando a legenda\u00a0<strong>regularmente<\/strong>\u00a0\u2013 o deputado Celso Jacob (RJ), que est\u00e1 preso no Presidio da Papuda, no Distrito Federal, desde 6 de junho, condenado a sete anos e dois meses de reclus\u00e3o. Com autoriza\u00e7\u00e3o judicial, Jacob bate ponto no C\u00e2mara, haja ou n\u00e3o sess\u00e3o plen\u00e1ria ou atividades nas comiss\u00f5es.<\/p>\n<p>Mas o PMDB nem cogita a expuls\u00e3o do deputado, que se soma a outros 60 nomes no que \u00e9 a maior bancada da C\u00e2mara. Assim como Celso Jacob \u2013 condenado por falsifica\u00e7\u00e3o de documento p\u00fablico e dispensa indevida de licita\u00e7\u00e3o \u2013, outros peemedebistas foram flagrados em atividades il\u00edcitas at\u00e9 mais graves e sequer enfrentam processo disciplinar.<\/p>\n<p>A situa\u00e7\u00e3o \u00e9 ainda mais impactante diante da den\u00fancia do ex-procurador-geral da Rep\u00fablica Rodrigo Janot, apresentada em seus \u00faltimos dias como chefe do Minist\u00e9rio P\u00fablico Federal (MPF), contra o \u201cquadrilh\u00e3o do PMDB\u201d. O grupo, repleto de pr\u00f3ceres peemedebistas, re\u00fane figuras como o presidente nacional do partido, senador Romero Juc\u00e1 (RR), e at\u00e9 o presidente Michel Temer, apontado justamente como o l\u00edder da organiza\u00e7\u00e3o criminosa acusada de roubar centenas de milh\u00f5es de reais dos cofres p\u00fablicos.<\/p>\n<p>Exemplos n\u00e3o faltam no caso do PMDB, em que membros da c\u00fapula com mandato s\u00e3o alvos de investiga\u00e7\u00f5es como a Lava Jato. Mas os casos mais expressivos s\u00e3o o do ex-ministro Geddel Vieira Lima, preso e acusado de esconder malas de dinheiro com mais de R$ 51 milh\u00f5es em um apartamento em Salvador (BA); o do deputado cassado Eduardo Cunha (RJ),\u00a0<strong>preso<\/strong>\u00a0desde 19 de outubro do ano passado e condenado a 15 anos e quatro meses de pris\u00e3o, por imposi\u00e7\u00e3o da Lava Jato; e o de Rodrigo Rocha Loures (PR), deputado suplente que chegou a ser\u00a0<strong>preso<\/strong>, em 3 de junho, depois de flagrado pela Pol\u00edcia Federal carregando uma mala com R$ 500 mil em esp\u00e9cie.<\/p>\n<p>Agora em pris\u00e3o domiciliar, Loures foi denunciado pela Procuradoria-Geral da Rep\u00fablica (PGR) por corrup\u00e7\u00e3o passiva, juntamente com Temer, na esteira da dela\u00e7\u00e3o do Grupo JBS, segundo a qual o dinheiro era propina para que o governo defendesse seus interesses empresariais. Todos os investigados continuam filiados ao PMDB sem sinal de que ser\u00e3o expulsos.<\/p>\n<p><strong>Rebeldia punida<\/strong><\/p>\n<p>Mas, se corrup\u00e7\u00e3o n\u00e3o parece ser motivo para expuls\u00e3o no PMDB, rebeldia \u2013 ou \u201cindepend\u00eancia\u201d, para usar um termo usado pelos parlamentares \u2013 certamente \u00e9. O partido suspendeu recentemente os senadores Roberto Requi\u00e3o (PR) e K\u00e1tia Abreu (TO), al\u00e9m do deputado S\u00e9rgio Zveiter (RJ), autor do relat\u00f3rio que recomendava que a C\u00e2mara autorizasse a consecu\u00e7\u00e3o das investiga\u00e7\u00f5es contra Temer, por ocasi\u00e3o da primeira den\u00fancia contra o presidente.<\/p>\n<p>Zveiter foi punido pelo PMDB e em seguida saiu da legenda, migrando para o Podemos. K\u00e1tia e Requi\u00e3o foram afastados por 60 dias em um processo disciplinar que, caso a temperatura continue alta na legenda, pode resultar em desfilia\u00e7\u00e3o. Em 15 de setembro, a senadora deu sua resposta \u00e0 puni\u00e7\u00e3o que lhe foi aplicada \u2013 e\u00a0<strong>manteve o tom rebelde<\/strong>. \u201cNeste exato momento, a preocupa\u00e7\u00e3o do PMDB deveria ser provar que n\u00e3o \u00e9 uma organiza\u00e7\u00e3o criminosa, um quadrilh\u00e3o. Eu estou longe de ser um problema para o PMDB. Sigo minha vida\u201d, disse a senadora, por meio de sua assessoria, ap\u00f3s leitura de of\u00edcio comunicando seu afastamento em sess\u00e3o deliberativa do Senado.<\/p>\n<p>J\u00e1 Requi\u00e3o trocou farpas com Juc\u00e1, publicamente, por meio de v\u00eddeos postados nas redes sociais. O senador paranaense desdenhou da amea\u00e7a de expuls\u00e3o do PMDB pelo colega, que reagiu comparando-o a cachorro\u00a0<strong>\u201cvira-latas\u201d<\/strong>. Requi\u00e3o, ent\u00e3o, refor\u00e7ou sua oposi\u00e7\u00e3o a Temer e \u00e0s pol\u00edticas de seu governo, dizendo-se contra a pol\u00edtica \u201centreguista\u201d, as privatiza\u00e7\u00f5es e as reformas trabalhista e da Previd\u00eancia. \u201cPor isso cogitam a minha expuls\u00e3o? Vamos ver se ainda existe o velho PMDB de guerra ou se est\u00e1 o partido definitivamente acanalhado\u201d, provocou o parlamentar paranaense, para que a legenda chegou ao \u201cfundo do po\u00e7o\u201d.<\/p>\n<p>Vale men\u00e7\u00e3o o caso do senador Renan Calheiros (PMDB-AL), r\u00e9u em duas a\u00e7\u00f5es penais e alvo de 18 inqu\u00e9ritos no STF. Ex-l\u00edder do PMDB no Senado obrigado a deixar o posto depois que se voltou\u00a0<strong>contra Temer<\/strong>, Renan se mant\u00e9m no partido sem ser incomodado. Mais: est\u00e1 cheio de pretens\u00f5es em rela\u00e7\u00e3o a 2018. De carona na popularidade do ex-presidente Lula no Nordeste, o senador pretende se reeleger ao Senado batendo forte contra Temer, que est\u00e1 mergulhado em uma rejei\u00e7\u00e3o de cerca de 95% da popula\u00e7\u00e3o brasileira.<\/p>\n<p><strong>Ninho tucano<\/strong><\/p>\n<p>Com seu principal presidenci\u00e1vel abatido em pleno voo, o PSDB tamb\u00e9m hesita em punir seus filiados enrolados com a Justi\u00e7a. Presidente nacional do partido afastado depois de flagrado em intercepta\u00e7\u00e3o telef\u00f4nica, o senador A\u00e9cio Neves (MG) \u00e9 praticamente carta fora do baralho na corrida presidencial de 2018, uma vez que se enredou com inqu\u00e9ritos no STF de tal maneira que passou a ter uma das maiores rejei\u00e7\u00f5es em pesquisas de inten\u00e7\u00e3o de voto.<\/p>\n<p>Na mira de diversos inqu\u00e9ritos relativos \u00e0 Lava Jato, o tucano chegou a ser afastado do mandato e amea\u00e7ado de pris\u00e3o, mas foi beneficiado com uma liminar do ministro Marco Aur\u00e9lio Mello e retomou o direito a atuar no Congresso. Assim como Temer e Rocha Loures, A\u00e9cio foi gravado por Joesley Batista, delator da JBS preso depois de violar o acordo de colabora\u00e7\u00e3o judicial, pedindo-lhe R$ 2 milh\u00f5es e fazendo declara\u00e7\u00f5es altamente comprometedoras \u2013 com direito a xingamentos, ofensas a pol\u00edticos e at\u00e9 a admiss\u00e3o de que ajuizou pedido de cassa\u00e7\u00e3o da chapa Dilma-Temer s\u00f3 para \u201cencher o saco do PT\u201d.<\/p>\n<p>Mas o senador n\u00e3o s\u00f3 mant\u00e9m o poder no partido, mesmo enfraquecido, como influencia boa parte de seus correligion\u00e1rios no sentido de continuar apoiando Temer \u2013 o presidente interino, senador Tasso Jereissati (CE), \u00e9 da ala que defende o rompimento da alian\u00e7a com o governo e mina o comando do mineiro. Nesse cen\u00e1rio, a hip\u00f3tese de expuls\u00e3o de A\u00e9cio, ou mesmo uma puni\u00e7\u00e3o mais branda, \u00e9 algo fora de cogita\u00e7\u00e3o no ninho tucano.<\/p>\n<p>Tamb\u00e9m s\u00e3o preservados pelos pares tucanos como o ex-ministro e senador Jos\u00e9 Serra (SP), que deixou o comando do Minist\u00e9rio das Rela\u00e7\u00f5es Exteriores depois da den\u00fancia\u00a0de que recebeu, por meio de uma conta no exterior,\u00a0<strong>R$ 23 milh\u00f5es em caixa dois<\/strong>\u00a0para sua campanha presidencial em 2010. Serra exerce o mandato sem o menor sinal de que ser\u00e1 punido pelo PSDB.<\/p>\n<p><strong>\u201cQuadrilh\u00e3o do PP\u201d<\/strong><\/p>\n<p>Tamb\u00e9m n\u00e3o sofrem qualquer puni\u00e7\u00f5es por envolvimento em crimes os pol\u00edticos do Partido Progressista, a legenda com o maior n\u00famero de investigados no petrol\u00e3o. A legenda, que tamb\u00e9m teve representantes condenados no mensal\u00e3o, foi acusada por Janot de receber ao menos\u00a0<strong>R$ 358 milh\u00f5es<\/strong>\u00a0em propina do esquema de corrup\u00e7\u00e3o que saqueou a Petrobras. A den\u00fancia apresentada pela PGR contra o partido j\u00e1 est\u00e1\u00a0<strong>liberada para julgamento<\/strong>\u00a0no STF e, at\u00e9 agora, nenhum membro do PP foi punido com base no estatuto da legenda.<\/p>\n<p>Denunciado pela PGR por corrup\u00e7\u00e3o e 23 opera\u00e7\u00f5es de lavagem de dinheiro na Lava Jato, o presidente nacional do PP, Ciro Nogueira (PI), \u00e9 apontado como benefici\u00e1rio de\u00a0<strong>R$ 2 milh\u00f5es em propina<\/strong>.\u00a0O presidente do PP foi apontado pelo empreiteiro Ricardo Pessoa, da UTC Engenharia, e pelo ex-diretor da empresa Walmir Pinheiro como benefici\u00e1rio de cerca de R$ 2 milh\u00f5es em propina.<\/p>\n<p>Ciro foi atingido por revela\u00e7\u00f5es do empreiteiro Ricardo Pessoa, da UTC Engenharia, e do ex-diretor da empresa Walmir Pinheiro. Em dela\u00e7\u00e3o premiada, Pessoa contou que mandou entregar R$ 1,5 milh\u00e3o em esp\u00e9cie ao senador, em tr\u00eas parcelas, em 2014. Outros R$ 475 mil foram pagos, segundo ele, por meio de contratos fict\u00edcios com um escrit\u00f3rio de advocacia.\u00a0O delator contou ainda que repassaria mais R$ 256 mil ao parlamentar se n\u00e3o tivesse sido preso pela PF, em novembro de 2014. Pessoa explicou que pagou propina ao senador porque tinha interesse em projetos do Minist\u00e9rio das Cidades, administrado \u00e0 \u00e9poca pelo PP.<\/p>\n<p><strong>Desde o mensal\u00e3o<\/strong><\/p>\n<p>A impunidade no seio dos partidos \u00e9 um h\u00e1bito que resiste \u00e0s d\u00e9cadas. O esc\u00e2ndalo do mensal\u00e3o, por exemplo, que eclodiu em 2005, tamb\u00e9m terminou sem pol\u00edticos punidos por seus partidos. No caso do PT, como\u00a0<strong>este\u00a0<em>site<\/em>\u00a0mostrou<\/strong>\u00a0em 2012, a sigla decidiu n\u00e3o expulsar Jos\u00e9 Dirceu, Jos\u00e9 Genoino e Del\u00fabio Soares\u00a0\u2013 tr\u00eas dos principais petistas condenados por envolvimento no esquema de compra de apoio no Congresso \u2013, apesar de o estatuto do partido prever a expuls\u00e3o nesse caso.<\/p>\n<p>Presidente da sigla \u00e0 \u00e9poca, Rui Falc\u00e3o disse que n\u00e3o havia nenhum desvio administrativo por parte dos petistas condenados e que o \u201cEstatuto n\u00e3o se aplica a eles\u201d \u2013 declara\u00e7\u00e3o que contradiz a reda\u00e7\u00e3o do conjunto normativo segundo a qual cabe \u201ccondena\u00e7\u00e3o por crime infamante ou por pr\u00e1ticas administrativas il\u00edcitas, com senten\u00e7a transitada em julgado\u201d.<\/p>\n<p>De acordo com reportagem do jornal\u00a0<em>O Estado de S. Paulo<\/em>\u00a0publicada em fevereiro deste ano, a indisciplina dos filiados rende mais puni\u00e7\u00f5es que corrup\u00e7\u00e3o, como demonstra o caso do PMDB acima mencionado. A reportagem aponta que os c\u00f3digos de \u00e9tica de boa parte das legendas preveem puni\u00e7\u00f5es por indisciplina partid\u00e1ria e h\u00e1 poucas refer\u00eancias a atos de improbidade.<\/p>\n<p>\u201cUm exemplo \u00e9 o PR, em que as san\u00e7\u00f5es mais severas foram aplicadas a parlamentares que votaram contra a orienta\u00e7\u00e3o do partido. Foi assim com Sandro Mabel, em 2011, quando ele concorreu \u00e0 presid\u00eancia da C\u00e2mara enquanto a orienta\u00e7\u00e3o era apoiar o candidato do PT, Marco Maia (RS). Tamb\u00e9m foram punidos os deputados Clarissa Garotinho (RJ), Zenaide Maia (RN) e Silas Freire (PR) por votarem contra a PEC do Teto, no fim do ano passado. O partido havia orientado voto a favor. [&#8230;] Enquanto isso, caciques como o ex-deputado Valdemar Costa Neto e o ex-governador do Rio Antony Garotinho n\u00e3o receberam qualquer puni\u00e7\u00e3o do partido mesmo depois de terem sido presos\u201d, diz trecho da reportagem.<\/p>\n<p><strong>Cada um, cada qual<\/strong><\/p>\n<p>Procurados pela reportagem do\u00a0<strong>Congresso em Foco<\/strong>, os partidos recusam responder objetivamente. Cada uma \u00e0 sua maneira, as respostas parecem querer evitar mal-estar interno e s\u00e3o meticulosamente concebidas para preservar os caciques sob investiga\u00e7\u00e3o ou j\u00e1 condenados por corrup\u00e7\u00e3o e outros crimes.<\/p>\n<p>A assessoria do PSDB diz n\u00e3o haver uma posi\u00e7\u00e3o oficial sobre o assunto. Segundo a dire\u00e7\u00e3o tucana, a \u201ctroca de comando\u201d iminente no partido, que se re\u00fane em dezembro para eleger novo comando, desaconselha a emiss\u00e3o de opini\u00f5es sobre membros desviados.<\/p>\n<p>J\u00e1 a assessoria do PT afirmou que san\u00e7\u00f5es aos membros s\u00e3o discutidas caso a caso e, para isso, devem ser pautadas em reuni\u00f5es das executivas.<\/p>\n<p>At\u00e9 o fechamento desta mat\u00e9ria, PMDB e PP n\u00e3o responderam aos contatos da reportagem.<\/p>\n<p><strong>CARIRI EM A\u00c7\u00c3O<\/strong><\/p>\n<p><em>Com Congresso em Foco\/Foto: Google\u00a0\u00a0 <\/em><\/p>\n<p><strong>Leia mais not\u00edcias em\u00a0<\/strong><a href=\"http:\/\/www.caririemacao.com\/\"><strong>caririemacao.com<\/strong><\/a><strong>, siga nossa p\u00e1gina no\u00a0<\/strong><a href=\"https:\/\/www.facebook.com\/CaririEmAcao\/?ref=aymt_homepage_panel\"><strong>Facebook<\/strong><\/a>,<strong>\u00a0<\/strong><a href=\"https:\/\/www.instagram.com\/cariri_em_acao\/?hl=pt-br\"><strong>Instagram<\/strong><\/a><strong>\u00a0e <\/strong><a href=\"https:\/\/www.youtube.com\/channel\/UCAptA0jQuYQy8vMhLt2m4qg\"><strong>Youtube<\/strong><\/a><strong>\u00a0e veja nossas mat\u00e9rias, v\u00eddeos e fotos. Voc\u00ea tamb\u00e9m pode enviar informa\u00e7\u00f5es \u00e0 Reda\u00e7\u00e3o do Portal Cariri em A\u00e7\u00e3o pelo WhatsApp (83) 9 9634.5791, (83) 9 9601-1162.<\/strong><\/p>\n","protected":false},"excerpt":{"rendered":"<p>Em propaganda partid\u00e1ria veiculada em maio de 2015, o Partido dos Trabalhadores afirmou que expulsaria integrantes da legenda que fossem condenados na Justi\u00e7a. Desde ent\u00e3o,&hellip; <\/p>\n","protected":false},"author":2,"featured_media":17789,"comment_status":"closed","ping_status":"closed","sticky":false,"template":"","format":"standard","meta":{"sfsi_plus_gutenberg_text_before_share":"","sfsi_plus_gutenberg_show_text_before_share":"","sfsi_plus_gutenberg_icon_type":"","sfsi_plus_gutenberg_icon_alignemt":"","sfsi_plus_gutenburg_max_per_row":"","footnotes":""},"categories":[11],"tags":[],"class_list":["post-29287","post","type-post","status-publish","format-standard","has-post-thumbnail","hentry","category-politica"],"_links":{"self":[{"href":"https:\/\/www.caririemacao.com\/1\/wp-json\/wp\/v2\/posts\/29287","targetHints":{"allow":["GET"]}}],"collection":[{"href":"https:\/\/www.caririemacao.com\/1\/wp-json\/wp\/v2\/posts"}],"about":[{"href":"https:\/\/www.caririemacao.com\/1\/wp-json\/wp\/v2\/types\/post"}],"author":[{"embeddable":true,"href":"https:\/\/www.caririemacao.com\/1\/wp-json\/wp\/v2\/users\/2"}],"replies":[{"embeddable":true,"href":"https:\/\/www.caririemacao.com\/1\/wp-json\/wp\/v2\/comments?post=29287"}],"version-history":[{"count":0,"href":"https:\/\/www.caririemacao.com\/1\/wp-json\/wp\/v2\/posts\/29287\/revisions"}],"wp:featuredmedia":[{"embeddable":true,"href":"https:\/\/www.caririemacao.com\/1\/wp-json\/wp\/v2\/media\/17789"}],"wp:attachment":[{"href":"https:\/\/www.caririemacao.com\/1\/wp-json\/wp\/v2\/media?parent=29287"}],"wp:term":[{"taxonomy":"category","embeddable":true,"href":"https:\/\/www.caririemacao.com\/1\/wp-json\/wp\/v2\/categories?post=29287"},{"taxonomy":"post_tag","embeddable":true,"href":"https:\/\/www.caririemacao.com\/1\/wp-json\/wp\/v2\/tags?post=29287"}],"curies":[{"name":"wp","href":"https:\/\/api.w.org\/{rel}","templated":true}]}}