{"id":29291,"date":"2017-09-24T13:11:40","date_gmt":"2017-09-24T16:11:40","guid":{"rendered":"http:\/\/caririemacao.com\/1\/?p=29291"},"modified":"2017-09-24T13:18:07","modified_gmt":"2017-09-24T16:18:07","slug":"dr-romualdo-cumpre-agenda-neste-final-de-semana","status":"publish","type":"post","link":"https:\/\/www.caririemacao.com\/1\/2017\/09\/24\/dr-romualdo-cumpre-agenda-neste-final-de-semana\/","title":{"rendered":"Dr. Romualdo cumpre agenda neste final de semana"},"content":{"rendered":"<p>O pr\u00e9-candidato a deputado estadual e ex-prefeito do Congo, Dr. Romualdo Quirino (PSB), esteve cumprindo uma extensa programa\u00e7\u00e3o durante este s\u00e1bado, dia 23 de setembro.<\/p>\n<p><a href=\"http:\/\/caririemacao.com\/1\/wp-content\/uploads\/2017\/09\/fetivalpage-20170924-130854.jpg\"><img fetchpriority=\"high\" decoding=\"async\" class=\"aligncenter wp-image-29301 size-full\" src=\"http:\/\/caririemacao.com\/1\/wp-content\/uploads\/2017\/09\/fetivalpage-20170924-130854.jpg\" alt=\"\" width=\"600\" height=\"402\" srcset=\"https:\/\/www.caririemacao.com\/1\/wp-content\/uploads\/2017\/09\/fetivalpage-20170924-130854.jpg 600w, https:\/\/www.caririemacao.com\/1\/wp-content\/uploads\/2017\/09\/fetivalpage-20170924-130854-300x201.jpg 300w\" sizes=\"(max-width: 600px) 100vw, 600px\" \/><\/a><\/p>\n<p>Durante o dia, Dr. Romualdo participou na capital Jo\u00e3o Pessoa do Congresso Estadual do PSB e da elei\u00e7\u00e3o da nova diretoria da sigla partid\u00e1ria de qual faz parte. Em Jo\u00e3o Pessoa, Dr. Romualdo estava acompanhado de amigos e vereadores da cidade do Congo, al\u00e9m da presidente do PSB municipal, Fl\u00e1via Quirino.<\/p>\n<p><a href=\"http:\/\/caririemacao.com\/1\/wp-content\/uploads\/2017\/09\/DSC_0105.jpg\"><img decoding=\"async\" class=\"aligncenter wp-image-29302 size-full lazyload\" data-src=\"http:\/\/caririemacao.com\/1\/wp-content\/uploads\/2017\/09\/DSC_0105.jpg\" alt=\"\" width=\"800\" height=\"532\" data-srcset=\"https:\/\/www.caririemacao.com\/1\/wp-content\/uploads\/2017\/09\/DSC_0105.jpg 800w, https:\/\/www.caririemacao.com\/1\/wp-content\/uploads\/2017\/09\/DSC_0105-300x200.jpg 300w, https:\/\/www.caririemacao.com\/1\/wp-content\/uploads\/2017\/09\/DSC_0105-768x511.jpg 768w\" data-sizes=\"(max-width: 800px) 100vw, 800px\" src=\"data:image\/svg+xml;base64,PHN2ZyB3aWR0aD0iMSIgaGVpZ2h0PSIxIiB4bWxucz0iaHR0cDovL3d3dy53My5vcmcvMjAwMC9zdmciPjwvc3ZnPg==\" style=\"--smush-placeholder-width: 800px; --smush-placeholder-aspect-ratio: 800\/532;\" \/><\/a><\/p>\n<p>J\u00e1 a noite, ele esteve prestigiando o segundo do Festival do Mel que acontece desde a \u00faltima sexta-feira, dia 22, na cidade de S\u00e3o Jos\u00e9 dos Cordeiros.<\/p>\n<p><a href=\"http:\/\/caririemacao.com\/1\/wp-content\/uploads\/2017\/09\/DSC_0108.jpg\"><img decoding=\"async\" class=\"aligncenter wp-image-29303 size-full lazyload\" data-src=\"http:\/\/caririemacao.com\/1\/wp-content\/uploads\/2017\/09\/DSC_0108.jpg\" alt=\"\" width=\"800\" height=\"532\" data-srcset=\"https:\/\/www.caririemacao.com\/1\/wp-content\/uploads\/2017\/09\/DSC_0108.jpg 800w, https:\/\/www.caririemacao.com\/1\/wp-content\/uploads\/2017\/09\/DSC_0108-300x200.jpg 300w, https:\/\/www.caririemacao.com\/1\/wp-content\/uploads\/2017\/09\/DSC_0108-768x511.jpg 768w\" data-sizes=\"(max-width: 800px) 100vw, 800px\" src=\"data:image\/svg+xml;base64,PHN2ZyB3aWR0aD0iMSIgaGVpZ2h0PSIxIiB4bWxucz0iaHR0cDovL3d3dy53My5vcmcvMjAwMC9zdmciPjwvc3ZnPg==\" style=\"--smush-placeholder-width: 800px; --smush-placeholder-aspect-ratio: 800\/532;\" \/><\/a><\/p>\n<p>Em S\u00e3o Jos\u00e9 dos Cordeiros, Dr. Romualdo foi recebido pelo ex-prefeito Fernando Queiroz e amigos. \u201cVenho prestigiar este grande evento que se consolidou com um dos maiores do Nordeste neste segmento. Temos que dar apoio e incentivar sempre porque S\u00e3o Jos\u00e9 dos Cordeiros dar exemplo e eleva o nome do Cariri e divulga nossa regi\u00e3o em todo pa\u00eds. Parab\u00e9ns ao ex-prefeito e ao prefeito Jefferson pela continuidade deste projeto\u201d, destacou.<\/p>\n<p style=\"text-align: center;\">\u00a0<iframe style=\"border: none; overflow: hidden;\" data-src=\"https:\/\/www.facebook.com\/plugins\/video.php?href=https%3A%2F%2Fwww.facebook.com%2FCaririEmAcao%2Fvideos%2F1101068600029162%2F&amp;show_text=0&amp;width=560\" width=\"560\" height=\"315\" frameborder=\"0\" scrolling=\"no\" allowfullscreen=\"allowfullscreen\" src=\"data:image\/svg+xml;base64,PHN2ZyB3aWR0aD0iMSIgaGVpZ2h0PSIxIiB4bWxucz0iaHR0cDovL3d3dy53My5vcmcvMjAwMC9zdmciPjwvc3ZnPg==\" class=\"lazyload\" data-load-mode=\"1\"><\/iframe><\/p>\n<p><strong>CARIRI EM A\u00c7\u00c3O<\/strong><\/p>\n<p>Leia mais not\u00edcias em\u00a0<a style=\"font-style: inherit; font-weight: inherit;\" href=\"http:\/\/www.caririemacao.com\/\">caririemacao.com<\/a>, siga nossa p\u00e1gina no\u00a0<a style=\"font-style: inherit; font-weight: inherit;\" href=\"https:\/\/www.facebook.com\/CaririEmAcao\/?ref=aymt_homepage_panel\">Facebook<\/a>,\u00a0<a style=\"font-style: inherit; font-weight: inherit;\" href=\"https:\/\/www.instagram.com\/cariri_em_acao\/?hl=pt-br\">Instagram<\/a>\u00a0e\u00a0<a style=\"font-style: inherit; font-weight: inherit;\" href=\"https:\/\/www.youtube.com\/channel\/UCAptA0jQuYQy8vMhLt2m4qg\">Youtube<\/a>\u00a0e veja nossas mat\u00e9rias, v\u00eddeos e fotos. Voc\u00ea tamb\u00e9m pode enviar informa\u00e7\u00f5es \u00e0 Reda\u00e7\u00e3o do Portal Cariri em A\u00e7\u00e3o pelo WhatsApp (83) 9 9634.5791, (83) 9 9601-1162.<\/p>\n","protected":false},"excerpt":{"rendered":"<p>O pr\u00e9-candidato a deputado estadual e ex-prefeito do Congo, Dr. Romualdo Quirino (PSB), esteve cumprindo uma extensa programa\u00e7\u00e3o durante este s\u00e1bado, dia 23 de setembro.&hellip; <\/p>\n","protected":false},"author":2,"featured_media":29297,"comment_status":"closed","ping_status":"closed","sticky":false,"template":"","format":"standard","meta":{"sfsi_plus_gutenberg_text_before_share":"","sfsi_plus_gutenberg_show_text_before_share":"","sfsi_plus_gutenberg_icon_type":"","sfsi_plus_gutenberg_icon_alignemt":"","sfsi_plus_gutenburg_max_per_row":"","footnotes":""},"categories":[11],"tags":[],"class_list":["post-29291","post","type-post","status-publish","format-standard","has-post-thumbnail","hentry","category-politica"],"_links":{"self":[{"href":"https:\/\/www.caririemacao.com\/1\/wp-json\/wp\/v2\/posts\/29291","targetHints":{"allow":["GET"]}}],"collection":[{"href":"https:\/\/www.caririemacao.com\/1\/wp-json\/wp\/v2\/posts"}],"about":[{"href":"https:\/\/www.caririemacao.com\/1\/wp-json\/wp\/v2\/types\/post"}],"author":[{"embeddable":true,"href":"https:\/\/www.caririemacao.com\/1\/wp-json\/wp\/v2\/users\/2"}],"replies":[{"embeddable":true,"href":"https:\/\/www.caririemacao.com\/1\/wp-json\/wp\/v2\/comments?post=29291"}],"version-history":[{"count":0,"href":"https:\/\/www.caririemacao.com\/1\/wp-json\/wp\/v2\/posts\/29291\/revisions"}],"wp:featuredmedia":[{"embeddable":true,"href":"https:\/\/www.caririemacao.com\/1\/wp-json\/wp\/v2\/media\/29297"}],"wp:attachment":[{"href":"https:\/\/www.caririemacao.com\/1\/wp-json\/wp\/v2\/media?parent=29291"}],"wp:term":[{"taxonomy":"category","embeddable":true,"href":"https:\/\/www.caririemacao.com\/1\/wp-json\/wp\/v2\/categories?post=29291"},{"taxonomy":"post_tag","embeddable":true,"href":"https:\/\/www.caririemacao.com\/1\/wp-json\/wp\/v2\/tags?post=29291"}],"curies":[{"name":"wp","href":"https:\/\/api.w.org\/{rel}","templated":true}]}}